{"id":154475,"date":"2025-12-18T19:12:15","date_gmt":"2025-12-18T19:12:15","guid":{"rendered":"https:\/\/kamucalisani.net\/?p=154475"},"modified":"2025-12-18T19:12:15","modified_gmt":"2025-12-18T19:12:15","slug":"sislide-2-kisinin-olumune-neden-olan-surucunun-ifadesi-ortaya-cikti-bayilma-hastaligim-var","status":"publish","type":"post","link":"https:\/\/kamucalisani.net\/index.php\/2025\/12\/18\/sislide-2-kisinin-olumune-neden-olan-surucunun-ifadesi-ortaya-cikti-bayilma-hastaligim-var\/","title":{"rendered":"\u015ei\u015fli&#8217;de 2 ki\u015finin \u00f6l\u00fcm\u00fcne neden olan s\u00fcr\u00fcc\u00fcn\u00fcn ifadesi ortaya \u00e7\u0131kt\u0131: Bay\u0131lma hastal\u0131\u011f\u0131m var"},"content":{"rendered":"<p><p>Kaza, d\u00fcn saat 15.45 s\u0131ralar\u0131nda Halide Edip Ad\u0131var Mahallesi Dar\u00fclaceze Caddesi&#8217;nde meydana geldi. \u0130ddiaya g\u00f6re, E.Y. idaresindeki 34 TT 2213 plakal\u0131 otomobil, s\u00fcr\u00fcc\u00fcs\u00fcn\u00fcn direksiyon hakimiyetini kaybetmesi sonucu ters y\u00f6ne girdi. Ters y\u00f6nde ilerleyen otomobil \u00f6nce seyir halindeki motokurye \u0130.K.\u2019ye (30), ard\u0131ndan kald\u0131r\u0131mda y\u00fcr\u00fcyen yayalara \u00e7arpt\u0131. \u00c7evredekilerin ihbar\u0131 \u00fczerine olay yerine itfaiye, acil sa\u011fl\u0131k ve polis ekipleri sevk edildi. Sa\u011fl\u0131k ekiplerinin ilk kontrollerinde kazada yaraland\u0131\u011f\u0131 belirlenen 8 ki\u015fi ambulansla hastaneye kald\u0131r\u0131ld\u0131. Kaza nedeniyle yol tamamen trafi\u011fe kapand\u0131. Kazaya kar\u0131\u015fan ara\u00e7lar\u0131n \u00e7ekici yard\u0131m\u0131yla kald\u0131r\u0131lmas\u0131n\u0131n ard\u0131ndan trafik ak\u0131\u015f\u0131 normale d\u00f6nd\u00fc.<\/p>\n<p><strong>2 K\u0130\u015e\u0130 HAYATINI KAYBETT\u0130<\/strong><\/p>\n<p>Hastanede tedavi alt\u0131na al\u0131nan Necmiye Kurtulu\u015f \u00c7elik ile Hakan D\u00fcndar yap\u0131lan t\u00fcm m\u00fcdahalelere ra\u011fmen kurtar\u0131lamad\u0131. Di\u011fer yandan kazada yaralanan E.Y.,A.P.(30), U.B.(39), E.B.(62), Z.D.(76) ile H.H.A.&#8217;n\u0131n (24) tedavisi s\u00fcr\u00fcyor. A.P.\u2019nin de kazada a\u011f\u0131r yaraland\u0131\u011f\u0131 ve hayati tehlikesinin s\u00fcrd\u00fc\u011f\u00fc \u00f6\u011frenildi. Motosikletli kurye \u0130.K. ise kazadan yara almadan kurtuldu.<\/p>\n<p><strong>KAYIP K\u00d6PEK BULUNDU<\/strong><\/p>\n<p>Hayat\u0131n\u0131 kaybedenlerden Hakan D\u00fcndar&#8217;\u0131n Bozkurt Mahallesi\u2019nde kad\u0131n kuaf\u00f6rl\u00fc\u011f\u00fc yapt\u0131\u011f\u0131, \u00f6len d\u011fer ki\u015finin ise, Necmiye Kurtulu\u015f \u00c7elik oldu\u011fu \u00f6\u011frenildi. D\u00fcndar\u2019\u0131n kaza s\u0131ras\u0131nda k\u00f6pe\u011fini gezdirmek i\u00e7in kald\u0131r\u0131mda y\u00fcr\u00fcd\u00fc\u011f\u00fc ortaya \u00e7\u0131kt\u0131. Kazadan sonra kaybolan &#8216;Pablo&#8217; isimli k\u00f6pe\u011fin ise bir kad\u0131n taraf\u0131ndan bulunarak veteriner klini\u011fine b\u0131rak\u0131ld\u0131\u011f\u0131 ve D\u00fcndar\u2019\u0131n bir arkada\u015f\u0131na teslim edildi\u011fi bilgisine ula\u015f\u0131ld\u0131. Kazada hayat\u0131n\u0131 kaybeden \u00c7elik ve D\u00fcndar\u2019\u0131n evli ve 1\u2019er \u00e7ocuk sahibi olduklar\u0131 da \u00f6\u011frenildi.<\/p>\n<section>\n<div>\n<div>\n<div>\n<div>\n<div><img decoding=\"async\" src=\"https:\/\/kamucalisani.net\/wp-content\/uploads\/2025\/12\/sislide-2-kisinin-olumune-neden-olan-surucunun-ifadesi-ortaya-cikti-bayilma-hastaligim-var-0-Szgvf4pO.jpg\"\/><\/img><\/div>\n<div><span><span><b>1\/<\/b><em>9<\/em><\/span><\/span><\/div>\n<\/div>\n<div>\n<div><img decoding=\"async\" src=\"https:\/\/kamucalisani.net\/wp-content\/uploads\/2025\/12\/sislide-2-kisinin-olumune-neden-olan-surucunun-ifadesi-ortaya-cikti-bayilma-hastaligim-var-1-ihrpv8r3.jpg\"\/><\/img><\/div>\n<div><span><span><b>2\/<\/b><em>9<\/em><\/span><\/span><\/div>\n<\/div>\n<div>\n<div><img decoding=\"async\" src=\"https:\/\/kamucalisani.net\/wp-content\/uploads\/2025\/12\/sislide-2-kisinin-olumune-neden-olan-surucunun-ifadesi-ortaya-cikti-bayilma-hastaligim-var-2-ViJOWq2c.jpg\"\/><\/img><\/div>\n<div><span><span><b>3\/<\/b><em>9<\/em><\/span><\/span><\/div>\n<\/div>\n<div>\n<div><img decoding=\"async\" src=\"https:\/\/kamucalisani.net\/wp-content\/uploads\/2025\/12\/sislide-2-kisinin-olumune-neden-olan-surucunun-ifadesi-ortaya-cikti-bayilma-hastaligim-var-3-RZ5ji65m.jpg\"\/><\/img><\/div>\n<div><span><span><b>4\/<\/b><em>9<\/em><\/span><\/span><\/div>\n<\/div>\n<div>\n<div><img decoding=\"async\" src=\"https:\/\/kamucalisani.net\/wp-content\/uploads\/2025\/12\/sislide-2-kisinin-olumune-neden-olan-surucunun-ifadesi-ortaya-cikti-bayilma-hastaligim-var-4-RcRKeUkX.jpg\"\/><\/img><\/div>\n<div><span><span><b>5\/<\/b><em>9<\/em><\/span><\/span><\/div>\n<\/div>\n<div>\n<div><img decoding=\"async\" src=\"https:\/\/kamucalisani.net\/wp-content\/uploads\/2025\/12\/sislide-2-kisinin-olumune-neden-olan-surucunun-ifadesi-ortaya-cikti-bayilma-hastaligim-var-5-TXwHNscg.jpg\"\/><\/img><\/div>\n<div><span><span><b>6\/<\/b><em>9<\/em><\/span><\/span><\/div>\n<\/div>\n<div>\n<div><img decoding=\"async\" src=\"https:\/\/kamucalisani.net\/wp-content\/uploads\/2025\/12\/sislide-2-kisinin-olumune-neden-olan-surucunun-ifadesi-ortaya-cikti-bayilma-hastaligim-var-6-nCC45v7M.jpg\"\/><\/img><\/div>\n<div><span><span><b>7\/<\/b><em>9<\/em><\/span><\/span><\/div>\n<\/div>\n<div>\n<div><img decoding=\"async\" src=\"https:\/\/kamucalisani.net\/wp-content\/uploads\/2025\/12\/sislide-2-kisinin-olumune-neden-olan-surucunun-ifadesi-ortaya-cikti-bayilma-hastaligim-var-7-65luqIbi.jpg\"\/><\/img><\/div>\n<div><span><span><b>8\/<\/b><em>9<\/em><\/span><\/span><\/div>\n<\/div>\n<div>\n<div><img decoding=\"async\" src=\"https:\/\/kamucalisani.net\/wp-content\/uploads\/2025\/12\/sislide-2-kisinin-olumune-neden-olan-surucunun-ifadesi-ortaya-cikti-bayilma-hastaligim-var-8-LAxNWI3N.jpg\"\/><\/img><\/div>\n<div><span><span><b>9\/<\/b><em>9<\/em><\/span><\/span><\/div>\n<\/div>\n<\/div>\n<\/div>\n<\/div>\n<\/section>\n<p><strong>BAYILMA RAHATSIZLI\u011eIM VAR<\/strong><\/p>\n<p>Di\u011fer yandan \u015ei\u015fli\u2019deki \u00f6zel hastanede tedavisi tamamlanan otomobil s\u00fcr\u00fcc\u00fcs\u00fc Ekrem Y., \u015ei\u015fli Asayi\u015f B\u00fcro Amirli\u011fi ekipleri taraf\u0131ndan g\u00f6zalt\u0131na al\u0131nd\u0131. Emniyette ifadesi al\u0131narak hakk\u0131nda adli i\u015flem ba\u015flat\u0131lan Ekrem Y. adliyeye sevk edildi. Ekrem Y.\u2019nin ilk ifadesinde senkop (bay\u0131lma) rahats\u0131zl\u0131\u011f\u0131 oldu\u011funu, olay s\u0131ras\u0131nda bay\u0131ld\u0131\u011f\u0131n\u0131, hi\u00e7 bir\u015fey hat\u0131rlamad\u0131\u011f\u0131n\u0131 ve kendine geldi\u011finde kazan\u0131n oldu\u011funu fark etti\u011fini s\u00f6yledi\u011fi \u00f6\u011frenildi.<\/p>\n<p><strong>&#8216;HIZLA \u00c7ARPTI&#8217;<\/strong><\/p>\n<p>Kaza an\u0131nda olay yerinde bulunan Nermin Fedakar, &#8220;Biz durakta bekliyorduk, ilk \u00f6nce gri bir arabayd\u0131 san\u0131rsam, inan\u0131lmaz, korkun\u00e7 bir h\u0131zla \u00e7arpt\u0131. San\u0131r\u0131m motorluya k\u0131zd\u0131. Motorlunun yan taraf\u0131n\u0131 bi\u00e7ti, ondan sonra ref\u00fcje \u00e7arp\u0131p havaya ta\u015flar\u0131 u\u00e7urdu. Korkun\u00e7 bir patlama oldu. \u0130nsanlar havadayd\u0131, 6 ki\u015fi kesin vard\u0131. \u00c7ok say\u0131da yaral\u0131 vard\u0131. Motosikletliye k\u0131zd\u0131, motorlunun arkas\u0131ndan yan\u0131ndan geldi aynas\u0131na vurdu. Motorlu ne oldu\u011funu \u015fa\u015f\u0131rd\u0131 zaten. Ondan sonra ref\u00fcje girdi, \u015foke olduk&#8221; \u015feklinde konu\u015ftu.<\/p>\n<p><strong>&#8216;MOTORCU SOLDA OLSA ONU DA EZECEKT\u0130&#8217;<\/strong><\/p>\n<p>Salih Ta\u015f ise, &#8220;Gaza m\u0131 bast\u0131 anlayamad\u0131k, orada bir motorluya \u00e7arpt\u0131 zaten. Motorcu biraz daha solda olsa b\u00fcy\u00fck ihtimalle onu da ezecekti. Ondan sonra ters y\u00f6nden geldi, ta\u015flar\u0131 u\u00e7urdu. Burada 3 teyze vard\u0131, bir gen\u00e7 kad\u0131n vard\u0131, bilmiyorum onun durumu \u00e7ok kritikti. 1 ki\u015fi a\u011fa\u00e7lar\u0131n aras\u0131na u\u00e7mu\u015ftu, onun da bilinci kapal\u0131yd\u0131. Kafas\u0131n\u0131 ta\u015fan vuran biri vard\u0131; onun da bilinci yerinde de\u011fildi. 7 ki\u015fi vard\u0131 rahat&#8221; ifadelerini kulland\u0131.<\/p>\n<p><strong>S\u00dcR\u00dcC\u00dc TUTUKLANDI<\/strong><\/p>\n<p>Emniyetteki i\u015flemlerinin ard\u0131ndan adliyeye sevk edilen otomobil s\u00fcr\u00fcc\u00fcs\u00fc Ekrem Y., \u00e7\u0131kar\u0131ld\u0131\u011f\u0131 mahkemece \u2018Taksirle birden fazla ki\u015finin \u00f6l\u00fcm\u00fcne neden olma\u2019 ve \u2018taksirle birden fazla ki\u015finin yaralanmas\u0131na neden olma\u2019 su\u00e7lar\u0131ndan tutuklanarak cezaevine g\u00f6nderildi.<\/p>\n<p>\u00a0<\/p>\n\n<p><\/p>\n<p>Kaynak :\u00a0<span style=\"background-color: rgb(255, 249, 236); color: rgb(55, 58, 60); font-size: 14px;\">http:\/\/www.milliyet.com.tr\/gundem\/sislide-2-kisinin-olumune-neden-olan-surucunun-ifadesi-ortaya-cikti-bayilma-hastaligim-var-7504898<\/span><\/p>\n","protected":false},"excerpt":{"rendered":"<p>\u015ei\u015fli&#8217;de meydana gelen feci kazada, 64 ya\u015f\u0131ndaki s\u00fcr\u00fcc\u00fc Ekrem Y. direksiyon hakimiyetini kaybederek \u00f6nce bir motokuryeye, ard\u0131ndan da yayalara \u00e7arpt\u0131. Olayda iki ki\u015fi hayat\u0131n\u0131 kaybetti. Hastaneden taburcu olmas\u0131n\u0131n ard\u0131ndan g\u00f6zalt\u0131na al\u0131nan s\u00fcr\u00fcc\u00fc Ekrem Y. ise sevk edildi\u011fi adliyede, \u00e7\u0131kar\u0131ld\u0131\u011f\u0131 mahkemece tutukland\u0131. Ekrem Y.\u2019nin ilk ifadesinde senkop (bay\u0131lma) rahats\u0131zl\u0131\u011f\u0131 oldu\u011funu s\u00f6yledi.<\/p>\n","protected":false},"author":1,"featured_media":154476,"comment_status":"open","ping_status":"open","sticky":false,"template":"","format":"standard","meta":{"footnotes":""},"categories":[3],"tags":[191,2932,10274,6748],"class_list":["post-154475","post","type-post","status-publish","format-standard","has-post-thumbnail","hentry","category-guncel","tag-kaza","tag-kazada","tag-motorlu","tag-yara"],"_links":{"self":[{"href":"https:\/\/kamucalisani.net\/index.php\/wp-json\/wp\/v2\/posts\/154475","targetHints":{"allow":["GET"]}}],"collection":[{"href":"https:\/\/kamucalisani.net\/index.php\/wp-json\/wp\/v2\/posts"}],"about":[{"href":"https:\/\/kamucalisani.net\/index.php\/wp-json\/wp\/v2\/types\/post"}],"author":[{"embeddable":true,"href":"https:\/\/kamucalisani.net\/index.php\/wp-json\/wp\/v2\/users\/1"}],"replies":[{"embeddable":true,"href":"https:\/\/kamucalisani.net\/index.php\/wp-json\/wp\/v2\/comments?post=154475"}],"version-history":[{"count":1,"href":"https:\/\/kamucalisani.net\/index.php\/wp-json\/wp\/v2\/posts\/154475\/revisions"}],"predecessor-version":[{"id":154486,"href":"https:\/\/kamucalisani.net\/index.php\/wp-json\/wp\/v2\/posts\/154475\/revisions\/154486"}],"wp:featuredmedia":[{"embeddable":true,"href":"https:\/\/kamucalisani.net\/index.php\/wp-json\/wp\/v2\/media\/154476"}],"wp:attachment":[{"href":"https:\/\/kamucalisani.net\/index.php\/wp-json\/wp\/v2\/media?parent=154475"}],"wp:term":[{"taxonomy":"category","embeddable":true,"href":"https:\/\/kamucalisani.net\/index.php\/wp-json\/wp\/v2\/categories?post=154475"},{"taxonomy":"post_tag","embeddable":true,"href":"https:\/\/kamucalisani.net\/index.php\/wp-json\/wp\/v2\/tags?post=154475"}],"curies":[{"name":"wp","href":"https:\/\/api.w.org\/{rel}","templated":true}]}}