{"id":154559,"date":"2025-12-19T21:54:25","date_gmt":"2025-12-19T21:54:25","guid":{"rendered":"https:\/\/kamucalisani.net\/?p=154559"},"modified":"2025-12-19T21:54:25","modified_gmt":"2025-12-19T21:54:25","slug":"bilal-erdogan-kutahyada-sivil-toplum-kuruluslarinin-rolu-panelinde-konustu","status":"publish","type":"post","link":"https:\/\/kamucalisani.net\/index.php\/2025\/12\/19\/bilal-erdogan-kutahyada-sivil-toplum-kuruluslarinin-rolu-panelinde-konustu\/","title":{"rendered":"Bilal Erdo\u011fan, K\u00fctahya&#8217;da &#8220;Sivil Toplum Kurulu\u015flar\u0131n\u0131n Rol\u00fc Paneli&#8221;nde konu\u015ftu"},"content":{"rendered":"<p><p>Bilal Erdo\u011fan, K\u00fctahya&#8217;da Kadim Kona\u011f\u0131&#8217;nda, K\u00fcresel Ara\u015ft\u0131rma D\u00fc\u015f\u00fcnce Merkezi (GRTC) Genel Kurulu kapsam\u0131nda, GRTC Ba\u015fkan\u0131 Mustafa \u00d6nsay moderat\u00f6rl\u00fc\u011f\u00fcnde d\u00fczenlenen &#8220;Sivil Toplum Kurulu\u015flar\u0131n\u0131n Rol\u00fc&#8221; ba\u015fl\u0131kl\u0131 panelde, T\u00fcrkiye&#8217;nin ekonomik ve sosyal geli\u015fimini anlatt\u0131.<\/p>\n<p>T\u00fcrkiye&#8217;nin 25 y\u0131l \u00f6nce 200 milyar dolar milli geliri oldu\u011funu hat\u0131rlatan Erdo\u011fan, bu sene sonu itibariyle bu rakam\u0131n 1,6 trilyon dolara \u00e7\u0131kt\u0131\u011f\u0131n\u0131, ekonominin 25 y\u0131lda 8 kat b\u00fcy\u00fcd\u00fc\u011f\u00fcn\u00fc dile getirdi.<\/p>\n<p>Ki\u015fi ba\u015f\u0131na d\u00fc\u015fen milli gelire de\u011finen Erdo\u011fan, &#8220;Ki\u015fi ba\u015f\u0131na 3 bin dolar milli gelirden, sene sonu itibar\u0131yla 18 bin dolara dayanm\u0131\u015f bir ki\u015fi ba\u015f\u0131na milli gelir. Bu demektir ki toplumun 30 sene \u00f6nceki beklentileri, s\u0131k\u0131nt\u0131lar\u0131, dertleri farkl\u0131, bug\u00fcnk\u00fcler farkl\u0131. Kendi anne babalar\u0131n\u0131z\u0131n ya\u015fad\u0131klar\u0131yla, \u015fimdi \u00e7ocuklar\u0131n\u0131z\u0131n ya\u015fad\u0131klar\u0131n\u0131 k\u0131yaslad\u0131\u011f\u0131n\u0131zda \u00e7ok net olarak g\u00f6r\u00fcrs\u00fcn\u00fcz.&#8221; diye konu\u015ftu.<\/p>\n<p>Ekonomik olarak geli\u015fen T\u00fcrkiye&#8217;de sivil toplumun geli\u015fmesinin ka\u00e7\u0131n\u0131lmaz oldu\u011funu vurgulayan Erdo\u011fan, \u015funlar\u0131 kaydetti:<\/p>\n<p>&#8220;Sivil toplumda taleplerin \u00e7o\u011falmas\u0131, g\u00f6n\u00fcll\u00fc olmak isteyenlerin say\u0131s\u0131n\u0131n artmas\u0131, beklenir. Sosyal ve siyasi a\u00e7\u0131dan da tabii ki ekonomik geli\u015fmi\u015fli\u011fimizin 2 kat\u0131 daha geride oldu\u011fu 25 sene \u00f6nce, siyasetten herkesin beklentileri, \u00fclkeyi y\u00f6netenlerden&#8230; &#8216;Devlet Baba&#8217;, Demirel&#8217;e herkes niye &#8216;baba&#8217; diyordu? Her \u015fey ondan bekleniyordu. Nas\u0131l bir evin i\u00e7inde \u00e7oluk \u00e7ocuk her \u015feyi babadan beklerse herkes, devletten her \u015feyi bekliyordu. Cumhurba\u015fkan\u0131m\u0131z\u0131n liderli\u011finde hamdolsun bir devletten beklenecek hizmetler noktas\u0131nda \u00e7ok merhale katettik. Bug\u00fcn memleketin ula\u015f\u0131m, e\u011fitim, sa\u011fl\u0131k altyap\u0131s\u0131, art\u0131k, Bat\u0131 \u00fclkeleriyle bir\u00e7ok alanda yar\u0131\u015f\u0131r. Baz\u0131lar\u0131nda biraz geride, baz\u0131lar\u0131nda biraz daha ileride noktas\u0131na gelmi\u015f durumda. Cumhurba\u015fkan\u0131m\u0131z, siyasetin tesirini, m\u00fcessir oldu\u011funu ve bir \u015feyleri yapabildi\u011fini de topluma g\u00f6sterdi, kan\u0131tlad\u0131 ve \u00f6nderlik etti bir\u00e7ok alanda ezberleri bozan \u00e7\u0131k\u0131\u015flar yapt\u0131, toplumun \u00f6n\u00fcnde gidip toplumun da paradigmalar\u0131n\u0131, toplumun da al\u0131\u015fkanl\u0131klar\u0131n\u0131 etkiledi.<\/p>\n<p>T\u00fcrkiye&#8217;de bir \u0130slamc\u0131 kesimden bahsedersek &#8216;Tayyip Erdo\u011fan, \u0130slamc\u0131 kesimi nerelerden nerelere getirdi&#8217; diyebiliriz. Merkez sa\u011fdan bahsedecek olursak &#8216;Tayyip Erdo\u011fan, merkez sa\u011f\u0131, Tayyip Erdo\u011fan, T\u00fcrkiye&#8217;de solu bile d\u00f6n\u00fc\u015ft\u00fcrd\u00fc&#8217; diyebiliriz, ba\u015fka a\u00e7\u0131lardan bakt\u0131\u011f\u0131m\u0131zda. Bu geli\u015fmi\u015flikle beraber d\u00fc\u015f\u00fcnd\u00fc\u011f\u00fcm\u00fczde, hele hele Allah hay\u0131rl\u0131 uzun \u00f6m\u00fcr versin, Cumhurba\u015fkan\u0131m\u0131z\u0131 ba\u015f\u0131m\u0131zdan eksik etmesin, &#8216;k\u0131ymeti&#8217; diyorum, de\u011feri elbette ki Tayyip Erdo\u011fan olmad\u0131\u011f\u0131 zaman daha iyi anla\u015f\u0131lacak. Bu, &#8216;s\u00fcnnetullah&#8217; m\u0131 dersiniz, insan\u0131n Allah&#8217;\u0131n tabiriyle &#8216;zalim&#8217; ve &#8216;cahil&#8217; olmas\u0131ndan m\u0131 dersiniz bilinmez ama b\u00f6yle oluyor, b\u00f6yle olacak. &#8216;Ah Tayyip olsayd\u0131, Erdo\u011fan olsayd\u0131, Tayyip Erdo\u011fan olsayd\u0131 b\u00f6yle olmazd\u0131, bunlar \u00e7\u00f6z\u00fcl\u00fcrd\u00fc, bunlar daha iyi olurdu, hey gidi heyler.&#8217; Yani bunlar, ba\u015fka b\u00fcy\u00fck liderlerden sonra da hep olmu\u015ftur elbette.&#8221;<\/p>\n<p><strong>T\u00dcRK\u0130YE&#8217;DE S\u0130V\u0130L TOPLUM<\/strong><\/p>\n<p>Erdo\u011fan, T\u00fcrkiye&#8217;de siyasetin art\u0131k, g\u00fc\u00e7lenen sivil toplumun, bir konunun dertlisi, g\u00f6n\u00fcll\u00fcs\u00fc olanlar\u0131n y\u00f6nlendirmesine ihtiyac\u0131 olaca\u011f\u0131na dikkati \u00e7ekerek, sa\u011fl\u0131k alan\u0131nda o hastal\u0131\u011f\u0131 \u00e7eken, o hastal\u0131\u011f\u0131 \u00e7ekenlerin yak\u0131nlar\u0131n\u0131n olu\u015fturdu\u011fu yap\u0131, herhangi bir sekt\u00f6r\u00fcn yat\u0131r\u0131mc\u0131lar\u0131n\u0131n olu\u015fturdu\u011fu meslek kurulu\u015fu, e\u011fitimin erbab\u0131n\u0131n daha iyi olmas\u0131yla ilgili fikirlerini anlatmas\u0131 gerekti\u011fini ifade etti.<\/p>\n<p>Bug\u00fcne kadar sivil toplum kurulu\u015flar\u0131n\u0131n sahalar\u0131nda derinle\u015fmedi\u011fini aktaran Erdo\u011fan, \u015f\u00f6yle devam etti:<\/p>\n<p>&#8220;Derinle\u015fmedikleri i\u00e7in de siyaset bir \u015fey yaparken dosyay\u0131 haz\u0131rlay\u0131p yani &#8216;efrad\u0131n\u0131 cami a\u011fyar\u0131n\u0131 mani&#8217; mi diyoruz, \u015fekilde bir konuyu \u00e7al\u0131\u015f\u0131p siyaset\u00e7inin, kanun yap\u0131c\u0131n\u0131n \u00f6n\u00fcne getiremedi\u011fini biliyoruz maalesef. Bu sebeple sivil toplumda, nas\u0131l ki ecdad\u0131m\u0131z &#8216;en ihmal edilmi\u015f saha ne&#8217; diye d\u00fc\u015f\u00fcnm\u00fc\u015f, &#8216;en eksik oldu\u011fu neresi&#8217; diye d\u00fc\u015f\u00fcnm\u00fc\u015f, onun vakf\u0131n\u0131 kurmu\u015f. G\u00f6\u00e7men ku\u015flar\u0131 bile g\u00f6zetmi\u015f. Ne derler, Peygamber Efendimizin hi\u00e7bir emri kalmam\u0131\u015f ki bir vak\u0131fla kurumsalla\u015ft\u0131r\u0131lmas\u0131n, Rabbimizin Kur&#8217;an&#8217;da hi\u00e7bir emri, yasa\u011f\u0131 kalmam\u0131\u015f ki bir vak\u0131fla kurumsalla\u015ft\u0131r\u0131lmas\u0131n.&#8221;<\/p>\n<p>Gen\u00e7lere, dertli oldu\u011fu konularda \u00e7al\u0131\u015fan bir yer varsa oraya kat\u0131lmalar\u0131n\u0131, yoksa da dernek, vak\u0131f, kul\u00fcp kurmalar\u0131n\u0131 \u00f6nerdi\u011fini anlatan Erdo\u011fan, &#8220;Bunun T\u00fcrkiye&#8217;nin geli\u015fmesinin bir par\u00e7as\u0131 oldu\u011funu d\u00fc\u015f\u00fcn\u00fcyorum. \u0130slam aleminin geri kalan k\u0131sm\u0131nda da sivil toplumun ne kadar zay\u0131f oldu\u011funu d\u00fc\u015f\u00fcn\u00fcrsek, bunu biz T\u00fcrkiye&#8217;de ba\u015fard\u0131\u011f\u0131m\u0131z zaman siyasette ve ekonomide art\u0131k g\u00f6rmeye ba\u015flad\u0131\u011f\u0131m\u0131z \u00fcmmete liderlik pozisyonunun sivil toplumda da pe\u015fi s\u0131ra gelece\u011fini d\u00fc\u015f\u00fcn\u00fcyorum.&#8221; de\u011ferlendirmesinde bulundu.<\/p>\n<p><strong>&#8220;\u00d6NEML\u0130 F\u0130K\u0130R \u0130NSANLARIMIZ NEY\u0130N PE\u015e\u0130NDE G\u0130TT\u0130LER&#8221; <\/strong><\/p>\n<p>Bilal Erdo\u011fan, 200 y\u0131l\u0131 a\u015fk\u0131n bir &#8220;bat\u0131l\u0131la\u015fma&#8221; hengamesi oldu\u011funa, elit s\u0131n\u0131flar\u0131n bu hezeyanlara kap\u0131ld\u0131\u011f\u0131na dikkati \u00e7ekerek, &#8220;Toplumun \u00f6n\u00fcnde gidenler, o bat\u0131l\u0131la\u015fmaya kendilerini kapt\u0131rd\u0131klar\u0131 i\u00e7in de\u011ferlerinden kopuyorlar, k\u00fclt\u00fcrlerinden uzakla\u015f\u0131yorlar, kimli\u011fini reddetmeye meylediyorlar. Toplumun geri kalan k\u0131sm\u0131 da bu \u015fekilde \u00f6n\u00fcnde y\u00fcr\u00fcmesini bekledi\u011fi insanlar\u0131n maalesef kendisinden hep uzakla\u015ft\u0131\u011f\u0131n\u0131 g\u00f6rd\u00fc.&#8221; dedi.<\/p>\n<p>Cumhurba\u015fkan\u0131 Recep Tayyip Erdo\u011fan&#8217;\u0131n liderli\u011finde, T\u00fcrkiye&#8217;nin ekonomik, altyap\u0131, siyasi bir s\u00fcr\u00fc ba\u015far\u0131lar\u0131n\u0131n oldu\u011funu vurgulayan Erdo\u011fan, \u015f\u00f6yle devam etti:<\/p>\n<p>&#8220;Geli\u015fmek i\u00e7in teknolojide, bilimde, fende, ekonomi olarak b\u00fcy\u00fcmede ilerlemek i\u00e7in kimli\u011fimizi reddetmek gerekmedi\u011fi, dinimizden uzakla\u015fmaya ihtiya\u00e7 olmad\u0131\u011f\u0131, k\u00fclt\u00fcrs\u00fczle\u015fmek veya Bat\u0131 k\u00fclt\u00fcr\u00fcn\u00fc taklit etmek gerekmedi\u011fi anla\u015f\u0131ld\u0131 diye d\u00fc\u015f\u00fcn\u00fcyorum. Bunu halen daha \u00e7ok insana yayg\u0131nla\u015ft\u0131rmam\u0131z, anlatmam\u0131z gerekiyor. Onun i\u00e7in son d\u00f6nem Osmanl\u0131 entelekt\u00fcellerinin yerli ve milli olanlar\u0131 olsun, Cumhuriyet d\u00f6neminde i\u015fte Mehmet Akif Ersoy \u00e7izgisinde \u00f6nemli fikir insanlar\u0131m\u0131z olsun, neyin pe\u015finde gittiler? &#8216;Biz M\u00fcsl\u00fcman olarak, T\u00fcrk olarak, Anadolu insan\u0131 olarak, k\u00fclt\u00fcr\u00fcm\u00fczle, kimli\u011fimizle, inanc\u0131m\u0131zla da d\u00fcnyan\u0131n zirvesine yar\u0131\u015fabiliriz, ko\u015fturabiliriz. Bunun i\u00e7in gavura benzemek, kimli\u011finden kopmak, ge\u00e7mi\u015fi reddetmek, tarihle ba\u011f\u0131n\u0131 koparmak gerekmez.&#8217; Bunu, Sel\u00e7uk Bayraktar gibi isimlerle, T\u00fcrkiye&#8217;nin ald\u0131\u011f\u0131 merhalelerle art\u0131k, delillendi\u011fini g\u00f6r\u00fcyoruz. M\u00fcsl\u00fcman olarak, T\u00fcrk olarak, Anadolu olarak kendi atl\u0131 sporlar\u0131m\u0131z\u0131, kendi ya\u011fl\u0131 g\u00fcre\u015fimizi, aba g\u00fcre\u015fimizi, ku\u015fak g\u00fcre\u015fimizi, \u015falvar g\u00fcre\u015fimizi ya\u015fatarak, atl\u0131 ok\u00e7ulu\u011fumuzu ya\u015fatarak.&#8221;<\/p>\n<p>K\u00fclt\u00fcr ihyas\u0131ndan bahsederken hi\u00e7bir zaman bir &#8220;Bat\u0131 reddiyesi&#8221;, &#8220;ba\u015fka k\u00fclt\u00fcrlerin reddiyesi&#8221;ni kastetmedi\u011fini vurgulayan Erdo\u011fan, s\u00f6zlerini \u015f\u00f6yle s\u00fcrd\u00fcrd\u00fc:<\/p>\n<p>&#8220;Ben kendim 15 sene Bat\u0131&#8217;da ya\u015fam\u0131\u015f bir insan\u0131m. Bat\u0131 k\u00fclt\u00fcr\u00fcn\u00fc biliyorum, sevdi\u011fim var, sevmedi\u011fim var, be\u011fendi\u011fim var ama yemekten \u00f6rnek vereyim, yeme-i\u00e7me sekt\u00f6r\u00fcnde oldu\u011fum i\u00e7in &#8216;hamburger yemeyin \u00e7ocuklar&#8217; demiyorum. Lahmacunu unutmay\u0131n. Bak\u0131n pidemiz, lahmacunumuz, kebaplar\u0131m\u0131z var. Yani her bir T\u00fcrk \u00e7ocu\u011funun kendi k\u00fclt\u00fcr\u00fcn\u00fc, \u00f6\u011felerini, b\u00fcy\u00fck isimlerini, estetik anlay\u0131\u015f\u0131n\u0131 bilerek yeti\u015fmesini sa\u011flayal\u0131m. Ondan sonra ba\u015fka yerlerle sa\u011fl\u0131kl\u0131 ileti\u015fim kurabilsin. Kendi topra\u011f\u0131nda k\u00f6k salmadan ba\u015fka yerlere uzanmaya \u00e7al\u0131\u015ft\u0131\u011f\u0131 zaman saks\u0131 devriliyor. Bak\u0131yorsun, ucu buca\u011f\u0131 nerede, toprak da\u011f\u0131lm\u0131\u015f, hi\u00e7bir \u015fey yok, k\u00f6k yok \u00e7\u00fcnk\u00fc. K\u00f6ks\u00fczle\u015fmek yerine, k\u00f6klerimizden ilham alarak, dallar\u0131m\u0131z\u0131n budak vermesi, ucu buca\u011f\u0131 g\u00f6rmeden her yere yay\u0131lmas\u0131&#8230; Bunu sa\u011flama gayesi, k\u00fclt\u00fcr\u00fcm\u00fcz\u00fc koruman\u0131n, ge\u00e7mi\u015fimizle sa\u011fl\u0131kl\u0131 bir \u015fekilde yeniden ili\u015fkilerimizi kurman\u0131n \u00e7ok \u00f6nemli oldu\u011funu d\u00fc\u015f\u00fcn\u00fcyorum.&#8221;<\/p>\n<p><strong>&#8220;KEND\u0130M\u0130Z\u0130 BULMAK \u0130\u00c7\u0130N B\u0130RKA\u00c7 NES\u0130L BU GAYRETE DEVAM ETMEM\u0130Z GEREK\u0130YOR&#8221;<\/strong><\/p>\n<p>Erdo\u011fan, her alanda ba\u015farmak i\u00e7in \u00f6nceki d\u00f6nemde en iyileri yapanlar\u0131n bug\u00fcn ya\u015fasa ne yapaca\u011f\u0131n\u0131 d\u00fc\u015f\u00fcnmek ve onlar\u0131n kafalar\u0131n\u0131n nas\u0131l \u00e7al\u0131\u015ft\u0131\u011f\u0131n\u0131 \u00e7\u00f6zmek, \u00fcretken olmak gerekti\u011fini ifade etti.<\/p>\n<p>&#8220;Herhalde kendimizi bulmak i\u00e7in birka\u00e7 nesil bu gayrete devam etmemiz gerekiyor.&#8221; diyen Erdo\u011fan, bug\u00fcn &#8220;sivil toplum kurulu\u015fu&#8221; denilen, ecdad\u0131n &#8220;vak\u0131flar&#8221; olarak ba\u015fard\u0131\u011f\u0131 ve Amerika&#8217;n\u0131n bile kurulu\u015funda \u00f6rnek ald\u0131\u011f\u0131, belli i\u015fleri devaml\u0131 hale getirmek, bir insanla ba\u015flay\u0131p ondan sonra kendi me\u015frebimize g\u00f6re kurumsalla\u015ft\u0131rmak i\u00e7in g\u00fc\u00e7l\u00fc kurumlar in\u015fa etmek gerekti\u011fine i\u015faret etti.<\/p>\n<p>Do\u011fru organizasyonel yap\u0131, s\u00fcrd\u00fcr\u00fclebilir finansal kaynaklarla israf etmeyen verimli kurumlar kurgulaman\u0131n \u00f6nemine de\u011finen Erdo\u011fan, \u015f\u00f6yle konu\u015ftu:<\/p>\n<p>&#8220;Bunlar\u0131 ba\u015far\u0131rsak yeniden, inan\u0131yorum ki biz o kaybetti\u011fimiz, zay\u0131flayan, erimi\u015f kaslar\u0131m\u0131z\u0131 yeniden g\u00fc\u00e7l\u00fc, yeniden i\u015fler hale getirebiliriz. O zaman da &#8216;Medeniyet n\u00f6beti devri&#8217; var. Ar\u0131yorlar. &#8216;Alan var m\u0131?&#8217; diyorlar. Ger\u00e7ekten Bat\u0131&#8217;dan g\u00f6\u00e7\u00fcyor bu i\u015f. Talip olabiliriz ama \u00e7ok haz\u0131r olmam\u0131z, \u00e7ok \u00e7al\u0131\u015fmam\u0131z laz\u0131m. Bu transformasyon, d\u00f6n\u00fc\u015f\u00fcm, ge\u00e7i\u015f d\u00f6neminde kafam\u0131z\u0131 kald\u0131rmam\u0131z laz\u0131m. Bir f\u0131rsat penceresi a\u00e7\u0131labilir. Allah nasip ederse de ger\u00e7ekten bu i\u015f olabilir. Bu millet, yeniden d\u00fcnyada paradigma kurmaya ba\u015flayabilir. Evvel Allah&#8217;\u0131n izniyle.&#8221;<\/p>\n\n<p><\/p>\n<p>Kaynak :\u00a0<span style=\"background-color: rgb(255, 249, 236); color: rgb(55, 58, 60); font-size: 14px;\">http:\/\/www.milliyet.com.tr\/gundem\/bilal-erdogan-kutahyada-sivil-toplum-kuruluslarinin-rolu-panelinde-konustu-7505597<\/span><\/p>\n","protected":false},"excerpt":{"rendered":"<p>\u0130lim Yayma Vakf\u0131 M\u00fctevelli Heyeti Ba\u015fkan\u0131 Bilal Erdo\u011fan, &#8220;Cumhurba\u015fkan\u0131m\u0131z\u0131n liderli\u011finde hamdolsun bir devletten beklenecek hizmetler noktas\u0131nda \u00e7ok merhale katettik. Bug\u00fcn memleketin ula\u015f\u0131m, e\u011fitim, sa\u011fl\u0131k altyap\u0131s\u0131, art\u0131k, Bat\u0131 \u00fclkeleriyle bir\u00e7ok alanda yar\u0131\u015f\u0131r.&#8221; dedi.<\/p>\n","protected":false},"author":1,"featured_media":154560,"comment_status":"open","ping_status":"open","sticky":false,"template":"","format":"standard","meta":{"footnotes":""},"categories":[3],"tags":[655,365,593,836,10307],"class_list":["post-154559","post","type-post","status-publish","format-standard","has-post-thumbnail","hentry","category-guncel","tag-bati","tag-ekonomi","tag-erdogan","tag-kultur","tag-sivil-toplum"],"_links":{"self":[{"href":"https:\/\/kamucalisani.net\/index.php\/wp-json\/wp\/v2\/posts\/154559","targetHints":{"allow":["GET"]}}],"collection":[{"href":"https:\/\/kamucalisani.net\/index.php\/wp-json\/wp\/v2\/posts"}],"about":[{"href":"https:\/\/kamucalisani.net\/index.php\/wp-json\/wp\/v2\/types\/post"}],"author":[{"embeddable":true,"href":"https:\/\/kamucalisani.net\/index.php\/wp-json\/wp\/v2\/users\/1"}],"replies":[{"embeddable":true,"href":"https:\/\/kamucalisani.net\/index.php\/wp-json\/wp\/v2\/comments?post=154559"}],"version-history":[{"count":1,"href":"https:\/\/kamucalisani.net\/index.php\/wp-json\/wp\/v2\/posts\/154559\/revisions"}],"predecessor-version":[{"id":154561,"href":"https:\/\/kamucalisani.net\/index.php\/wp-json\/wp\/v2\/posts\/154559\/revisions\/154561"}],"wp:featuredmedia":[{"embeddable":true,"href":"https:\/\/kamucalisani.net\/index.php\/wp-json\/wp\/v2\/media\/154560"}],"wp:attachment":[{"href":"https:\/\/kamucalisani.net\/index.php\/wp-json\/wp\/v2\/media?parent=154559"}],"wp:term":[{"taxonomy":"category","embeddable":true,"href":"https:\/\/kamucalisani.net\/index.php\/wp-json\/wp\/v2\/categories?post=154559"},{"taxonomy":"post_tag","embeddable":true,"href":"https:\/\/kamucalisani.net\/index.php\/wp-json\/wp\/v2\/tags?post=154559"}],"curies":[{"name":"wp","href":"https:\/\/api.w.org\/{rel}","templated":true}]}}