{"id":155033,"date":"2025-12-21T11:06:15","date_gmt":"2025-12-21T11:06:15","guid":{"rendered":"https:\/\/kamucalisani.net\/?p=155033"},"modified":"2025-12-21T11:06:15","modified_gmt":"2025-12-21T11:06:15","slug":"turkiyeyi-aglatan-anne-mezar-yerimi-hazirladim","status":"publish","type":"post","link":"https:\/\/kamucalisani.net\/index.php\/2025\/12\/21\/turkiyeyi-aglatan-anne-mezar-yerimi-hazirladim\/","title":{"rendered":"T\u00fcrkiye&#8217;yi a\u011flatan anne: Mezar yerimi haz\u0131rlad\u0131m"},"content":{"rendered":"<p><p>\u00a0Anaokulu \u00f6\u011fretmeni ve yoga e\u011fitmeni Cemile Y\u0131ld\u0131z, in\u015faat m\u00fchendisi Murat Keklik&#8217;ten \u015fiddetli ge\u00e7imsizlik nedeniyle bo\u015fanmak i\u00e7in 25 Nisan 2024&#8217;te dava a\u00e7t\u0131 ve hakk\u0131nda uzakla\u015ft\u0131rma karar\u0131 ald\u0131rd\u0131. Psikolojik sorunlar\u0131 oldu\u011fu ileri s\u00fcr\u00fclen Murat Keklik, 2 Temmuz 2024&#8217;te g\u00f6r\u00fc\u015fme bahanesiyle ald\u0131\u011f\u0131 o\u011flu Ya\u011f\u0131z (14) ve k\u0131z\u0131 Do\u011fa&#8217;y\u0131 (11), evde tabancayla \u00f6ld\u00fcr\u00fcp, ayn\u0131 silahla intihar etti.<\/p>\n<div>\n<div><img decoding=\"async\" src=\"https:\/\/kamucalisani.net\/wp-content\/uploads\/2025\/12\/turkiyeyi-aglatan-anne-mezar-yerimi-hazirladim-0-dIwju6f2.jpg\"\/><\/img><\/div>\n<\/div>\n<p>Ya\u011f\u0131z ve Do\u011fa&#8217;n\u0131n cenazeleri, Ankara&#8217;n\u0131n G\u00f6lba\u015f\u0131 il\u00e7esindeki mezarl\u0131\u011fa defnedildi. Cemile Y\u0131ld\u0131z, \u00e7ocuklar\u0131n\u0131n mezarlar\u0131n\u0131n bulundu\u011fu alan\u0131 bah\u00e7eye \u00e7evirerek, onlar\u0131n foto\u011fraflar\u0131, e\u015fyalar\u0131, an\u0131 objeleri, \u00e7i\u00e7ekler ve \u0131\u015f\u0131kland\u0131rmalar ile s\u00fcsledi. Y\u0131ld\u0131z, \u00e7ocuklar\u0131n\u0131n mezarlar\u0131n\u0131n yan\u0131na kendi mezar yerini de yapt\u0131r\u0131p, mezar ta\u015f\u0131na &#8216;Ya\u011f\u0131z\u2019\u0131n ve Do\u011fa\u2019n\u0131n annesi&#8217; yazd\u0131rd\u0131.<\/p>\n<p>Cemile Y\u0131ld\u0131z, her g\u00fcn \u00e7ocuklar\u0131n\u0131n mezar\u0131n\u0131 ziyaret ederek ac\u0131s\u0131n\u0131 dindirmeye \u00e7al\u0131\u015f\u0131rken, bir taraftan onlar\u0131n ad\u0131n\u0131 ya\u015fatmak i\u00e7in \u00e7al\u0131\u015f\u0131yor. Y\u0131ld\u0131z, bu kapsamda sanat\u00e7\u0131 G\u00fclben Ergen&#8217;in ba\u015fkan\u0131 oldu\u011fu \u00c7ocuklar G\u00fcls\u00fcn Diye Derne\u011fi ile de Do\u011fa ve Ya\u011f\u0131z&#8217;\u0131n ad\u0131na anaokulu yapt\u0131rmak i\u00e7in \u00e7al\u0131\u015fma ba\u015flatt\u0131.<\/p>\n<div>\n<div><img decoding=\"async\" src=\"https:\/\/kamucalisani.net\/wp-content\/uploads\/2025\/12\/turkiyeyi-aglatan-anne-mezar-yerimi-hazirladim-1-ThiIWOWX.jpg\"\/><\/img><\/div>\n<\/div>\n<p><strong>&#8216;KATL\u0130AM YAPACA\u011eIM&#8217; DED\u0130&#8217;<\/strong><\/p>\n<p>Cemile Y\u0131ld\u0131z, Ya\u011f\u0131z ve Do\u011fa&#8217;n\u0131n mezarlar\u0131 ba\u015f\u0131nda DHA&#8217;ya konu\u015ftu. Y\u0131ld\u0131z, e\u015finin alkol ve kumar ba\u011f\u0131ml\u0131s\u0131 oldu\u011funu, bu nedenle bo\u015fanma davas\u0131 a\u00e7t\u0131\u011f\u0131n\u0131 s\u00f6yleyerek, &#8220;Bo\u015fanma karar\u0131yla birlikte devaml\u0131 tehdit mesajlar\u0131, \u00f6l\u00fcm mesajlar\u0131 al\u0131yorduk. Uzakla\u015ft\u0131rma karar\u0131 \u00e7\u0131kt\u0131ktan sonra polisler evden onu almaya geldiklerinde &#8216;Katliam yapaca\u011f\u0131m, beni bu evden \u00e7\u0131kart\u0131rsan\u0131z \u00e7ocuklar\u0131 da \u00f6ld\u00fcrece\u011fim, han\u0131m\u0131 da \u00f6ld\u00fcrece\u011fim, kendimi de \u00f6ld\u00fcr\u00fcp katliam yapaca\u011f\u0131m&#8217; dedi. 2 saat sonra elini kolunu sallayarak geri geldi. Kap\u0131y\u0131 a\u00e7mam\u0131 istedi. &#8216;Uzakla\u015ft\u0131rma karar\u0131 onaylanmad\u0131, benim bu eve girmem laz\u0131m, hakk\u0131m var&#8217; dedi. Sonra ben hemen polisi arad\u0131m. Tekrar polisler geldi. Polisler ikna edip tekrar g\u00f6t\u00fcrd\u00fcler. Nisan ay\u0131nda uzakla\u015ft\u0131rma ald\u0131m. \u00c7ocuklar i\u00e7in uzakla\u015ft\u0131rmas\u0131 vard\u0131. 1 ay sonra rapor \u00e7\u0131kt\u0131, \u00e7ocuklar\u0131n babas\u0131yla g\u00f6r\u00fc\u015fmesinin \u00f6n\u00fc a\u00e7\u0131ld\u0131. 1 Temmuz\u2019da \u00e7ocuklar\u0131m\u0131 30 g\u00fcn boyunca babalar\u0131na vermem gerekiyordu; 13.15\u2019te teslim ettim. &#8216;Gitmek istemiyoruz&#8217; demelerine ra\u011fmen g\u00f6nderdim. Sonra gider gitmez \u00e7ocuklar\u0131m &#8216;Anne bizi al, babam \u00e7ok ba\u011f\u0131r\u0131yor, \u00e7ok \u00f6fkeli, \u00e7ok sinirli, biz bunu nas\u0131l idare edece\u011fiz&#8217; diye mesajlar atmaya ba\u015flad\u0131lar&#8221; diye konu\u015ftu.<\/p>\n<div>\n<div><img decoding=\"async\" src=\"https:\/\/kamucalisani.net\/wp-content\/uploads\/2025\/12\/turkiyeyi-aglatan-anne-mezar-yerimi-hazirladim-0-dIwju6f2.jpg\"\/><\/img><\/div>\n<\/div>\n<p><strong>&#8216;YA\u011eIZ&#8217;A KARDE\u015e\u0130N\u0130N \u00d6L\u00dcM\u00dcN\u00dc G\u00d6STERM\u0130\u015e&#8217;<\/strong><\/p>\n<p>Cemile Y\u0131ld\u0131z, 1 Temmuz&#8217;da avukat\u0131 ile g\u00f6r\u00fc\u015f\u00fcp \u00e7ocuklar\u0131 almak i\u00e7in giri\u015fimde bulundu\u011funu s\u00f6yleyerek, &#8220;2 Temmuz g\u00fcn\u00fc ak\u015fam Ya\u011f\u0131z 17.40&#8217;ta beni g\u00f6r\u00fcnt\u00fcl\u00fc arad\u0131. &#8216;Anne, babam&#8217; dedi. Telefonu adam kendine \u00e7evirdi. Elinde silah\u0131 vard\u0131. Do\u011fa&#8217;n\u0131n sesi \u00e7\u0131km\u0131yordu. Me\u011ferse Do\u011fa&#8217;ma k\u0131ym\u0131\u015f. Ya\u011f\u0131z&#8217;a daha b\u00fcy\u00fck bir k\u00f6t\u00fcl\u00fck yaparak, karde\u015finin \u00f6l\u00fcm\u00fcn\u00fc ona g\u00f6stermi\u015f. Sonra da Ya\u011f\u0131z&#8217;\u0131n da \u00f6l\u00fcm\u00fcn\u00fc bana g\u00f6stermek i\u00e7in g\u00f6r\u00fcnt\u00fcl\u00fc arad\u0131. Ben daha \u00f6nceleri b\u00f6yle r\u00f6portajlara kar\u015f\u0131yd\u0131m. Ama bakt\u0131m ki hi\u00e7bir \u015fey de\u011fi\u015ftirilmiyor. Bu r\u00f6portaj\u0131 da kabul etme sebebim bu. Benim gibi ayn\u0131 ma\u011fduriyeti ya\u015fayan bir s\u00fcr\u00fc kad\u0131n var. Kad\u0131nlar ka\u00e7\u0131yor, kad\u0131nlar saklan\u0131yor. Tehlike zaten g\u00f6z \u00f6n\u00fcndeyken kad\u0131nlar\u0131n saklanmas\u0131, \u00e7ocuklar\u0131n\u0131 al\u0131p bir yerden bir yere gidip m\u00fccadele etmeleri \u00e7ok anlams\u0131z geliyor. Bu zulm\u00fc birinin durdurmas\u0131 gerekiyor&#8221; ifadelerini kulland\u0131.<\/p>\n<div>\n<div><img decoding=\"async\" src=\"https:\/\/kamucalisani.net\/wp-content\/uploads\/2025\/12\/turkiyeyi-aglatan-anne-mezar-yerimi-hazirladim-1-ThiIWOWX.jpg\"\/><\/img><\/div>\n<\/div>\n<p><strong>&#8216;SANA S\u00dcRPR\u0130Z YAPACA\u011eIM&#8217; D\u0130YE MESAJ G\u00d6NDERM\u0130\u015e&#8217;<\/strong><\/p>\n<p>Savc\u0131l\u0131\u011fa dosyay\u0131 almaya gitti\u011finde Murat Keklik&#8217;in mesaj\u0131n\u0131 dosyada g\u00f6rd\u00fc\u011f\u00fcn\u00fc ifade eden Y\u0131ld\u0131z, &#8220;Katil bana &#8216;Sana \u00f6yle bir s\u00fcrpriz yapaca\u011f\u0131m ki \u00f6lmeyi sen isteyeceksin, yaln\u0131z kald\u0131\u011f\u0131nda&#8217; mesaj\u0131n\u0131 g\u00f6ndermi\u015f. O bana ac\u0131 \u00e7ektirmek istiyordu ve nereden ac\u0131 \u00e7ektirece\u011fini de \u00e7ok iyi biliyordu. Biliyordu benim \u00e7ocuklar\u0131ma ne kadar d\u00fc\u015fk\u00fcn oldu\u011fumu. Ben onun o kadar cani olabilece\u011fini d\u00fc\u015f\u00fcnmedim. Babalar\u0131 \u00e7ocuklar\u0131m\u0131n katili oldu&#8221; dedi.4<\/p>\n<div>\n<div><img decoding=\"async\" src=\"https:\/\/kamucalisani.net\/wp-content\/uploads\/2025\/12\/turkiyeyi-aglatan-anne-mezar-yerimi-hazirladim-4-GRvaYCOj.jpg\"\/><\/img><\/div>\n<\/div>\n<p><strong>&#8216;MEZAR YER\u0130M\u0130 HAZIRLADIM&#8217;<\/strong><\/p>\n<p>Cemile Y\u0131ld\u0131z, \u00e7ocuklar\u0131n\u0131n yan\u0131nda kendi mezar\u0131n\u0131 haz\u0131rlad\u0131\u011f\u0131n\u0131 da s\u00f6yleyerek, &#8220;&#8216;Bizim bah\u00e7emiz&#8217; diyorum ben buraya. \u00c7\u00fcnk\u00fc hi\u00e7bir anne \u00e7ocuklar\u0131n\u0131, evlad\u0131n\u0131 topra\u011fa vermek istemez. Olabildi\u011fince canl\u0131 tutmaya \u00e7al\u0131\u015f\u0131yorum buray\u0131. Derin nefes alabildi\u011fim tek yer buras\u0131 benim. Her g\u00fcn ziyaret ediyorum. \u00c7i\u00e7ekleriyle u\u011fra\u015f\u0131yorum, topra\u011f\u0131yla u\u011fra\u015f\u0131yorum, resimleriyle u\u011fra\u015f\u0131yorum. Son kalan sorumlulu\u011fum diyebilirim buras\u0131. \u00c7ocuklar\u0131m\u0131n yan\u0131nda da yerimi ald\u0131m ben. Hi\u00e7bir anne i\u00e7in kolay de\u011fildir \u00e7ocuklar\u0131n\u0131n yan\u0131nda mezar yerini almak. Ama ben yerimi haz\u0131rlad\u0131m. Her geldi\u011fimde zaten ben onlardan \u00f6z\u00fcr diliyorum. Bu kadar olabilece\u011fini, bunlar\u0131n olabilece\u011fini tahmin etmiyordum&#8221; diye konu\u015ftu.<\/p>\n<div>\n<div><img decoding=\"async\" src=\"https:\/\/kamucalisani.net\/wp-content\/uploads\/2025\/12\/turkiyeyi-aglatan-anne-mezar-yerimi-hazirladim-5-y6q9BnbY.jpg\"\/><\/img><\/div>\n<\/div>\n<p><strong>&#8216;KADIN \u015e\u0130KAYET ED\u0130YORSA G\u00d6Z ARDI ED\u0130LMEMEL\u0130&#8217;<\/strong><\/p>\n<p>Cemile Y\u0131ld\u0131z, evinde de \u00e7ocuklar\u0131 i\u00e7in bir oda olu\u015fturdu. Y\u0131ld\u0131z, \u00e7ocuklar\u0131n\u0131n an\u0131lar\u0131n\u0131 bu odada ya\u015fatmaya \u00e7al\u0131\u015ft\u0131\u011f\u0131n\u0131 s\u00f6yleyerek, &#8220;G\u00fcnd\u00fcz bir \u015fekilde ge\u00e7iyor da gece ge\u00e7mesi \u00e7ok zor. Gece \u00e7ok zor ge\u00e7iyor. Onlardan kalan son e\u015fyalar bu odada. Gece odaya girip &#8216;\u0130yi geceler&#8217; demeden yatm\u0131yorum. Kap\u0131s\u0131ndan bile ge\u00e7ecek olsam mutlaka kap\u0131ya dokunuyorum. Sanki onlar\u0131 ya\u015fatmaya \u00e7al\u0131\u015f\u0131yorum. \u00c7ok sa\u00e7ma gelecek ama \u00e7ocuklar\u0131n oynad\u0131\u011f\u0131 evcilik var ya, ger\u00e7ekten evcilik gibi; bazen odada bebeklerle oynuyorum. Kad\u0131nlar\u0131 koruyal\u0131m. Ya da neden biz kad\u0131nlar\u0131 korumak zorunda kal\u0131yoruz? \u00c7\u00fcnk\u00fc tehlike zaten belli. Tehdit eden belli. \u00d6fkeli olan, \u015fiddet e\u011filimli olan zaten belli. Bir kad\u0131n \u015fikayet ediyorsa g\u00f6z ard\u0131 edilmemeli. \u015eu anda tehdit alan bir s\u00fcr\u00fc kad\u0131n var. Bir\u00e7ok kad\u0131n\u0131n sesi olmak i\u00e7in bu r\u00f6portaj\u0131 kabul ettim&#8221; ifadelerini kulland\u0131.<\/p>\n<div>\n<div><img decoding=\"async\" src=\"https:\/\/kamucalisani.net\/wp-content\/uploads\/2025\/12\/turkiyeyi-aglatan-anne-mezar-yerimi-hazirladim-6-hR4Zlttu.jpg\"\/><\/img><\/div>\n<\/div>\n<p><strong>&#8216;YA\u011eIZ VE DO\u011eA&#8217;NIN ADINA OKUL OLACAK&#8217;<\/strong><\/p>\n<p>Anaokulu \u00f6\u011fretmeni olan Cemile Y\u0131ld\u0131z, \u00c7ocuklar G\u00fcls\u00fcn Diye Derne\u011fi&#8217;nin sponsorlu\u011funda \u00e7ocuklar\u0131 ad\u0131na anaokulu a\u00e7aca\u011f\u0131n\u0131 s\u00f6yleyerek, &#8220;\u0130n\u015fallah \u00f6n\u00fcm\u00fczdeki sene Ya\u011f\u0131z&#8217;\u0131n ve Do\u011fa&#8217;n\u0131n ad\u0131na bir okul olacak. Ben \u00e7ocuklar\u0131m\u0131n adlar\u0131n\u0131n \u00e7ok iyi yerlerde tan\u0131nmas\u0131n\u0131 isterdim, ya da kendileri tan\u0131ts\u0131n isterdim ama \u00e7ocuklar\u0131n ad\u0131n\u0131 tan\u0131tmaya, onlar\u0131n ad\u0131n\u0131 ya\u015fatmaya kendi kendime s\u00f6z verdim. \u00c7al\u0131\u015ft\u0131\u011f\u0131m okullar oldu. Bo\u015fanma karar\u0131n\u0131 ald\u0131ktan sonra b\u00fct\u00fcn \u00e7al\u0131\u015ft\u0131\u011f\u0131m okullarla ileti\u015fimimi kesmek zorunda kald\u0131m. Derslerimi iptal etmek zorunda kald\u0131m. Yine \u00e7ocuklara zarar gelmesin diye yapt\u0131m. Biliyordum \u00e7\u00fcnk\u00fc bir \u015fey yapacak, beni takip edecek. En az\u0131ndan gitti\u011fim yerleri bilmesini istemedim. Anaokulu yap\u0131laca\u011f\u0131 i\u00e7in \u00e7ok iyi hissettim. Bu i\u015fin ger\u00e7e\u011fe d\u00f6n\u00fc\u015fmesi beni daha da mutlu etti&#8221; dedi. (DHA)<\/p>\n<section>\n<div>\n<div>\n<div>\n<div>\n<div><img decoding=\"async\" src=\"https:\/\/kamucalisani.net\/wp-content\/uploads\/2025\/12\/turkiyeyi-aglatan-anne-mezar-yerimi-hazirladim-7-UO1Azrzj.jpg\"\/><\/img><\/div>\n<div><span><span><b>1\/<\/b><em>12<\/em><\/span><\/span><\/div>\n<\/div>\n<div>\n<div><img decoding=\"async\" src=\"https:\/\/kamucalisani.net\/wp-content\/uploads\/2025\/12\/turkiyeyi-aglatan-anne-mezar-yerimi-hazirladim-8-jfiIMekz.jpg\"\/><\/img><\/div>\n<div><span><span><b>2\/<\/b><em>12<\/em><\/span><\/span><\/div>\n<\/div>\n<div>\n<div><img decoding=\"async\" src=\"https:\/\/kamucalisani.net\/wp-content\/uploads\/2025\/12\/turkiyeyi-aglatan-anne-mezar-yerimi-hazirladim-9-IK7ROy5s.jpg\"\/><\/img><\/div>\n<div><span><span><b>3\/<\/b><em>12<\/em><\/span><\/span><\/div>\n<\/div>\n<div>\n<div><img decoding=\"async\" src=\"https:\/\/kamucalisani.net\/wp-content\/uploads\/2025\/12\/turkiyeyi-aglatan-anne-mezar-yerimi-hazirladim-10-kVFnqINC.jpg\"\/><\/img><\/div>\n<div><span><span><b>4\/<\/b><em>12<\/em><\/span><\/span><\/div>\n<\/div>\n<div>\n<div><img decoding=\"async\" src=\"https:\/\/kamucalisani.net\/wp-content\/uploads\/2025\/12\/turkiyeyi-aglatan-anne-mezar-yerimi-hazirladim-11-qwwmuP2y.jpg\"\/><\/img><\/div>\n<div><span><span><b>5\/<\/b><em>12<\/em><\/span><\/span><\/div>\n<\/div>\n<div>\n<div><img decoding=\"async\" src=\"https:\/\/kamucalisani.net\/wp-content\/uploads\/2025\/12\/turkiyeyi-aglatan-anne-mezar-yerimi-hazirladim-12-HyiS7NaE.jpg\"\/><\/img><\/div>\n<div><span><span><b>6\/<\/b><em>12<\/em><\/span><\/span><\/div>\n<\/div>\n<div>\n<div><img decoding=\"async\" src=\"https:\/\/kamucalisani.net\/wp-content\/uploads\/2025\/12\/turkiyeyi-aglatan-anne-mezar-yerimi-hazirladim-13-6CZT9Tjx.jpg\"\/><\/img><\/div>\n<div><span><span><b>7\/<\/b><em>12<\/em><\/span><\/span><\/div>\n<\/div>\n<div>\n<div><img decoding=\"async\" src=\"https:\/\/kamucalisani.net\/wp-content\/uploads\/2025\/12\/turkiyeyi-aglatan-anne-mezar-yerimi-hazirladim-14-piAGzb8a.jpg\"\/><\/img><\/div>\n<div><span><span><b>8\/<\/b><em>12<\/em><\/span><\/span><\/div>\n<\/div>\n<div>\n<div><img decoding=\"async\" src=\"https:\/\/kamucalisani.net\/wp-content\/uploads\/2025\/12\/turkiyeyi-aglatan-anne-mezar-yerimi-hazirladim-15-Xzk7qLVy.jpg\"\/><\/img><\/div>\n<div><span><span><b>9\/<\/b><em>12<\/em><\/span><\/span><\/div>\n<\/div>\n<div>\n<div><img decoding=\"async\" src=\"https:\/\/kamucalisani.net\/wp-content\/uploads\/2025\/12\/turkiyeyi-aglatan-anne-mezar-yerimi-hazirladim-16-JP8Ln1Wp.jpg\"\/><\/img><\/div>\n<div><span><span><b>10\/<\/b><em>12<\/em><\/span><\/span><\/div>\n<\/div>\n<div>\n<div><img decoding=\"async\" src=\"https:\/\/kamucalisani.net\/wp-content\/uploads\/2025\/12\/turkiyeyi-aglatan-anne-mezar-yerimi-hazirladim-17-1ILSHM7P.jpg\"\/><\/img><\/div>\n<div><span><span><b>11\/<\/b><em>12<\/em><\/span><\/span><\/div>\n<\/div>\n<div>\n<div><img decoding=\"async\" src=\"https:\/\/kamucalisani.net\/wp-content\/uploads\/2025\/12\/turkiyeyi-aglatan-anne-mezar-yerimi-hazirladim-18-jQwNzlf3.jpg\"\/><\/img><\/div>\n<div><span><span><b>12\/<\/b><em>12<\/em><\/span><\/span><\/div>\n<\/div>\n<\/div>\n<\/div>\n<\/div>\n<\/section>\n<p>\u00a0<\/p>\n<p>\u00a0<\/p>\n<p>\u00a0<\/p>\n<p>\u00a0<\/p>\n<p>\u00a0<\/p>\n<p>\u00a0<\/p>\n<p>\u00a0<\/p>\n<p>\u00a0<\/p>\n<p>\u00a0<\/p>\n<p>\u00a0<\/p>\n<p>\u00a0<\/p>\n<p>\u00a0<\/p>\n<p>\u00a0<\/p>\n<p>\u00a0<\/p>\n<p>\u00a0<\/p>\n<p>\u00a0<\/p>\n<p>\u00a0<\/p>\n<p>\u00a0<\/p>\n\n<p><\/p>\n<p>Kaynak :\u00a0<span style=\"background-color: rgb(255, 249, 236); color: rgb(55, 58, 60); font-size: 14px;\">http:\/\/www.milliyet.com.tr\/gundem\/turkiyeyi-aglatan-anne-mezar-yerimi-hazirladim-7506435<\/span><\/p>\n","protected":false},"excerpt":{"rendered":"<p>Ankara&#8217;da anaokulu \u00f6\u011fretmeni ve yoga e\u011fitmeni Cemile Y\u0131ld\u0131z (40), bo\u015fanma davas\u0131 a\u00e7t\u0131\u011f\u0131 e\u015fi in\u015faat m\u00fchendisi Murat Keklik (46) taraf\u0131ndan \u00f6ld\u00fcr\u00fclen \u00e7ocuklar\u0131 Ya\u011f\u0131z (14) ve Do\u011fa&#8217;n\u0131n (11) mezarlar\u0131n\u0131 foto\u011fraflar\u0131, e\u015fyalar\u0131, \u00e7e\u015fitli objeler ve \u00e7i\u00e7eklerle bah\u00e7eye \u00e7evirdi.<\/p>\n","protected":false},"author":1,"featured_media":155034,"comment_status":"open","ping_status":"open","sticky":false,"template":"","format":"standard","meta":{"footnotes":""},"categories":[3],"tags":[10344,541,308,2388,8370],"class_list":["post-155033","post","type-post","status-publish","format-standard","has-post-thumbnail","hentry","category-guncel","tag-cemile-yildiz","tag-cocuklar","tag-kadin","tag-mezar","tag-yagiz"],"_links":{"self":[{"href":"https:\/\/kamucalisani.net\/index.php\/wp-json\/wp\/v2\/posts\/155033","targetHints":{"allow":["GET"]}}],"collection":[{"href":"https:\/\/kamucalisani.net\/index.php\/wp-json\/wp\/v2\/posts"}],"about":[{"href":"https:\/\/kamucalisani.net\/index.php\/wp-json\/wp\/v2\/types\/post"}],"author":[{"embeddable":true,"href":"https:\/\/kamucalisani.net\/index.php\/wp-json\/wp\/v2\/users\/1"}],"replies":[{"embeddable":true,"href":"https:\/\/kamucalisani.net\/index.php\/wp-json\/wp\/v2\/comments?post=155033"}],"version-history":[{"count":1,"href":"https:\/\/kamucalisani.net\/index.php\/wp-json\/wp\/v2\/posts\/155033\/revisions"}],"predecessor-version":[{"id":155054,"href":"https:\/\/kamucalisani.net\/index.php\/wp-json\/wp\/v2\/posts\/155033\/revisions\/155054"}],"wp:featuredmedia":[{"embeddable":true,"href":"https:\/\/kamucalisani.net\/index.php\/wp-json\/wp\/v2\/media\/155034"}],"wp:attachment":[{"href":"https:\/\/kamucalisani.net\/index.php\/wp-json\/wp\/v2\/media?parent=155033"}],"wp:term":[{"taxonomy":"category","embeddable":true,"href":"https:\/\/kamucalisani.net\/index.php\/wp-json\/wp\/v2\/categories?post=155033"},{"taxonomy":"post_tag","embeddable":true,"href":"https:\/\/kamucalisani.net\/index.php\/wp-json\/wp\/v2\/tags?post=155033"}],"curies":[{"name":"wp","href":"https:\/\/api.w.org\/{rel}","templated":true}]}}