{"id":155157,"date":"2025-12-21T14:12:57","date_gmt":"2025-12-21T14:12:57","guid":{"rendered":"https:\/\/kamucalisani.net\/?p=155157"},"modified":"2025-12-21T14:12:57","modified_gmt":"2025-12-21T14:12:57","slug":"bassavciliktan-tutuklu-ibb-medya-as-genel-mudurunun-ciplak-arandigi-iddiasina-yalanlama","status":"publish","type":"post","link":"https:\/\/kamucalisani.net\/index.php\/2025\/12\/21\/bassavciliktan-tutuklu-ibb-medya-as-genel-mudurunun-ciplak-arandigi-iddiasina-yalanlama\/","title":{"rendered":"Ba\u015fsavc\u0131l\u0131ktan tutuklu \u0130BB Medya A\u015e Genel M\u00fcd\u00fcr\u00fcn\u00fcn \u00e7\u0131plak arand\u0131\u011f\u0131 iddias\u0131na yalanlama"},"content":{"rendered":"<p><p>Ba\u015fsavc\u0131l\u0131ktan yap\u0131lan a\u00e7\u0131klamada, \u0130stanbul 3. Sulh Ceza Hakimli\u011finin 23 Mart&#8217;ta verdi\u011fi kararla &#8220;r\u00fc\u015fvet almak&#8221; su\u00e7undan tutuklanan T\u00fcrker&#8217;in ayn\u0131 tarihte Marmara Kad\u0131n Kapal\u0131 Ceza \u0130nfaz Kurumu&#8217;na kabul edildi\u011fi belirtildi.<\/p>\n<p>Ulusal bas\u0131n ve baz\u0131 sosyal medya hesaplar\u0131nda, \u0130BB i\u015ftiraki Medya A\u015e Genel M\u00fcd\u00fcr\u00fc tutuklu T\u00fcrker&#8217;in &#8220;depo olarak kullan\u0131lan bir alanda tutuldu\u011fu ve \u00e7\u0131plak arand\u0131\u011f\u0131&#8221; y\u00f6n\u00fcnde iddialara yer verildi\u011finin g\u00f6r\u00fcld\u00fc\u011f\u00fc aktar\u0131lan a\u00e7\u0131klamada, \u015funlar kaydedildi:<\/p>\n<p>&#8220;Tutuklunun kuruma kabul\u00fc s\u0131ras\u0131nda yap\u0131lan i\u015flemler, &#8216;Ceza \u0130nfaz Kurumlar\u0131n\u0131n Y\u00f6netimi ile Ceza ve G\u00fcvenlik Tedbirlerinin \u0130nfaz\u0131 Hakk\u0131nda Y\u00f6netmelik&#8217;in 34. maddesi h\u00fck\u00fcmleri do\u011frultusunda ger\u00e7ekle\u015ftirilmi\u015ftir. Bu kapsamda \u00fcst ve e\u015fya aramas\u0131 yap\u0131lm\u0131\u015ft\u0131r. S\u00f6z konusu arama d\u0131\u015far\u0131dan g\u00f6r\u00fclmesi m\u00fcmk\u00fcn olmayan ve herhangi bir g\u00f6r\u00fcnt\u00fc kayd\u0131 bulunmayan bir alanda ger\u00e7ekle\u015ftirilmi\u015f olup, iddia edildi\u011fi \u015fekilde tutuklunun k\u0131yafetlerinin \u00e7\u0131kar\u0131lmas\u0131 s\u00f6z konusu de\u011fildir. Saat 18.01&#8217;de ba\u015flayan arama i\u015flemi 18.02&#8217;de tamamlanm\u0131\u015f, d\u00fczenlenen arama tutana\u011f\u0131nda, tutuklunun &#8216;herhangi bir zarar\u0131n\u0131n ya da \u015fikayetinin bulunmad\u0131\u011f\u0131&#8217; hususu a\u00e7\u0131k\u00e7a tespit edilmi\u015ftir. Sonu\u00e7 olarak, Fato\u015f P\u0131nar T\u00fcrker&#8217;in Marmara Kad\u0131n Kapal\u0131 Ceza \u0130nfaz Kurumu&#8217;nda \u00e7\u0131plak aramaya tabi tutuldu\u011fu ya da tutuklulara mahsus ya\u015fam alanlar\u0131 d\u0131\u015f\u0131nda tutuldu\u011fu y\u00f6n\u00fcndeki iddialar tamamen as\u0131ls\u0131zd\u0131r. Kuruma kabul, \u00fcst aramas\u0131 ve yerle\u015ftirme i\u015flemleri mevzuata uygun \u015fekilde ger\u00e7ekle\u015ftirilmi\u015ftir.&#8221;<\/p>\n\n<p><\/p>\n<p>Kaynak :\u00a0<span style=\"background-color: rgb(255, 249, 236); color: rgb(55, 58, 60); font-size: 14px;\">http:\/\/www.milliyet.com.tr\/gundem\/bassavciliktan-tutuklu-ibb-medya-as-genel-mudurunun-ciplak-arandigi-iddiasina-yalanlama-7506574<\/span><\/p>\n","protected":false},"excerpt":{"rendered":"<p>Bak\u0131rk\u00f6y Cumhuriyet Ba\u015fsavc\u0131l\u0131\u011f\u0131, &#8220;r\u00fc\u015fvet almak&#8221; su\u00e7undan tutuklu bulunan \u0130stanbul B\u00fcy\u00fck\u015fehir Belediyesi (\u0130BB) i\u015ftiraki Medya A\u015e Genel M\u00fcd\u00fcr\u00fc Fato\u015f P\u0131nar T\u00fcrker&#8217;in Marmara Kad\u0131n Kapal\u0131 Ceza \u0130nfaz Kurumu&#8217;nda \u00e7\u0131plak aramaya tabi tutuldu\u011fu ve tutuklulara mahsus ya\u015fam alanlar\u0131 d\u0131\u015f\u0131nda yer ald\u0131\u011f\u0131 iddialar\u0131n\u0131n tamamen as\u0131ls\u0131z oldu\u011funu bildirdi.<\/p>\n","protected":false},"author":1,"featured_media":155158,"comment_status":"open","ping_status":"open","sticky":false,"template":"","format":"standard","meta":{"footnotes":""},"categories":[3],"tags":[402,386,1166],"class_list":["post-155157","post","type-post","status-publish","format-standard","has-post-thumbnail","hentry","category-guncel","tag-arama","tag-ceza","tag-tutuklu"],"_links":{"self":[{"href":"https:\/\/kamucalisani.net\/index.php\/wp-json\/wp\/v2\/posts\/155157","targetHints":{"allow":["GET"]}}],"collection":[{"href":"https:\/\/kamucalisani.net\/index.php\/wp-json\/wp\/v2\/posts"}],"about":[{"href":"https:\/\/kamucalisani.net\/index.php\/wp-json\/wp\/v2\/types\/post"}],"author":[{"embeddable":true,"href":"https:\/\/kamucalisani.net\/index.php\/wp-json\/wp\/v2\/users\/1"}],"replies":[{"embeddable":true,"href":"https:\/\/kamucalisani.net\/index.php\/wp-json\/wp\/v2\/comments?post=155157"}],"version-history":[{"count":1,"href":"https:\/\/kamucalisani.net\/index.php\/wp-json\/wp\/v2\/posts\/155157\/revisions"}],"predecessor-version":[{"id":155159,"href":"https:\/\/kamucalisani.net\/index.php\/wp-json\/wp\/v2\/posts\/155157\/revisions\/155159"}],"wp:featuredmedia":[{"embeddable":true,"href":"https:\/\/kamucalisani.net\/index.php\/wp-json\/wp\/v2\/media\/155158"}],"wp:attachment":[{"href":"https:\/\/kamucalisani.net\/index.php\/wp-json\/wp\/v2\/media?parent=155157"}],"wp:term":[{"taxonomy":"category","embeddable":true,"href":"https:\/\/kamucalisani.net\/index.php\/wp-json\/wp\/v2\/categories?post=155157"},{"taxonomy":"post_tag","embeddable":true,"href":"https:\/\/kamucalisani.net\/index.php\/wp-json\/wp\/v2\/tags?post=155157"}],"curies":[{"name":"wp","href":"https:\/\/api.w.org\/{rel}","templated":true}]}}