{"id":155342,"date":"2025-12-21T22:18:08","date_gmt":"2025-12-21T22:18:08","guid":{"rendered":"https:\/\/kamucalisani.net\/?p=155342"},"modified":"2025-12-21T22:18:08","modified_gmt":"2025-12-21T22:18:08","slug":"iletisim-baskani-durandan-2026-yili-merkezi-yonetim-butce-kanununa-iliskin-paylasim","status":"publish","type":"post","link":"https:\/\/kamucalisani.net\/index.php\/2025\/12\/21\/iletisim-baskani-durandan-2026-yili-merkezi-yonetim-butce-kanununa-iliskin-paylasim\/","title":{"rendered":"\u0130leti\u015fim Ba\u015fkan\u0131 Duran&#8217;dan &#8220;2026 Y\u0131l\u0131 Merkezi Y\u00f6netim B\u00fct\u00e7e Kanunu&#8221;na ili\u015fkin payla\u015f\u0131m"},"content":{"rendered":"<p><p>Duran, NSosyal hesab\u0131ndan yapt\u0131\u011f\u0131 payla\u015f\u0131mda, 2026 y\u0131l\u0131 Merkezi Y\u00f6netim B\u00fct\u00e7e Kanunu&#8217;nun millet, \u00fclke ve gelecek i\u00e7in hay\u0131rl\u0131 olmas\u0131n\u0131 diledi.<\/p>\n<p>\u0130leti\u015fim Ba\u015fkan\u0131 Duran, \u015funlar\u0131 kaydetti:<\/p>\n<p>&#8220;Cumhurba\u015fkan\u0131m\u0131z Say\u0131n Recep Tayyip Erdo\u011fan&#8217;\u0131n liderli\u011finde haz\u0131rlanan bu b\u00fct\u00e7e, \u00fcretimi, istihdam\u0131 ve adil kalk\u0131nmay\u0131 \u00f6nceleyen, T\u00fcrkiye Y\u00fczy\u0131l\u0131 vizyonunu g\u00fc\u00e7lendiren bir yol haritas\u0131d\u0131r. Komisyon s\u00fcrecinden Genel Kurul g\u00f6r\u00fc\u015fmelerine kadar b\u00fcy\u00fck bir gayretle \u00e7al\u0131\u015fan t\u00fcm milletvekillerimize, bakanlar\u0131m\u0131za ve eme\u011fi ge\u00e7en herkese te\u015fekk\u00fcr ediyorum. T\u00fcrkiye&#8217;yi daha g\u00fc\u00e7l\u00fc, daha m\u00fcreffeh ve daha itibarl\u0131 bir gelece\u011fe ta\u015f\u0131mak i\u00e7in kararl\u0131l\u0131kla \u00e7al\u0131\u015fmaya devam edece\u011fiz.&#8221;<\/p>\n\n<p><\/p>\n<p>Kaynak :\u00a0<span style=\"background-color: rgb(255, 249, 236); color: rgb(55, 58, 60); font-size: 14px;\">http:\/\/www.milliyet.com.tr\/gundem\/iletisim-baskani-durandan-2026-yili-merkezi-yonetim-butce-kanununa-iliskin-paylasim-7506710<\/span><\/p>\n","protected":false},"excerpt":{"rendered":"<p>Cumhurba\u015fkanl\u0131\u011f\u0131 \u0130leti\u015fim Ba\u015fkan\u0131 Burhanettin Duran, 2026 Y\u0131l\u0131 Merkezi Y\u00f6netim B\u00fct\u00e7e Kanunu&#8217;na ili\u015fkin, &#8220;Cumhurba\u015fkan\u0131m\u0131z Say\u0131n Recep Tayyip Erdo\u011fan&#8217;\u0131n liderli\u011finde haz\u0131rlanan bu b\u00fct\u00e7e, \u00fcretimi, istihdam\u0131 ve adil kalk\u0131nmay\u0131 \u00f6nceleyen, T\u00fcrkiye Y\u00fczy\u0131l\u0131 vizyonunu g\u00fc\u00e7lendiren bir yol haritas\u0131d\u0131r.&#8221; ifadesini kulland\u0131.<\/p>\n","protected":false},"author":1,"featured_media":155343,"comment_status":"open","ping_status":"open","sticky":false,"template":"","format":"standard","meta":{"footnotes":""},"categories":[3],"tags":[],"class_list":["post-155342","post","type-post","status-publish","format-standard","has-post-thumbnail","hentry","category-guncel"],"_links":{"self":[{"href":"https:\/\/kamucalisani.net\/index.php\/wp-json\/wp\/v2\/posts\/155342","targetHints":{"allow":["GET"]}}],"collection":[{"href":"https:\/\/kamucalisani.net\/index.php\/wp-json\/wp\/v2\/posts"}],"about":[{"href":"https:\/\/kamucalisani.net\/index.php\/wp-json\/wp\/v2\/types\/post"}],"author":[{"embeddable":true,"href":"https:\/\/kamucalisani.net\/index.php\/wp-json\/wp\/v2\/users\/1"}],"replies":[{"embeddable":true,"href":"https:\/\/kamucalisani.net\/index.php\/wp-json\/wp\/v2\/comments?post=155342"}],"version-history":[{"count":1,"href":"https:\/\/kamucalisani.net\/index.php\/wp-json\/wp\/v2\/posts\/155342\/revisions"}],"predecessor-version":[{"id":155344,"href":"https:\/\/kamucalisani.net\/index.php\/wp-json\/wp\/v2\/posts\/155342\/revisions\/155344"}],"wp:featuredmedia":[{"embeddable":true,"href":"https:\/\/kamucalisani.net\/index.php\/wp-json\/wp\/v2\/media\/155343"}],"wp:attachment":[{"href":"https:\/\/kamucalisani.net\/index.php\/wp-json\/wp\/v2\/media?parent=155342"}],"wp:term":[{"taxonomy":"category","embeddable":true,"href":"https:\/\/kamucalisani.net\/index.php\/wp-json\/wp\/v2\/categories?post=155342"},{"taxonomy":"post_tag","embeddable":true,"href":"https:\/\/kamucalisani.net\/index.php\/wp-json\/wp\/v2\/tags?post=155342"}],"curies":[{"name":"wp","href":"https:\/\/api.w.org\/{rel}","templated":true}]}}