{"id":15535,"date":"2024-06-03T08:48:05","date_gmt":"2024-06-03T08:48:05","guid":{"rendered":"https:\/\/kamucalisani.net\/?p=15535"},"modified":"2024-06-03T08:48:05","modified_gmt":"2024-06-03T08:48:05","slug":"a-milli-futbol-takiminda-semih-kilicsoyun-sansi-katlandi","status":"publish","type":"post","link":"https:\/\/kamucalisani.net\/index.php\/2024\/06\/03\/a-milli-futbol-takiminda-semih-kilicsoyun-sansi-katlandi\/","title":{"rendered":"A Milli Futbol Tak\u0131m\u0131&#8217;nda Semih K\u0131l\u0131\u00e7soy&#8217;un \u015fans\u0131 katland\u0131!"},"content":{"rendered":"<p><p>\u0130talyan \u00e7al\u0131\u015ft\u0131r\u0131c\u0131n\u0131n belirledi\u011fi geni\u015f kadroda 35 futbolcu yer alm\u0131\u015ft\u0131. \u00c7a\u011flar S\u00f6y\u00fcnc\u00fc sakatl\u0131\u011f\u0131 y\u00fcz\u00fcnden kadrodan \u00e7\u0131kar\u0131l\u0131rken, Bertu\u011f Y\u0131ld\u0131r\u0131m da \u00dcmit Milli Tak\u0131m\u2019a ge\u00e7i\u015f yapt\u0131. Rennes\u2019de forma giyen gen\u00e7 golc\u00fc Bertu\u011f\u2019un kamptan ayr\u0131lmas\u0131, Semih K\u0131l\u0131\u00e7soy\u2019un EURO 2024 kadrosunda yer alma \u015fans\u0131n\u0131 bir hayli art\u0131rd\u0131.<\/p>\n<p>Bu sezon Be\u015fikta\u015f formas\u0131yla \u00e7\u0131kt\u0131\u011f\u0131 35 resmi kar\u015f\u0131la\u015fmada 12 gol, 3 asiste imza atarak b\u00fcy\u00fck be\u011feni toplayan Semih K\u0131l\u0131\u00e7soy\u2019un antrenmanlardaki performans\u0131yla Vincenzo Montella\u2019n\u0131n da g\u00f6z\u00fcne girdi\u011fi aktar\u0131ld\u0131.<\/p>\n<p>Bertu\u011f\u2019un \u00dcmit Milli Tak\u0131m\u2019a g\u00f6nderen \u0130talyan hocan\u0131n, Semih\u2019i Almanya\u2019daki finallere g\u00f6t\u00fcrmenin hesaplar\u0131n\u0131 yapt\u0131\u011f\u0131 vurguland\u0131. 18 ya\u015f\u0131ndaki Semih\u2019in, \u0130talya ve Polonya ile gelecek hafta oynanacak haz\u0131rl\u0131k ma\u00e7lar\u0131nda s\u00fcre alaca\u011f\u0131 belirtildi.<\/p>\n<p><strong>M\u0130LL\u0130LER HIZ KESM\u0130YOR<\/strong><\/p>\n<p>A Milli Tak\u0131m, \u0130talya ile oynayaca\u011f\u0131 \u00f6zel ma\u00e7\u0131n haz\u0131rl\u0131klar\u0131na d\u00fcn ak\u015fam yapt\u0131\u011f\u0131 antrenmanla devam etti. Teknik Direkt\u00f6r Vincenzo Montella y\u00f6netimindeki idmanda, \u00f6ncelikle fitness salonunda kuvvet ve core antrenman\u0131 yap\u0131ld\u0131. Daha sonra saha \u00e7al\u0131\u015fmas\u0131na ge\u00e7ildi. Is\u0131nma hareketleriyle ba\u015flayan antrenmanda \u0131s\u0131nman\u0131n ard\u0131ndan taktik pas drilleri \u00fczerine \u00e7al\u0131\u015f\u0131ld\u0131. Son b\u00f6l\u00fcmde ise yar\u0131 sahada taktik oyun oynand\u0131. Kampa d\u00fcn kat\u0131lan Merih Demiral idmanda tak\u0131mla, \u0130rfan Can Kahveci ve \u0130smail Y\u00fcksek ise tak\u0131mdan ayr\u0131 bireysel antrenman programlar\u0131 d\u00e2hilinde \u00e7al\u0131\u015ft\u0131.<\/p>\n\n<p><\/p>\n<p>Kaynak :\u00a0<span style=\"background-color: rgb(255, 249, 236); color: rgb(55, 58, 60); font-size: 14px;\">http:\/\/www.milliyet.com.tr\/skorer\/a-milli-futbol-takiminda-semih-kilicsoyun-sansi-katlandi-7135011<\/span><\/p>\n","protected":false},"excerpt":{"rendered":"<p>A Milli Tak\u0131m Teknik Direkt\u00f6r\u00fc Vincenzo Montella, 2024 Avrupa \u015eampiyonas\u0131 finalleri kadrosunu ge\u00e7ti\u011fimiz hafta cuma g\u00fcn\u00fc a\u00e7\u0131klam\u0131\u015ft\u0131.<\/p>\n","protected":false},"author":1,"featured_media":15536,"comment_status":"open","ping_status":"open","sticky":false,"template":"","format":"standard","meta":{"footnotes":""},"categories":[7],"tags":[992],"class_list":["post-15535","post","type-post","status-publish","format-standard","has-post-thumbnail","hentry","category-spor","tag-antrenman"],"_links":{"self":[{"href":"https:\/\/kamucalisani.net\/index.php\/wp-json\/wp\/v2\/posts\/15535","targetHints":{"allow":["GET"]}}],"collection":[{"href":"https:\/\/kamucalisani.net\/index.php\/wp-json\/wp\/v2\/posts"}],"about":[{"href":"https:\/\/kamucalisani.net\/index.php\/wp-json\/wp\/v2\/types\/post"}],"author":[{"embeddable":true,"href":"https:\/\/kamucalisani.net\/index.php\/wp-json\/wp\/v2\/users\/1"}],"replies":[{"embeddable":true,"href":"https:\/\/kamucalisani.net\/index.php\/wp-json\/wp\/v2\/comments?post=15535"}],"version-history":[{"count":1,"href":"https:\/\/kamucalisani.net\/index.php\/wp-json\/wp\/v2\/posts\/15535\/revisions"}],"predecessor-version":[{"id":15537,"href":"https:\/\/kamucalisani.net\/index.php\/wp-json\/wp\/v2\/posts\/15535\/revisions\/15537"}],"wp:featuredmedia":[{"embeddable":true,"href":"https:\/\/kamucalisani.net\/index.php\/wp-json\/wp\/v2\/media\/15536"}],"wp:attachment":[{"href":"https:\/\/kamucalisani.net\/index.php\/wp-json\/wp\/v2\/media?parent=15535"}],"wp:term":[{"taxonomy":"category","embeddable":true,"href":"https:\/\/kamucalisani.net\/index.php\/wp-json\/wp\/v2\/categories?post=15535"},{"taxonomy":"post_tag","embeddable":true,"href":"https:\/\/kamucalisani.net\/index.php\/wp-json\/wp\/v2\/tags?post=15535"}],"curies":[{"name":"wp","href":"https:\/\/api.w.org\/{rel}","templated":true}]}}