{"id":155399,"date":"2025-12-22T05:48:10","date_gmt":"2025-12-22T05:48:10","guid":{"rendered":"https:\/\/kamucalisani.net\/?p=155399"},"modified":"2025-12-22T05:48:10","modified_gmt":"2025-12-22T05:48:10","slug":"fenerbahcenin-gozdesi-sorlothtan-dudak-ucuklatan-talep","status":"publish","type":"post","link":"https:\/\/kamucalisani.net\/index.php\/2025\/12\/22\/fenerbahcenin-gozdesi-sorlothtan-dudak-ucuklatan-talep\/","title":{"rendered":"Fenerbah\u00e7e&#8217;nin g\u00f6zdesi S\u00f6rloth&#8217;tan dudak u\u00e7uklatan talep!"},"content":{"rendered":"<p><p>Fenerbah\u00e7e, ara transfer d\u00f6neminin \u00e7al\u0131\u015fmalar\u0131na h\u0131zl\u0131 ba\u015flad\u0131. PSV\u2019nin orta sahadaki y\u0131ld\u0131z\u0131 Joey Veerman ile ilk bomba patlat\u0131ld\u0131. Y\u00f6netim \u015fimdi g\u00f6z\u00fcn\u00fc forvete \u00e7evirdi.<\/p>\n<p><strong>SARAN KARARLI<\/strong><\/p>\n<p>Ba\u015fkan Sadettin Saran, Alexander S\u00f6rloth\u2019a Sar\u0131-Lacivertli formay\u0131 giydirmeye kararl\u0131. Devin \u00d6zek, y\u0131ld\u0131z futbolcunun menajeriyle temas kurdu, g\u00f6r\u00fc\u015fmeler ba\u015flad\u0131. Ancak S\u00f6rloth\u2019un maa\u015f talebi dudak u\u00e7uklatt\u0131.\u00a0<\/p>\n<div>\n<div><img decoding=\"async\" src=\"https:\/\/kamucalisani.net\/wp-content\/uploads\/2025\/12\/fenerbahcenin-gozdesi-sorlothtan-dudak-ucuklatan-talep-0-2cgsmGFr.jpg\"\/><\/img><\/div>\n<\/div>\n<p><strong>VAZGE\u00c7MEK YOK<\/strong><\/p>\n<p>Golc\u00fc oyuncu, senelik 12 milyon Euro maa\u015ftan 4 y\u0131ll\u0131k s\u00f6zle\u015fme istedi. Bu rakam Fenerbah\u00e7e\u2019ye y\u00fcksek geldi. \u00dcstelik Atletico Madrid\u2019e de bonservis \u00f6denecek.\u00a0<\/p>\n<p>\u0130spanyol ekibinin de kap\u0131y\u0131 y\u00fcksek bir fiyattan a\u00e7mas\u0131 muhtemel. Buna ra\u011fmen Sar\u0131-Lacivertliler geri ad\u0131m atm\u0131yor. Y\u00f6netim, s\u0131k\u0131 bir pazarl\u0131kla S\u00f6rloth\u2019un maa\u015f beklentisini a\u015fa\u011f\u0131ya \u00e7ekmeye \u00e7al\u0131\u015facak. Sadettin Saran, bu transfer i\u00e7in her t\u00fcrl\u00fc fedakarl\u0131\u011f\u0131 yapmaya haz\u0131r.\u00a0<\/p>\n<p><strong>S\u00dcPER KUPA\u2019DA DA TAL\u0130SCA YOK<\/strong>\u00a0<\/p>\n<p>Fenerbah\u00e7e\u2019nin S\u00fcper Kupa\u2019da finale kalmas\u0131 halinde 10 Ocak 2026\u2019daki ma\u00e7ta da Talisca\u2019n\u0131n oynamas\u0131 beklenmiyor. \u00d6te yandan Talisca d\u0131\u015f\u0131nda Be\u015fikta\u015f derbisinde forma giyemeyecek olan futbolcular\u0131n listesi bir hayli kabar\u0131k. Sar\u0131-lacivertli tak\u0131mda bu kar\u015f\u0131la\u015fmada sakatl\u0131klar\u0131 bulunan Nelson Semedo, Archie Brown ve Edson Alvarez de oynayamayacak.<\/p>\n<p>Afrika Uluslar Kupas\u0131 i\u00e7in milli tak\u0131mlar\u0131nda olan Dorgeles Nene ve En-Nesyri\u2019ye ek olarak cezal\u0131 Fred de kadroda olmayacak. Fenerbah\u00e7e, Ederson ile Jhon Duran\u2019\u0131n da 24 Aral\u0131k tarihinin Noel Bayram\u0131 arifesi olmas\u0131 nedeniyle derbide olmayaca\u011f\u0131n\u0131 a\u00e7\u0131klam\u0131\u015ft\u0131. Kadro d\u0131\u015f\u0131 kalan Becao, Cenk Tosun ve \u0130rfan Can Kahveci\u2019nin yan\u0131nda bahis soru\u015fturmas\u0131 kapsam\u0131nda tutuklu bulunan Mert Hakan Yanda\u015f da derbide tak\u0131mlar\u0131n\u0131 yaln\u0131z b\u0131rakacak<\/p>\n\n<p><\/p>\n<p>Kaynak :\u00a0<span style=\"background-color: rgb(255, 249, 236); color: rgb(55, 58, 60); font-size: 14px;\">http:\/\/www.milliyet.com.tr\/skorer\/fenerbahcenin-gozdesi-sorlothtan-dudak-ucuklatan-talep-7506813<\/span><\/p>\n","protected":false},"excerpt":{"rendered":"<p>T\u00fcrkiye Kupas\u0131&#8217;nda Be\u015fikta\u015f ile kar\u015f\u0131la\u015facak Fenerbah\u00e7e&#8217;de bir yandan transfer \u00e7al\u0131\u015fmalar\u0131 s\u00fcr\u00fcyor. Norve\u00e7li golc\u00fc Alexander S\u00f6rloth&#8217;un istedi\u011fi maa\u015f ortaya \u00e7\u0131kt\u0131.<\/p>\n","protected":false},"author":1,"featured_media":155400,"comment_status":"open","ping_status":"open","sticky":false,"template":"","format":"standard","meta":{"footnotes":""},"categories":[7],"tags":[],"class_list":["post-155399","post","type-post","status-publish","format-standard","has-post-thumbnail","hentry","category-spor"],"_links":{"self":[{"href":"https:\/\/kamucalisani.net\/index.php\/wp-json\/wp\/v2\/posts\/155399","targetHints":{"allow":["GET"]}}],"collection":[{"href":"https:\/\/kamucalisani.net\/index.php\/wp-json\/wp\/v2\/posts"}],"about":[{"href":"https:\/\/kamucalisani.net\/index.php\/wp-json\/wp\/v2\/types\/post"}],"author":[{"embeddable":true,"href":"https:\/\/kamucalisani.net\/index.php\/wp-json\/wp\/v2\/users\/1"}],"replies":[{"embeddable":true,"href":"https:\/\/kamucalisani.net\/index.php\/wp-json\/wp\/v2\/comments?post=155399"}],"version-history":[{"count":1,"href":"https:\/\/kamucalisani.net\/index.php\/wp-json\/wp\/v2\/posts\/155399\/revisions"}],"predecessor-version":[{"id":155402,"href":"https:\/\/kamucalisani.net\/index.php\/wp-json\/wp\/v2\/posts\/155399\/revisions\/155402"}],"wp:featuredmedia":[{"embeddable":true,"href":"https:\/\/kamucalisani.net\/index.php\/wp-json\/wp\/v2\/media\/155400"}],"wp:attachment":[{"href":"https:\/\/kamucalisani.net\/index.php\/wp-json\/wp\/v2\/media?parent=155399"}],"wp:term":[{"taxonomy":"category","embeddable":true,"href":"https:\/\/kamucalisani.net\/index.php\/wp-json\/wp\/v2\/categories?post=155399"},{"taxonomy":"post_tag","embeddable":true,"href":"https:\/\/kamucalisani.net\/index.php\/wp-json\/wp\/v2\/tags?post=155399"}],"curies":[{"name":"wp","href":"https:\/\/api.w.org\/{rel}","templated":true}]}}