{"id":155403,"date":"2025-12-22T06:36:09","date_gmt":"2025-12-22T06:36:09","guid":{"rendered":"https:\/\/kamucalisani.net\/?p=155403"},"modified":"2025-12-22T06:36:09","modified_gmt":"2025-12-22T06:36:09","slug":"besiktasta-sergen-yalcinin-istedigi-yildiza-yonetimden-onay-cikmadi","status":"publish","type":"post","link":"https:\/\/kamucalisani.net\/index.php\/2025\/12\/22\/besiktasta-sergen-yalcinin-istedigi-yildiza-yonetimden-onay-cikmadi\/","title":{"rendered":"Be\u015fikta\u015f&#8217;ta Sergen Yal\u00e7\u0131n&#8217;\u0131n istedi\u011fi y\u0131ld\u0131za y\u00f6netimden onay \u00e7\u0131kmad\u0131!"},"content":{"rendered":"<p><p>Transfer \u00e7al\u0131\u015fmalar\u0131n\u0131 har\u0131l har\u0131l s\u00fcrd\u00fcren Be\u015fikta\u015f Y\u00f6netimi, devre aras\u0131 i\u00e7in g\u00f6r\u00fc\u015fmelerine devam ediyor. Bu do\u011frultuda Kara Kartal\u2019\u0131n, 4-5 takviye yapmas\u0131 bekleniyor. Gelen haberlere g\u00f6re ise istenen ilk isim belli oldu.<\/p>\n<p><strong>BONSERV\u0130S\u0130 SORUN OLDU<\/strong><\/p>\n<p>Be\u015fikta\u015f Teknik Direkt\u00f6r\u00fc Sergen Yal\u00e7\u0131n, \u0130talya Serie A ekiplerinden Inter\u2019in formas\u0131n\u0131 giyen Carlos Augusto\u2019nun tak\u0131ma kat\u0131lmas\u0131n\u0131 talep etti. Bu do\u011frultuda maliyet ara\u015ft\u0131rmas\u0131 yap\u0131ld\u0131. \u00c7izme ekibi, Brezilyal\u0131 savunmac\u0131 i\u00e7in 20 milyon Euro bonservis bedeli talep etti.<\/p>\n<div>\n<div><img decoding=\"async\" src=\"https:\/\/kamucalisani.net\/wp-content\/uploads\/2025\/12\/besiktasta-sergen-yalcinin-istedigi-yildiza-yonetimden-onay-cikmadi-0-CrqfpBYV.jpg\"\/><\/img><\/div>\n<\/div>\n<p><strong>24 MA\u00c7TA 5 GOLE KATKI<\/strong><\/p>\n<p>Be\u015fikta\u015f Y\u00f6netimi i\u00e7in istenen mebla\u011fn\u0131n \u00e7ok y\u00fcksek oldu\u011fu bilgisine ula\u015f\u0131ld\u0131. H\u00e2l b\u00f6yle olunca transferin \u00e7\u0131kmaza girdi\u011fi bilgisine ula\u015f\u0131ld\u0131. Konuyla ilgili olarak y\u00f6netim ve teknik ekibin tekrar g\u00f6r\u00fc\u015fece\u011fi belirtildi. 26 ya\u015f\u0131ndaki oyuncu, bu sezon \u00e7\u0131kt\u0131\u011f\u0131 24 ma\u00e7ta 2 gol ve 3 asistlik performans sergilemi\u015fti.<\/p>\n\n<p><\/p>\n<p>Kaynak :\u00a0<span style=\"background-color: rgb(255, 249, 236); color: rgb(55, 58, 60); font-size: 14px;\">http:\/\/www.milliyet.com.tr\/skorer\/besiktasta-sergen-yalcinin-istedigi-yildiza-yonetimden-onay-cikmadi-7506819<\/span><\/p>\n","protected":false},"excerpt":{"rendered":"<p>Be\u015fikta\u015f&#8217;ta Sergen Yal\u00e7\u0131n\u2019\u0131n transfer edilmesin, istedi\u011fi ilk isim belli oldu. Tecr\u00fcbeli teknik adam, y\u0131ld\u0131z savunmac\u0131y\u0131 \u00e7ok istese de y\u00f6netim, y\u00fcksek maliyeti nedeniyle onay vermeyince transfer \u00e7\u0131kmaza girdi.<\/p>\n","protected":false},"author":1,"featured_media":155404,"comment_status":"open","ping_status":"open","sticky":false,"template":"","format":"standard","meta":{"footnotes":""},"categories":[7],"tags":[],"class_list":["post-155403","post","type-post","status-publish","format-standard","has-post-thumbnail","hentry","category-spor"],"_links":{"self":[{"href":"https:\/\/kamucalisani.net\/index.php\/wp-json\/wp\/v2\/posts\/155403","targetHints":{"allow":["GET"]}}],"collection":[{"href":"https:\/\/kamucalisani.net\/index.php\/wp-json\/wp\/v2\/posts"}],"about":[{"href":"https:\/\/kamucalisani.net\/index.php\/wp-json\/wp\/v2\/types\/post"}],"author":[{"embeddable":true,"href":"https:\/\/kamucalisani.net\/index.php\/wp-json\/wp\/v2\/users\/1"}],"replies":[{"embeddable":true,"href":"https:\/\/kamucalisani.net\/index.php\/wp-json\/wp\/v2\/comments?post=155403"}],"version-history":[{"count":1,"href":"https:\/\/kamucalisani.net\/index.php\/wp-json\/wp\/v2\/posts\/155403\/revisions"}],"predecessor-version":[{"id":155406,"href":"https:\/\/kamucalisani.net\/index.php\/wp-json\/wp\/v2\/posts\/155403\/revisions\/155406"}],"wp:featuredmedia":[{"embeddable":true,"href":"https:\/\/kamucalisani.net\/index.php\/wp-json\/wp\/v2\/media\/155404"}],"wp:attachment":[{"href":"https:\/\/kamucalisani.net\/index.php\/wp-json\/wp\/v2\/media?parent=155403"}],"wp:term":[{"taxonomy":"category","embeddable":true,"href":"https:\/\/kamucalisani.net\/index.php\/wp-json\/wp\/v2\/categories?post=155403"},{"taxonomy":"post_tag","embeddable":true,"href":"https:\/\/kamucalisani.net\/index.php\/wp-json\/wp\/v2\/tags?post=155403"}],"curies":[{"name":"wp","href":"https:\/\/api.w.org\/{rel}","templated":true}]}}