{"id":155498,"date":"2025-12-22T09:06:11","date_gmt":"2025-12-22T09:06:11","guid":{"rendered":"https:\/\/kamucalisani.net\/?p=155498"},"modified":"2025-12-22T09:06:11","modified_gmt":"2025-12-22T09:06:11","slug":"minibus-dereye-yatagina-uctu-kaza-ani-kamerada","status":"publish","type":"post","link":"https:\/\/kamucalisani.net\/index.php\/2025\/12\/22\/minibus-dereye-yatagina-uctu-kaza-ani-kamerada\/","title":{"rendered":"Minib\u00fcs dereye yata\u011f\u0131na u\u00e7tu! Kaza an\u0131 kamerada"},"content":{"rendered":"<p><p>Kaza, gece saatlerinde Gemlik il\u00e7esi Kuvayi Milliye Bulvar\u0131\u2019nda meydana geldi. S\u00fcr\u00fcc\u00fcs\u00fcn\u00fcn kontrol\u00fcnden \u00e7\u0131kan minib\u00fcs, yol kenar\u0131ndaki dere yata\u011f\u0131na d\u00fc\u015ft\u00fc.<\/p>\n<p>\u00c7evredekilerin ihbar\u0131yla olay yerine itfaiye, polis ve sa\u011fl\u0131k ekipleri sevk edildi. Yaralanan minib\u00fcs s\u00fcr\u00fcc\u00fcs\u00fc, ambulansla Gemlik Devlet Hastanesi&#8217;ne kald\u0131r\u0131ld\u0131.<\/p>\n<p>S\u00fcr\u00fcc\u00fcn\u00fcn durumunun iyi oldu\u011fu \u00f6\u011frenilirken, kaza bir i\u015f yerinin g\u00fcvenlik kameras\u0131na yans\u0131d\u0131.<\/p>\n<p>Soru\u015fturma s\u00fcr\u00fcyor.<\/p>\n<div>\n<div><img decoding=\"async\" src=\"https:\/\/kamucalisani.net\/wp-content\/uploads\/2025\/12\/minibus-dereye-yatagina-uctu-kaza-ani-kamerada-0-MK3LkC9Q.jpg\"\/><\/img><\/div>\n<\/div>\n<p><\/p>\n<div>\n<div><img decoding=\"async\" src=\"https:\/\/kamucalisani.net\/wp-content\/uploads\/2025\/12\/minibus-dereye-yatagina-uctu-kaza-ani-kamerada-1-XldircXU.jpg\"\/><\/img><\/div>\n<\/div>\n<p><\/p>\n<div>\n<div><img decoding=\"async\" src=\"https:\/\/kamucalisani.net\/wp-content\/uploads\/2025\/12\/minibus-dereye-yatagina-uctu-kaza-ani-kamerada-2-gTrLVL9O.jpg\"\/><\/img><\/div>\n<\/div>\n<p><\/p>\n<p>Kaynak :\u00a0<span style=\"background-color: rgb(255, 249, 236); color: rgb(55, 58, 60); font-size: 14px;\">http:\/\/www.milliyet.com.tr\/gundem\/minibus-dereye-yatagina-uctu-kaza-ani-kamerada-7506936<\/span><\/p>\n","protected":false},"excerpt":{"rendered":"<p>Bursa&#8217;n\u0131n Gemlik il\u00e7esinde minib\u00fcs\u00fcn dereye u\u00e7tu\u011fu kaza, g\u00fcvenlik kameras\u0131na yans\u0131d\u0131.<\/p>\n","protected":false},"author":1,"featured_media":155499,"comment_status":"open","ping_status":"open","sticky":false,"template":"","format":"standard","meta":{"footnotes":""},"categories":[3],"tags":[],"class_list":["post-155498","post","type-post","status-publish","format-standard","has-post-thumbnail","hentry","category-guncel"],"_links":{"self":[{"href":"https:\/\/kamucalisani.net\/index.php\/wp-json\/wp\/v2\/posts\/155498","targetHints":{"allow":["GET"]}}],"collection":[{"href":"https:\/\/kamucalisani.net\/index.php\/wp-json\/wp\/v2\/posts"}],"about":[{"href":"https:\/\/kamucalisani.net\/index.php\/wp-json\/wp\/v2\/types\/post"}],"author":[{"embeddable":true,"href":"https:\/\/kamucalisani.net\/index.php\/wp-json\/wp\/v2\/users\/1"}],"replies":[{"embeddable":true,"href":"https:\/\/kamucalisani.net\/index.php\/wp-json\/wp\/v2\/comments?post=155498"}],"version-history":[{"count":1,"href":"https:\/\/kamucalisani.net\/index.php\/wp-json\/wp\/v2\/posts\/155498\/revisions"}],"predecessor-version":[{"id":155503,"href":"https:\/\/kamucalisani.net\/index.php\/wp-json\/wp\/v2\/posts\/155498\/revisions\/155503"}],"wp:featuredmedia":[{"embeddable":true,"href":"https:\/\/kamucalisani.net\/index.php\/wp-json\/wp\/v2\/media\/155499"}],"wp:attachment":[{"href":"https:\/\/kamucalisani.net\/index.php\/wp-json\/wp\/v2\/media?parent=155498"}],"wp:term":[{"taxonomy":"category","embeddable":true,"href":"https:\/\/kamucalisani.net\/index.php\/wp-json\/wp\/v2\/categories?post=155498"},{"taxonomy":"post_tag","embeddable":true,"href":"https:\/\/kamucalisani.net\/index.php\/wp-json\/wp\/v2\/tags?post=155498"}],"curies":[{"name":"wp","href":"https:\/\/api.w.org\/{rel}","templated":true}]}}