{"id":155560,"date":"2025-12-22T10:36:13","date_gmt":"2025-12-22T10:36:13","guid":{"rendered":"https:\/\/kamucalisani.net\/?p=155560"},"modified":"2025-12-22T10:36:13","modified_gmt":"2025-12-22T10:36:13","slug":"vatani-icin-canini-veren-mehmetcigin-kararli-mucadelesi-sarikamis-harekati","status":"publish","type":"post","link":"https:\/\/kamucalisani.net\/index.php\/2025\/12\/22\/vatani-icin-canini-veren-mehmetcigin-kararli-mucadelesi-sarikamis-harekati\/","title":{"rendered":"Vatan\u0131 i\u00e7in can\u0131n\u0131 veren Mehmet\u00e7i\u011fin kararl\u0131 m\u00fccadelesi: Sar\u0131kam\u0131\u015f Harekat\u0131"},"content":{"rendered":"<p><p>Osmanl\u0131 ile Rus ordular\u0131 aras\u0131nda ge\u00e7en Kafkas Cephesi muharebesinin en \u00f6nemli d\u00f6n\u00fcm noktas\u0131 olarak bilinen ve 22 Aral\u0131k 1914&#8217;te ba\u015flay\u0131p 15 Ocak 1915&#8217;te sona eren Sar\u0131kam\u0131\u015f Harekat\u0131&#8217;nda, \u00e7at\u0131\u015fma, hastal\u0131k ve dondurucu so\u011fuklar nedeniyle \u015fehit d\u00fc\u015fen T\u00fcrk askerleri her y\u0131l an\u0131l\u0131yor.<\/p>\n<p>1. D\u00fcnya Sava\u015f\u0131&#8217;nda Rus i\u015fgaline kar\u015f\u0131 ba\u015flat\u0131larak \u00e7ok say\u0131da askerin Allahuekber ve So\u011fanl\u0131 da\u011flar\u0131 ba\u015fta olmak \u00fczere y\u00f6redeki \u00e7at\u0131\u015fmalar ve dondurucu so\u011fuklar nedeniyle \u015fehit d\u00fc\u015ft\u00fc\u011f\u00fc Sar\u0131kam\u0131\u015f Harekat\u0131&#8217;n\u0131n ac\u0131 hat\u0131ralar\u0131 unutulmuyor.<\/p>\n<p>\u0130\u015fgal alt\u0131ndaki topraklar\u0131 kurtarmak i\u00e7in Allahuekber ve So\u011fanl\u0131 da\u011flar\u0131 ba\u015fta olmak \u00fczere Kars&#8217;\u0131n Sar\u0131kam\u0131\u015f il\u00e7esinde 1. D\u00fcnya Sava\u015f\u0131&#8217;nda \u015fehit olan askerler i\u00e7in yurdun d\u00f6rt bir yan\u0131nda etkinlikler d\u00fczenlenecek.<\/p>\n<p>Ruslar\u0131n s\u0131cak denizlere inme hayalini engellemek i\u00e7in ba\u015flat\u0131lan ve &#8220;son 140 y\u0131l\u0131n en ac\u0131 olaylar\u0131ndan biri&#8221; olarak nitelendirilen harekat nedeniyle her y\u0131l ocak ay\u0131n\u0131n ilk haftas\u0131nda \u015fehit askerleri anmak i\u00e7in programlar yap\u0131l\u0131yor.<\/p>\n<div>\n<div><img decoding=\"async\" src=\"https:\/\/kamucalisani.net\/wp-content\/uploads\/2025\/12\/vatani-icin-canini-veren-mehmetcigin-kararli-mucadelesi-sarikamis-harekati-0-ni5xhFWu.jpg\"\/><\/img><\/div>\n<\/div>\n<p><strong>&#8220;\u015eEF\u0130K BEY, HER YIL MEZARI BA\u015eINDA ANILIYOR&#8221; <\/strong><\/p>\n<p>Erzurum&#8217;un \u015eenkaya il\u00e7esi ile Ardahan&#8217;\u0131n G\u00f6le il\u00e7esi aras\u0131nda yer alan Kar\u0131ncad\u00fcz\u00fc mevkisinde de bir\u00e7ok \u015fehidin an\u0131s\u0131 anlat\u0131l\u0131yor.<\/p>\n<p>1914&#8217;teki Sar\u0131kam\u0131\u015f Harekat\u0131 s\u0131ras\u0131nda \u015fehit olan ve y\u00f6rede otlayan hayvanlar\u0131n \u015fehidin oldu\u011fu b\u00f6lgeye ayak basmamas\u0131yla naa\u015f\u0131 bulunan \u015eehit Top\u00e7u Y\u00fczba\u015f\u0131 \u015eefik Bey&#8217;in, her y\u0131l mezar\u0131 ba\u015f\u0131nda anma program\u0131 d\u00fczenleniyor.<\/p>\n<p>Burada \u015eefik Bey ve Sar\u0131kam\u0131\u015f \u015fehitleri i\u00e7in d\u00fczenlenen anma program\u0131nda, Kur&#8217;an-\u0131 Kerim okunuyor, dualar ediliyor.<\/p>\n<div>\n<div><img decoding=\"async\" src=\"https:\/\/kamucalisani.net\/wp-content\/uploads\/2025\/12\/vatani-icin-canini-veren-mehmetcigin-kararli-mucadelesi-sarikamis-harekati-1-8ETqJ9Q2.jpg\"\/><\/img><\/div>\n<\/div>\n<p>Kar\u0131ncad\u00fcz\u00fc mevkisinde an\u0131t\u0131 yap\u0131lan \u015fehit Y\u00fczba\u015f\u0131 \u015eefik Bey an\u0131s\u0131na o d\u00f6nem d\u00fczenlenen ilk programda &#8220;t\u00f6ren komutanl\u0131\u011f\u0131&#8221; g\u00f6revini \u00fcstlenen Van Y\u00fcz\u00fcnc\u00fc Y\u0131l \u00dcniversitesi Edebiyat Fak\u00fcltesi \u00d6\u011fretim \u00dcyesi Dr. \u00d6mer Demirba\u011f, ya\u015fananlar\u0131 anlatt\u0131.<\/p>\n<p>Demirba\u011f, AA muhabirine, G\u00f6le il\u00e7esinde top\u00e7u aste\u011fmen yedek subayl\u0131k g\u00f6revini y\u00fcr\u00fctt\u00fc\u011f\u00fcn\u00fc s\u00f6yledi.<\/p>\n<p>Askerlik yapt\u0131\u011f\u0131 d\u00f6nemde k\u00f6yl\u00fclerin Kar\u0131ncad\u00fcz\u00fc mevkisinde bir \u015fehit mezar\u0131 olabilece\u011fi \u00fczerine alay komutanl\u0131\u011f\u0131na dilek\u00e7e verdi\u011fini anlatan Demirba\u011f, &#8220;K\u0131\u015f tatbikat\u0131n\u0131n oldu\u011fu g\u00fcnlerde k\u00f6yl\u00fcler, Kar\u0131ncad\u00fcz\u00fc denilen mevkisinde G\u00f6le ile \u015eenkaya&#8217;n\u0131n De\u011firmenlidere Mahallesi (Avundur) aras\u0131nda hayvanlar\u0131n, s\u00fcr\u00fclerin belli bir b\u00f6lgeye ayak basmad\u0131klar\u0131n\u0131, s\u00fcr\u00fclmelerine ra\u011fmen oraya basmamaya itina ettiklerini, dolay\u0131s\u0131yla orada bir \u015fehit olabilece\u011fini belirterek bu durumu alay komutanl\u0131\u011f\u0131na dilek\u00e7eyle bildirdi.&#8221; dedi.<\/p>\n<div>\n<div><img decoding=\"async\" src=\"https:\/\/kamucalisani.net\/wp-content\/uploads\/2025\/12\/vatani-icin-canini-veren-mehmetcigin-kararli-mucadelesi-sarikamis-harekati-2-QR3Nqk3r.jpg\"\/><\/img><\/div>\n<\/div>\n<p><strong>&#8220;Y\u00dcZBA\u015eININ NAA\u015eINI ORTAYA \u00c7IKARDILAR&#8221; <\/strong><\/p>\n<p>Dilek\u00e7enin dikkate al\u0131nd\u0131\u011f\u0131n\u0131 dile getiren Demirba\u011f, \u015funlar\u0131 kaydetti:<\/p>\n<p>&#8220;Dilek\u00e7e ciddiye al\u0131nd\u0131, kaz\u0131ld\u0131 ve hakikaten bir y\u00fczba\u015f\u0131 \u00e7\u0131kt\u0131. 1914&#8217;te \u015fehit olmu\u015f, tabi \u015fehit oldu\u011fu i\u00e7in hi\u00e7 \u00e7\u00fcr\u00fcmemi\u015f, silah\u0131 elinde r\u00fctbelerine kadar sa\u011flam, y\u00fczba\u015f\u0131n\u0131n naa\u015f\u0131n\u0131 ortaya \u00e7\u0131kard\u0131lar. K\u00f6yl\u00fclerin dediklerine g\u00f6re silah\u0131 elinden almakta \u00e7ok zorlanm\u0131\u015flar, daha sonra orada bir an\u0131t dikildi. \u0130lk t\u00f6ren komutanl\u0131\u011f\u0131n\u0131 da ben yapt\u0131m, orada t\u00f6ren at\u0131\u015f\u0131 yapt\u0131rd\u0131m. Fatihalarla Yasinlerle o m\u00fcbarek zat\u0131 kar\u015f\u0131lad\u0131k \u015fu anda an\u0131t\u0131 orada bulunuyor. Ger\u00e7ek bir \u015fehittir, y\u00fczba\u015f\u0131d\u0131r, isminin de \u015eefik oldu\u011funu duymu\u015ftum.&#8221;<\/p>\n<p>De\u011firmenlidere Mahallesi sakinlerinden Hakan Akt\u00fcrk ise babas\u0131n\u0131n \u015fehidi g\u00f6rd\u00fc\u011f\u00fcn\u00fc ve her zaman an\u0131ta gelerek dua okuduklar\u0131n\u0131 ifade etti.<\/p>\n<p>Akt\u00fcrk, &#8220;Babam\u0131n anlatt\u0131\u011f\u0131na g\u00f6re askerin \u00e7izmesi varm\u0131\u015f k\u0131yafeti de \u00fcst\u00fcndeymi\u015f hi\u00e7 bir yerinde herhangi bir bozulma olmam\u0131\u015f, sadece kalpa\u011f\u0131nda biraz \u00e7\u00fcr\u00fcme oldu\u011funu s\u00f6yledi. Ruslara kar\u015f\u0131 burada sava\u015f olmu\u015f b\u00f6lgede bir \u00e7ok \u015fehit var.&#8221; ifadelerini kulland\u0131.<\/p>\n<div>\n<div><img decoding=\"async\" src=\"https:\/\/kamucalisani.net\/wp-content\/uploads\/2025\/12\/vatani-icin-canini-veren-mehmetcigin-kararli-mucadelesi-sarikamis-harekati-3-NJKQJzpJ.jpg\"\/><\/img><\/div>\n<\/div>\n<p><\/p>\n<p>Kaynak :\u00a0<span style=\"background-color: rgb(255, 249, 236); color: rgb(55, 58, 60); font-size: 14px;\">http:\/\/www.milliyet.com.tr\/gundem\/vatani-icin-canini-veren-mehmetcigin-kararli-mucadelesi-sarikamis-harekati-7507033<\/span><\/p>\n","protected":false},"excerpt":{"rendered":"<p>1. D\u00fcnya Sava\u015f\u0131 s\u0131ras\u0131nda d\u00fczenlenen Sar\u0131kam\u0131\u015f Ku\u015fatma Harekat\u0131&#8217;nda Allahuekber ve So\u011fanl\u0131 da\u011flar\u0131ndaki \u00e7at\u0131\u015fma ile amans\u0131z k\u0131\u015f \u015fartlar\u0131nda \u015fehit olan askerlerin hikayeleri unutulmuyor.<\/p>\n","protected":false},"author":1,"featured_media":155561,"comment_status":"open","ping_status":"open","sticky":false,"template":"","format":"standard","meta":{"footnotes":""},"categories":[3],"tags":[957,10376,10375,2130,10374],"class_list":["post-155560","post","type-post","status-publish","format-standard","has-post-thumbnail","hentry","category-guncel","tag-dile","tag-sarikamis","tag-sefik","tag-sehit","tag-yuzbasi"],"_links":{"self":[{"href":"https:\/\/kamucalisani.net\/index.php\/wp-json\/wp\/v2\/posts\/155560","targetHints":{"allow":["GET"]}}],"collection":[{"href":"https:\/\/kamucalisani.net\/index.php\/wp-json\/wp\/v2\/posts"}],"about":[{"href":"https:\/\/kamucalisani.net\/index.php\/wp-json\/wp\/v2\/types\/post"}],"author":[{"embeddable":true,"href":"https:\/\/kamucalisani.net\/index.php\/wp-json\/wp\/v2\/users\/1"}],"replies":[{"embeddable":true,"href":"https:\/\/kamucalisani.net\/index.php\/wp-json\/wp\/v2\/comments?post=155560"}],"version-history":[{"count":1,"href":"https:\/\/kamucalisani.net\/index.php\/wp-json\/wp\/v2\/posts\/155560\/revisions"}],"predecessor-version":[{"id":155566,"href":"https:\/\/kamucalisani.net\/index.php\/wp-json\/wp\/v2\/posts\/155560\/revisions\/155566"}],"wp:featuredmedia":[{"embeddable":true,"href":"https:\/\/kamucalisani.net\/index.php\/wp-json\/wp\/v2\/media\/155561"}],"wp:attachment":[{"href":"https:\/\/kamucalisani.net\/index.php\/wp-json\/wp\/v2\/media?parent=155560"}],"wp:term":[{"taxonomy":"category","embeddable":true,"href":"https:\/\/kamucalisani.net\/index.php\/wp-json\/wp\/v2\/categories?post=155560"},{"taxonomy":"post_tag","embeddable":true,"href":"https:\/\/kamucalisani.net\/index.php\/wp-json\/wp\/v2\/tags?post=155560"}],"curies":[{"name":"wp","href":"https:\/\/api.w.org\/{rel}","templated":true}]}}