{"id":155908,"date":"2025-12-23T05:42:09","date_gmt":"2025-12-23T05:42:09","guid":{"rendered":"https:\/\/kamucalisani.net\/?p=155908"},"modified":"2025-12-23T05:42:09","modified_gmt":"2025-12-23T05:42:09","slug":"galatasarayda-veda-super-lig-ekibiyle-anlasma-yakin-bonservis-karari","status":"publish","type":"post","link":"https:\/\/kamucalisani.net\/index.php\/2025\/12\/23\/galatasarayda-veda-super-lig-ekibiyle-anlasma-yakin-bonservis-karari\/","title":{"rendered":"Galatasaray&#8217;da veda! S\u00fcper Lig ekibiyle anla\u015fma yak\u0131n, bonservis karar\u0131"},"content":{"rendered":"<p><p>Galatasaray\u2019da Berkan Kutlu ile yollar\u0131n ayr\u0131lmas\u0131 art\u0131k netlik kazand\u0131. Sar\u0131 K\u0131rm\u0131z\u0131l\u0131 kul\u00fcpte forma \u015fans\u0131 bulmakta zorlanan 27 ya\u015f\u0131ndaki orta saha oyuncusunun, kariyerine S\u00fcper Lig\u2019de devam etmesi bekleniyor.<\/p>\n<p>Edinilen bilgilere g\u00f6re Galatasaray, Berkan Kutlu\u2019nun transferi konusunda Konyaspor ile g\u00f6r\u00fc\u015fmelerini s\u00fcrd\u00fcr\u00fcyor. Taraflar\u0131n b\u00fcy\u00fck \u00f6l\u00e7\u00fcde anla\u015fma sa\u011flad\u0131\u011f\u0131 \u00f6\u011frenilirken, Sar\u0131 K\u0131rm\u0131z\u0131l\u0131 y\u00f6netimin bu ayr\u0131l\u0131k i\u00e7in herhangi bir bonservis bedeli talep etmeyece\u011fi ifade ediliyor. Galatasaray cephesi, oyuncunun \u00f6n\u00fcn\u00fc a\u00e7ma ve kadro planlamas\u0131nda yer a\u00e7ma ad\u0131na bu transfere kolayl\u0131k sa\u011flamaya s\u0131cak bak\u0131yor.<\/p>\n<p><strong>AYRILIK KA\u00c7INILMAZ<\/strong><\/p>\n<p>2021 yaz transfer d\u00f6neminde Alanyaspor\u2019dan 4 milyon Euro bonservis bedeliyle kadroya kat\u0131lan Berkan Kutlu, Galatasaray formas\u0131yla zaman zaman istikrarl\u0131 performanslar sergilese de son d\u00f6nemde ya\u015fad\u0131\u011f\u0131 sakatl\u0131k nedeniyle uzun s\u00fcredir kadroda yer alam\u0131yordu. Teknik heyetin yeni sezon planlamas\u0131nda d\u00fc\u015f\u00fcnmedi\u011fi tecr\u00fcbeli orta saha oyuncusu i\u00e7in ayr\u0131l\u0131\u011f\u0131n ka\u00e7\u0131n\u0131lmaz oldu\u011fu belirtiliyor.<\/p>\n<div>\n<div><img decoding=\"async\" src=\"https:\/\/kamucalisani.net\/wp-content\/uploads\/2025\/12\/galatasarayda-veda-super-lig-ekibiyle-anlasma-yakin-bonservis-karari-0-irnWChWr.jpg\"\/><\/img><\/div>\n<\/div>\n<p><strong>BERKAN YER\u0130NE TRANSFER GELECEK<\/strong><\/p>\n<p>Konyaspor\u2019un orta sahas\u0131n\u0131 g\u00fc\u00e7lendirmek ad\u0131na Berkan Kutlu transferine \u00f6nem verdi\u011fi, oyuncunun da d\u00fczenli forma giyebilece\u011fi bir tak\u0131ma gitmeye s\u0131cak bakt\u0131\u011f\u0131 kaydediliyor. Transferin k\u0131sa s\u00fcre i\u00e7inde resmiyet kazanmas\u0131 beklenirken, Berkan Kutlu\u2019nun yeni adresinin Konyaspor olmas\u0131 g\u00fc\u00e7l\u00fc bir ihtimal olarak \u00f6ne \u00e7\u0131k\u0131yor.<\/p>\n<p>Galatasaray\u2019da ise bu ayr\u0131l\u0131kla birlikte orta saha rotasyonunda yeni isimlere y\u00f6nelinmesi ve transfer \u00e7al\u0131\u015fmalar\u0131n\u0131n h\u0131z kazanmas\u0131 bekleniyor. Sar\u0131 K\u0131rm\u0131z\u0131l\u0131lar, Berkan Kutlu\u2019nun ayr\u0131l\u0131\u011f\u0131 sonras\u0131 kadroda olu\u015facak bo\u015flu\u011fu yeni takviyelerle doldurmay\u0131 hedefliyor.<\/p>\n\n<p><\/p>\n<p>Kaynak :\u00a0<span style=\"background-color: rgb(255, 249, 236); color: rgb(55, 58, 60); font-size: 14px;\">http:\/\/www.milliyet.com.tr\/skorer\/galatasarayda-veda-super-lig-ekibiyle-anlasma-yakin-bonservis-karari-7507461<\/span><\/p>\n","protected":false},"excerpt":{"rendered":"<p>Galatasaray&#8217;da devre aras\u0131nda tak\u0131mdan ayr\u0131lacak isimler netle\u015fmeye ba\u015flad\u0131. Kadroda d\u00fc\u015f\u00fcn\u00fclmeyen futbolcu, S\u00fcper Lig ekibiyle anla\u015fmaya yak\u0131n.<\/p>\n","protected":false},"author":1,"featured_media":155909,"comment_status":"open","ping_status":"open","sticky":false,"template":"","format":"standard","meta":{"footnotes":""},"categories":[7],"tags":[6800,257,589],"class_list":["post-155908","post","type-post","status-publish","format-standard","has-post-thumbnail","hentry","category-spor","tag-berkan-kutlu","tag-galatasaray","tag-transfer"],"_links":{"self":[{"href":"https:\/\/kamucalisani.net\/index.php\/wp-json\/wp\/v2\/posts\/155908","targetHints":{"allow":["GET"]}}],"collection":[{"href":"https:\/\/kamucalisani.net\/index.php\/wp-json\/wp\/v2\/posts"}],"about":[{"href":"https:\/\/kamucalisani.net\/index.php\/wp-json\/wp\/v2\/types\/post"}],"author":[{"embeddable":true,"href":"https:\/\/kamucalisani.net\/index.php\/wp-json\/wp\/v2\/users\/1"}],"replies":[{"embeddable":true,"href":"https:\/\/kamucalisani.net\/index.php\/wp-json\/wp\/v2\/comments?post=155908"}],"version-history":[{"count":1,"href":"https:\/\/kamucalisani.net\/index.php\/wp-json\/wp\/v2\/posts\/155908\/revisions"}],"predecessor-version":[{"id":155911,"href":"https:\/\/kamucalisani.net\/index.php\/wp-json\/wp\/v2\/posts\/155908\/revisions\/155911"}],"wp:featuredmedia":[{"embeddable":true,"href":"https:\/\/kamucalisani.net\/index.php\/wp-json\/wp\/v2\/media\/155909"}],"wp:attachment":[{"href":"https:\/\/kamucalisani.net\/index.php\/wp-json\/wp\/v2\/media?parent=155908"}],"wp:term":[{"taxonomy":"category","embeddable":true,"href":"https:\/\/kamucalisani.net\/index.php\/wp-json\/wp\/v2\/categories?post=155908"},{"taxonomy":"post_tag","embeddable":true,"href":"https:\/\/kamucalisani.net\/index.php\/wp-json\/wp\/v2\/tags?post=155908"}],"curies":[{"name":"wp","href":"https:\/\/api.w.org\/{rel}","templated":true}]}}