{"id":156032,"date":"2025-12-23T10:30:09","date_gmt":"2025-12-23T10:30:09","guid":{"rendered":"https:\/\/kamucalisani.net\/?p=156032"},"modified":"2025-12-23T10:30:09","modified_gmt":"2025-12-23T10:30:09","slug":"buyukcekmecede-feci-kaza-2-lise-ogrencisi-hayatini-kaybetti","status":"publish","type":"post","link":"https:\/\/kamucalisani.net\/index.php\/2025\/12\/23\/buyukcekmecede-feci-kaza-2-lise-ogrencisi-hayatini-kaybetti\/","title":{"rendered":"B\u00fcy\u00fck\u00e7ekmece&#8217;de feci kaza! 2 lise \u00f6\u011frencisi hayat\u0131n\u0131 kaybetti"},"content":{"rendered":"<p><p>Olay, d\u00fcn ak\u015fam saatlerinde B\u00fcy\u00fck\u00e7ekmece il\u00e7esi Celaliye Mahallesi, Cumhuriyet Caddesi&#8217;nde ya\u015fand\u0131. Edinilen bilgilere g\u00f6re, cadde \u00fczerinde seyir halinde olan Jiyan Ulus (17) y\u00f6netimdeki motosiklet, kar\u015f\u0131 \u015feritten gelen binek ara\u00e7la kafa kafaya \u00e7arp\u0131\u015ft\u0131.<\/p>\n<p>Kaza sonras\u0131 Ulus ve art\u00e7\u0131s\u0131 Muhammet Se\u00e7gin (17) yere d\u00fc\u015ft\u00fc. Kazay\u0131 g\u00f6ren \u00e7evredeki vatanda\u015flar sa\u011fl\u0131k ve polis ekiplerine haber verdi. Jiyan Ulus, olay yerinde hayat\u0131n\u0131 kaybederken Muhammet Se\u00e7gin ise kald\u0131r\u0131ld\u0131\u011f\u0131 hastanede hayat\u0131n\u0131 kaybetti.<\/p>\n<p>Olayla ilgili arac\u0131n s\u00fcr\u00fcc\u00fcs\u00fc g\u00f6zalt\u0131na al\u0131nd\u0131.<\/p>\n<p>Kazan\u0131n ya\u015fand\u0131\u011f\u0131 b\u00f6lgede oturan Canan Da\u011fl\u0131 ya\u015fananlar\u0131 anlatarak, &#8220;Kar\u015f\u0131 istikametlerde geliyordu, yerde \u00f6len ki\u015fide hi\u00e7bir refleks yoktu.<\/p>\n<p>Di\u011feri nefes al\u0131p veriyordu ama k\u00f6t\u00fc durumdayd\u0131. Neden oldu\u011funu bilmiyordum. Kaym\u0131\u015f olabilirler. H\u0131z kesici kasiste yok, ben istekte de bulundum. \u00d6nlem al\u0131nmas\u0131 gerekiyor. Okul b\u00f6lgesi buras\u0131 okula gidiyor \u00e7ocuklar&#8221; dedi.<\/p>\n<p><strong>\u0130K\u0130S\u0130 DE L\u0130SE \u00d6\u011eRENC\u0130S\u0130 <\/strong><\/p>\n<p>Hayat\u0131n\u0131 kaybeden Jiyan Ulus&#8217;un Meslek Lisesi 12&#8217;nci s\u0131n\u0131f \u00f6\u011frencisi, Muhammet Se\u00e7gin&#8217;in ise 11&#8217;nci s\u0131n\u0131f \u00f6\u011frencisi oldu\u011fu \u00f6\u011frenildi.<\/p>\n<div>\n<div><img decoding=\"async\" src=\"https:\/\/kamucalisani.net\/wp-content\/uploads\/2025\/12\/buyukcekmecede-feci-kaza-2-lise-ogrencisi-hayatini-kaybetti-0-x3hXbqud.jpg\"\/><\/img><\/div>\n<\/div>\n<p><\/p>\n<p>Kaynak :\u00a0<span style=\"background-color: rgb(255, 249, 236); color: rgb(55, 58, 60); font-size: 14px;\">http:\/\/www.milliyet.com.tr\/gundem\/buyukcekmecede-feci-kaza-2-lise-ogrencisi-hayatini-kaybetti-7507701<\/span><\/p>\n","protected":false},"excerpt":{"rendered":"<p>\u0130stanbul&#8217;un B\u00fcy\u00fck\u00e7ekmece il\u00e7esinde, motosikletin kar\u015f\u0131 \u015feritten gelen araca \u00e7arpmas\u0131yla meydana gelen kazada 2 lise \u00f6\u011frencisi hayat\u0131n\u0131 kaybederken, s\u00fcr\u00fcc\u00fc ifadesi al\u0131nmak \u00fczere emniyete g\u00f6t\u00fcr\u00fcld\u00fc.<\/p>\n","protected":false},"author":1,"featured_media":156033,"comment_status":"open","ping_status":"open","sticky":false,"template":"","format":"standard","meta":{"footnotes":""},"categories":[3],"tags":[],"class_list":["post-156032","post","type-post","status-publish","format-standard","has-post-thumbnail","hentry","category-guncel"],"_links":{"self":[{"href":"https:\/\/kamucalisani.net\/index.php\/wp-json\/wp\/v2\/posts\/156032","targetHints":{"allow":["GET"]}}],"collection":[{"href":"https:\/\/kamucalisani.net\/index.php\/wp-json\/wp\/v2\/posts"}],"about":[{"href":"https:\/\/kamucalisani.net\/index.php\/wp-json\/wp\/v2\/types\/post"}],"author":[{"embeddable":true,"href":"https:\/\/kamucalisani.net\/index.php\/wp-json\/wp\/v2\/users\/1"}],"replies":[{"embeddable":true,"href":"https:\/\/kamucalisani.net\/index.php\/wp-json\/wp\/v2\/comments?post=156032"}],"version-history":[{"count":1,"href":"https:\/\/kamucalisani.net\/index.php\/wp-json\/wp\/v2\/posts\/156032\/revisions"}],"predecessor-version":[{"id":156035,"href":"https:\/\/kamucalisani.net\/index.php\/wp-json\/wp\/v2\/posts\/156032\/revisions\/156035"}],"wp:featuredmedia":[{"embeddable":true,"href":"https:\/\/kamucalisani.net\/index.php\/wp-json\/wp\/v2\/media\/156033"}],"wp:attachment":[{"href":"https:\/\/kamucalisani.net\/index.php\/wp-json\/wp\/v2\/media?parent=156032"}],"wp:term":[{"taxonomy":"category","embeddable":true,"href":"https:\/\/kamucalisani.net\/index.php\/wp-json\/wp\/v2\/categories?post=156032"},{"taxonomy":"post_tag","embeddable":true,"href":"https:\/\/kamucalisani.net\/index.php\/wp-json\/wp\/v2\/tags?post=156032"}],"curies":[{"name":"wp","href":"https:\/\/api.w.org\/{rel}","templated":true}]}}