{"id":156187,"date":"2025-12-23T14:06:10","date_gmt":"2025-12-23T14:06:10","guid":{"rendered":"https:\/\/kamucalisani.net\/?p=156187"},"modified":"2025-12-23T14:06:10","modified_gmt":"2025-12-23T14:06:10","slug":"yaya-gecidinde-olen-12-yasindaki-mirac-davasinda-yeni-gelisme-korktugum-icin-kactim","status":"publish","type":"post","link":"https:\/\/kamucalisani.net\/index.php\/2025\/12\/23\/yaya-gecidinde-olen-12-yasindaki-mirac-davasinda-yeni-gelisme-korktugum-icin-kactim\/","title":{"rendered":"Yaya ge\u00e7idinde \u00f6len 12 ya\u015f\u0131ndaki Mira\u00e7 davas\u0131nda yeni geli\u015fme! \u2018Korktu\u011fum i\u00e7in ka\u00e7t\u0131m\u2019"},"content":{"rendered":"<p><p>Kaza, 17 Kas\u0131m\u2019da Seyhan il\u00e7esi Ali Bozdo\u011fano\u011flu Bulvar\u0131\u2019nda meydana geldi. Eren K. y\u00f6netimindeki 34 KYM 021 plakal\u0131 otomobil, bisikletiyle yaya ge\u00e7idinden yolun kar\u015f\u0131s\u0131na ge\u00e7meye \u00e7al\u0131\u015fan Muhammet Mira\u00e7 \u00c7am\u2019a \u00e7arpt\u0131. Savrulan \u00c7am, takla atarak asfalta d\u00fc\u015ft\u00fc. \u0130hbarla kaza yerine sa\u011fl\u0131k ve polis ekipleri sevk edildi. Sa\u011fl\u0131k ekipleri Muhammet Mira\u00e7 \u00c7am\u2019\u0131n ya\u015fam\u0131n\u0131 yitirdi\u011fi belirlendi. Arac\u0131n\u0131 b\u0131rak\u0131p ka\u00e7an Eren K., kazadan k\u0131sa s\u00fcre sonra polis merkezine gidip teslim oldu. Eren K.\u2019nin bir s\u00fcre \u00f6nce y\u00fcksek promil alkoll\u00fc yakaland\u0131\u011f\u0131 i\u00e7in ehliyetine el konuldu\u011fu, kaza s\u0131ras\u0131nda da ehliyetsiz oldu\u011fu ortaya \u00e7\u0131kt\u0131. \u0130\u015flemlerinin ard\u0131ndan sevk edildi\u011fi adliyede mahkemeye \u00e7\u0131kar\u0131lan s\u00fcr\u00fcc\u00fc Eren K. tutukland\u0131.<\/p>\n<p><strong>\u2018KORKTU\u011eUM \u0130\u00c7\u0130N KA\u00c7TIM\u2019<\/strong><\/p>\n<p>Hakk\u0131nda Taksirle adam \u00f6ld\u00fcrme\u2019 su\u00e7undan dava a\u00e7\u0131lan Eren K., 20\u2019nci Asliye Ceza Mahkemesi\u2019nde ilk kez hakim kar\u015f\u0131s\u0131na \u00e7\u0131kt\u0131. Kaza s\u0131ras\u0131nda h\u0131zl\u0131 gitmedi\u011fini savunan Eren K., &#8220;Kaza an\u0131nda Muhammet Mira\u00e7 \u00c7am, aniden \u00f6n\u00fcme \u00e7\u0131kt\u0131. Olay yerinden hemen ka\u00e7mad\u0131m. Hatta kaza sonras\u0131 112&#8217;yi aray\u0131p kazay\u0131 anlatarak kendimi ihbar ettim. Korktu\u011fum i\u00e7in ka\u00e7t\u0131m&#8221; dedi.<\/p>\n<p><strong>\u2018HATALI B\u0130R SONUCA ULA\u015eILMI\u015eTIR\u2019<\/strong><\/p>\n<p>Mira\u00e7 ailesinin avukat\u0131 Ahmet \u00d6zkaynak, dosyada yer alan bilirki\u015fi raporuna itiraz etti. \u00d6zkaynak, \u201cBiz daha \u00f6nce dosyaya sunulan, haks\u0131z ve hakkaniyetten uzak \u015fekilde haz\u0131rland\u0131\u011f\u0131n\u0131 d\u00fc\u015f\u00fcnd\u00fc\u011f\u00fcm\u00fcz bilirki\u015fi raporuna itiraz\u0131m\u0131z\u0131 ger\u00e7ekle\u015ftirece\u011fiz. Bilirki\u015fi raporunda hukuki de\u011ferlendirme yanl\u0131\u015f ve eksik yap\u0131lm\u0131\u015f, kusur oran\u0131 belirlenirken mahkemenin esas almas\u0131 gereken hususlar g\u00f6z ard\u0131 edilerek hatal\u0131 bir sonuca ula\u015f\u0131lm\u0131\u015ft\u0131r. Mahkemeden yeniden bilirki\u015fi raporu al\u0131nmas\u0131n\u0131 talep ediyoruz&#8221; diye konu\u015ftu.<\/p>\n<div>\n<div><img decoding=\"async\" src=\"https:\/\/kamucalisani.net\/wp-content\/uploads\/2025\/12\/yaya-gecidinde-olen-12-yasindaki-mirac-davasinda-yeni-gelisme-korktugum-icin-kactim-0-b2x6IgAp.jpg\"\/><\/img><\/div>\n<\/div>\n<p><strong>DURU\u015eMA ERTELEND\u0130<\/strong><\/p>\n<p>Bilirki\u015fi raporunun yeniden d\u00fczenlenmesine karar veren mahkeme hakimi, san\u0131k Eren K.&#8217;nin tutukluluk halinin devam\u0131na karar vererek, duru\u015fmay\u0131 erteledi.<\/p>\n<p>Duru\u015fma \u00f6ncesi aileye destek olmak i\u00e7in adliyeye gelen g\u00f6n\u00fcll\u00fc bisiklet grubu \u00fcyeleri ad\u0131na a\u00e7\u0131klama yapan Kemal Y\u00fccel, olay\u0131n basit bir trafik kazas\u0131 olarak de\u011ferlendirilemeyece\u011fini s\u00f6yledi.<\/p>\n<p>\u00a0<\/p>\n\n<p><\/p>\n<p>Kaynak :\u00a0<span style=\"background-color: rgb(255, 249, 236); color: rgb(55, 58, 60); font-size: 14px;\">http:\/\/www.milliyet.com.tr\/gundem\/yaya-gecidinde-olen-12-yasindaki-mirac-davasinda-yeni-gelisme-korktugum-icin-kactim-7507929<\/span><\/p>\n","protected":false},"excerpt":{"rendered":"<p>Adana\u2019da, yaya ge\u00e7idinden bisikletiyle kar\u015f\u0131ya ge\u00e7meye \u00e7al\u0131\u015fan Muhammet Mira\u00e7 \u00c7am\u2019a (12) otomobiliyle \u00e7arp\u0131p \u00f6l\u00fcm\u00fcne neden olan tutuklu san\u0131k Eren K. (26), Mira\u00e7\u2019\u0131n bir anda \u00f6n\u00fcne \u00e7\u0131kt\u0131\u011f\u0131n\u0131 ve korktu\u011fu i\u00e7in ka\u00e7t\u0131\u011f\u0131n\u0131 ileri s\u00fcrd\u00fc. Duru\u015fmada kazayla ilgili yeniden bilirki\u015fi raporu al\u0131nmas\u0131na karar verildi.<\/p>\n","protected":false},"author":1,"featured_media":156188,"comment_status":"open","ping_status":"open","sticky":false,"template":"","format":"standard","meta":{"footnotes":""},"categories":[3],"tags":[1152,10422,191,446],"class_list":["post-156187","post","type-post","status-publish","format-standard","has-post-thumbnail","hentry","category-guncel","tag-bilirkisi-raporu","tag-eren-k","tag-kaza","tag-mahkeme"],"_links":{"self":[{"href":"https:\/\/kamucalisani.net\/index.php\/wp-json\/wp\/v2\/posts\/156187","targetHints":{"allow":["GET"]}}],"collection":[{"href":"https:\/\/kamucalisani.net\/index.php\/wp-json\/wp\/v2\/posts"}],"about":[{"href":"https:\/\/kamucalisani.net\/index.php\/wp-json\/wp\/v2\/types\/post"}],"author":[{"embeddable":true,"href":"https:\/\/kamucalisani.net\/index.php\/wp-json\/wp\/v2\/users\/1"}],"replies":[{"embeddable":true,"href":"https:\/\/kamucalisani.net\/index.php\/wp-json\/wp\/v2\/comments?post=156187"}],"version-history":[{"count":1,"href":"https:\/\/kamucalisani.net\/index.php\/wp-json\/wp\/v2\/posts\/156187\/revisions"}],"predecessor-version":[{"id":156190,"href":"https:\/\/kamucalisani.net\/index.php\/wp-json\/wp\/v2\/posts\/156187\/revisions\/156190"}],"wp:featuredmedia":[{"embeddable":true,"href":"https:\/\/kamucalisani.net\/index.php\/wp-json\/wp\/v2\/media\/156188"}],"wp:attachment":[{"href":"https:\/\/kamucalisani.net\/index.php\/wp-json\/wp\/v2\/media?parent=156187"}],"wp:term":[{"taxonomy":"category","embeddable":true,"href":"https:\/\/kamucalisani.net\/index.php\/wp-json\/wp\/v2\/categories?post=156187"},{"taxonomy":"post_tag","embeddable":true,"href":"https:\/\/kamucalisani.net\/index.php\/wp-json\/wp\/v2\/tags?post=156187"}],"curies":[{"name":"wp","href":"https:\/\/api.w.org\/{rel}","templated":true}]}}