{"id":156820,"date":"2025-12-24T13:24:12","date_gmt":"2025-12-24T13:24:12","guid":{"rendered":"https:\/\/kamucalisani.net\/?p=156820"},"modified":"2025-12-24T13:24:12","modified_gmt":"2025-12-24T13:24:12","slug":"ortaokulda-ogrencisinin-tufekle-vurdugu-mudurun-saglik-durumu-hakkinda-aciklama","status":"publish","type":"post","link":"https:\/\/kamucalisani.net\/index.php\/2025\/12\/24\/ortaokulda-ogrencisinin-tufekle-vurdugu-mudurun-saglik-durumu-hakkinda-aciklama\/","title":{"rendered":"Ortaokulda \u00f6\u011frencisinin t\u00fcfekle vurdu\u011fu m\u00fcd\u00fcr\u00fcn sa\u011fl\u0131k durumu hakk\u0131nda a\u00e7\u0131klama"},"content":{"rendered":"<p><p>\u00a0Olay, 22 Aral\u0131k\u2019ta il\u00e7edeki R\u00fc\u015ft\u00fc Kaz\u0131m Y\u00fccelen Ortaokulu\u2019nda meydana geldi. Okul m\u00fcd\u00fcr\u00fc Ender Kara, iddiaya g\u00f6re; ge\u00e7en hafta okula elektrikli bisiklet ile gelen \u00f6\u011frenci M.K.&#8217;yi uyard\u0131. Uyar\u0131n\u0131n ard\u0131ndan bu sabah okula t\u00fcfekle gelen M.K., bah\u00e7ede \u00f6\u011frencileri kar\u015f\u0131layan Kara&#8217;ya ate\u015f etti. Sald\u0131r\u0131 an\u0131 g\u00fcvenlik kameras\u0131na yans\u0131rken, \u00f6\u011fretmenlerin ihbar\u0131yla okula sa\u011fl\u0131k ve jandarma ekipleri sevk edildi. A\u011f\u0131r yaralanan Ender Kara, Anamur Devlet Hastanesi&#8217;ne kald\u0131r\u0131ld\u0131. M\u00fcd\u00fcr Kara, buradaki m\u00fcdahalesinin ard\u0131ndan Mersin \u00dcniversitesi (ME\u00dc) T\u0131p Fak\u00fcltesi Hastanesi\u2019ne sevk edildi.\u00a0<\/p>\n<div>\n<div><img decoding=\"async\" src=\"https:\/\/kamucalisani.net\/wp-content\/uploads\/2025\/12\/ortaokulda-ogrencisinin-tufekle-vurdugu-mudurun-saglik-durumu-hakkinda-aciklama-0-9GSHEFu4.jpg\"\/><\/img><\/div>\n<\/div>\n<p>Olay\u0131n ard\u0131ndan M.K., ifadesi i\u00e7in jandarma karakoluna g\u00f6t\u00fcr\u00fcld\u00fc. M.K.&#8217;nin babas\u0131 Y.K. de (55) savc\u0131l\u0131k talimat\u0131yla g\u00f6zalt\u0131na al\u0131nd\u0131. Jandarmadaki i\u015flemlerinin ard\u0131ndan adliyeye sevk edilen baba ve o\u011flu \u00e7\u0131kart\u0131ld\u0131klar\u0131 n\u00f6bet\u00e7i mahkemede tutukland\u0131.\u00a0<\/p>\n<div>\n<div><img decoding=\"async\" src=\"https:\/\/kamucalisani.net\/wp-content\/uploads\/2025\/12\/ortaokulda-ogrencisinin-tufekle-vurdugu-mudurun-saglik-durumu-hakkinda-aciklama-1-4bmNtlh1.jpg\"\/><\/img><\/div>\n<\/div>\n<p>M.K.&#8217;n\u0131n olaydan bir g\u00fcn \u00f6nce sosyal medyada payla\u015ft\u0131\u011f\u0131 hikaye ortaya \u00e7\u0131kt\u0131. M.K.&#8217;n\u0131n sosyal medya hesab\u0131ndan, &#8220;\u00d6n\u00fcmde arkamda babam oldu\u011fu s\u00fcrece a\u011fa da benim, pa\u015fa da benim&#8221; notuyla payla\u015ft\u0131\u011f\u0131 g\u00f6r\u00fcld\u00fc.\u00a0<\/p>\n<div>\n<div><img decoding=\"async\" src=\"https:\/\/kamucalisani.net\/wp-content\/uploads\/2025\/12\/ortaokulda-ogrencisinin-tufekle-vurdugu-mudurun-saglik-durumu-hakkinda-aciklama-2-bcqmqa7t.jpg\"\/><\/img><\/div>\n<\/div>\n<p><strong>TEDAV\u0130S\u0130 DEVAM ED\u0130YOR<\/strong>\u00a0<\/p>\n<p>\u00d6te yandan ME\u00dc Cerrahi T\u0131p Bilimleri Genel Cerrahi Anabilim Dal\u0131 Dr. \u00d6\u011fretim \u00dcyesi Sami Benli \u00f6nc\u00fcl\u00fc\u011f\u00fcndeki heyet taraf\u0131ndan ameliyat s\u00fcreci tamamlanan Kara, g\u00f6zetim alt\u0131nda tutulmaya devam ediyor. Kara\u2019n\u0131n sa\u011fl\u0131k durumu hakk\u0131nda bilgi veren Benli, \u201c\u0130ki g\u00fcn \u00f6nce acil \u015fartlarda ameliyat\u0131n\u0131 ger\u00e7ekle\u015ftirdik. Ate\u015fli silah yaralanmas\u0131 olay\u0131yla kar\u015f\u0131 kar\u015f\u0131yayd\u0131k. V\u00fccudun karaci\u011fer ve g\u00f6\u011f\u00fcs kafesi b\u00f6l\u00fcm\u00fcnden yara alm\u0131\u015ft\u0131. Hastan\u0131n karaci\u011ferinde par\u00e7alanma ve diyafram kas\u0131nda da birka\u00e7 yerinde yaralanma vard\u0131. Diyafram kas\u0131ndaki yaralanmalar\u0131 onard\u0131k. Karaci\u011ferdeki kanamalara m\u00fcdahale ettik. \u015eu an yo\u011fun bak\u0131mda tedavisi devam ediyor. Hastam\u0131z\u0131 bug\u00fcn servise almay\u0131 planl\u0131yoruz. Durumu iyiye gidiyor\u201d dedi.<\/p>\n<div>\n<div><img decoding=\"async\" src=\"https:\/\/kamucalisani.net\/wp-content\/uploads\/2025\/12\/ortaokulda-ogrencisinin-tufekle-vurdugu-mudurun-saglik-durumu-hakkinda-aciklama-3-yg4sP6M5.jpg\"\/><\/img><\/div>\n<\/div>\n<p>\u00a0<\/p>\n\n<p><\/p>\n<p>Kaynak :\u00a0<span style=\"background-color: rgb(255, 249, 236); color: rgb(55, 58, 60); font-size: 14px;\">http:\/\/www.milliyet.com.tr\/gundem\/ortaokulda-ogrencisinin-tufekle-vurdugu-mudurun-saglik-durumu-hakkinda-aciklama-7508609<\/span><\/p>\n","protected":false},"excerpt":{"rendered":"<p>Mersin Anamur il\u00e7esinde ortaokul \u00f6\u011frencisi M.K.&#8217;nin (12), okul bah\u00e7esinde t\u00fcfekle vurdu\u011fu okul m\u00fcd\u00fcr\u00fc Ender Kara\u2019n\u0131n (39) tedavisi devam ediyor. Genel Cerrahi Anabilim Dal\u0131 Dr. \u00d6\u011fretim \u00dcyesi Sami Benli, &#8220;Hastam\u0131z\u0131 bug\u00fcn servise almay\u0131 planl\u0131yoruz. Durumu iyiye gidiyor&#8221; dedi.<\/p>\n","protected":false},"author":1,"featured_media":156821,"comment_status":"open","ping_status":"open","sticky":false,"template":"","format":"standard","meta":{"footnotes":""},"categories":[3],"tags":[6748],"class_list":["post-156820","post","type-post","status-publish","format-standard","has-post-thumbnail","hentry","category-guncel","tag-yara"],"_links":{"self":[{"href":"https:\/\/kamucalisani.net\/index.php\/wp-json\/wp\/v2\/posts\/156820","targetHints":{"allow":["GET"]}}],"collection":[{"href":"https:\/\/kamucalisani.net\/index.php\/wp-json\/wp\/v2\/posts"}],"about":[{"href":"https:\/\/kamucalisani.net\/index.php\/wp-json\/wp\/v2\/types\/post"}],"author":[{"embeddable":true,"href":"https:\/\/kamucalisani.net\/index.php\/wp-json\/wp\/v2\/users\/1"}],"replies":[{"embeddable":true,"href":"https:\/\/kamucalisani.net\/index.php\/wp-json\/wp\/v2\/comments?post=156820"}],"version-history":[{"count":1,"href":"https:\/\/kamucalisani.net\/index.php\/wp-json\/wp\/v2\/posts\/156820\/revisions"}],"predecessor-version":[{"id":156826,"href":"https:\/\/kamucalisani.net\/index.php\/wp-json\/wp\/v2\/posts\/156820\/revisions\/156826"}],"wp:featuredmedia":[{"embeddable":true,"href":"https:\/\/kamucalisani.net\/index.php\/wp-json\/wp\/v2\/media\/156821"}],"wp:attachment":[{"href":"https:\/\/kamucalisani.net\/index.php\/wp-json\/wp\/v2\/media?parent=156820"}],"wp:term":[{"taxonomy":"category","embeddable":true,"href":"https:\/\/kamucalisani.net\/index.php\/wp-json\/wp\/v2\/categories?post=156820"},{"taxonomy":"post_tag","embeddable":true,"href":"https:\/\/kamucalisani.net\/index.php\/wp-json\/wp\/v2\/tags?post=156820"}],"curies":[{"name":"wp","href":"https:\/\/api.w.org\/{rel}","templated":true}]}}