{"id":156995,"date":"2025-12-24T20:06:40","date_gmt":"2025-12-24T20:06:40","guid":{"rendered":"https:\/\/kamucalisani.net\/?p=156995"},"modified":"2025-12-24T20:06:40","modified_gmt":"2025-12-24T20:06:40","slug":"fenerbahceden-sadettin-saran-gundemine-dair-ilk-aciklama-geldi-adli-tipta-bu-testin-tekrarini-isteyecegiz","status":"publish","type":"post","link":"https:\/\/kamucalisani.net\/index.php\/2025\/12\/24\/fenerbahceden-sadettin-saran-gundemine-dair-ilk-aciklama-geldi-adli-tipta-bu-testin-tekrarini-isteyecegiz\/","title":{"rendered":"Fenerbah\u00e7e&#8217;den Sadettin Saran g\u00fcndemine dair ilk a\u00e7\u0131klama geldi: Adli T\u0131p&#8217;ta bu testin tekrar\u0131n\u0131 isteyece\u011fiz"},"content":{"rendered":"<p><p>Fenerbah\u00e7e Y\u00f6netim Kurulu \u00dcyesi Dr. Ahmet Murat Emaneto\u011flu ve Fenerbah\u00e7e Ba\u015fkan Vekili Murat Salar, g\u00fcndeme dair son geli\u015fmelerle ilgili olarak a\u00e7\u0131klamalarda bulunuyor.<\/p>\n<p>\u00a0<\/p>\n<p><strong>&#8220;BU S\u00dcRE\u00c7TEN G\u00dc\u00c7LENEREK \u00c7IKACA\u011eIZ&#8221;<\/strong><\/p>\n<p>Fenerbah\u00e7e Ba\u015fkan Vekili Murat Salar: &#8220;Sabah saatlerinde ba\u015fkan\u0131m\u0131z\u0131n test sonu\u00e7lar\u0131 a\u00e7\u0131kland\u0131. Sonras\u0131nda ba\u015fkan\u0131m\u0131z daha ba\u011f\u0131ms\u0131z yerde test verdi ve kul\u00fcbe d\u00f6nd\u00fc. Ziyaret\u00e7ileri oldu. Ak\u015fam\u00fcst\u00fc saatlerinde kul\u00fcp binas\u0131nda ba\u015fkan\u0131m\u0131z g\u00f6zalt\u0131na al\u0131nd\u0131. \u015eahsi ve kul\u00fcp avukatlar\u0131yla birlikte ba\u015fkan\u0131m\u0131z gitti. S\u00fcreci takip ediyoruz. Adalete g\u00fcvenimiz tam. Fenerbah\u00e7e olarak bu s\u00fcre\u00e7ten g\u00fc\u00e7lenerek \u00e7\u0131kaca\u011f\u0131z.&#8221;<\/p>\n<p><strong>&#8220;BU TEST\u0130N TEKRARINI \u0130STEYECE\u011e\u0130Z&#8221;<\/strong><\/p>\n<p>Fenerbah\u00e7e Y\u00f6netim Kurulu \u00dcyesi Dr. Ahmet Murat Emaneto\u011flu: &#8220;\u00c7ok \u00fczg\u00fcn\u00fcz, y\u00f6netim olarak buraday\u0131z. Ba\u015fkan\u0131m\u0131z hayat\u0131nda b\u00f6yle bir maddeyi g\u00f6rmedi\u011fini s\u00f6yledi. Ayr\u0131ca ba\u015fkan\u0131m\u0131z\u0131n bir\u00e7ok yapt\u0131\u011f\u0131 spor tesisi var. Acaba testte &#8216;Yalanc\u0131 pozitiflik durumu var m\u0131?&#8217; diye soru i\u015fareti bizlerde olu\u015ftu. Uzmanlardan g\u00f6r\u00fc\u015fler ald\u0131k. Rapor bizle payla\u015f\u0131ld\u0131.<\/p>\n<p>\u0130drar, kan ve t\u0131rnak testi negatif \u00e7\u0131kt\u0131. Sadece sa\u00e7 testi pozitif \u00e7\u0131kt\u0131. Sadece bir pozitif, yalanc\u0131 pozitif olarak de\u011ferlendirilebilir. \u0130la\u00e7lar, bitkisel otlar gibi \u015feyler yalanc\u0131 pozitifli\u011fe yol a\u00e7abilir. Bir de bula\u015f durumunda olabilir. Bunu kullanm\u0131\u015f biriyle temas olabilir. Burada \u00e7ok ki\u015fi ziyarete geliyor, yana\u011fa temas oluyor. Testin yap\u0131ld\u0131\u011f\u0131 ortamda ve cihazda, bir \u00f6nceki ki\u015fiden dolay\u0131 sonu\u00e7 yan\u0131ltabiliyor. Saptanan miktar\u0131n alt limitleri var. Bunlar\u0131 hukuk\u00e7ular\u0131m\u0131z de\u011ferlendirecek.<\/p>\n<p>Ba\u015fkan\u0131m\u0131z hayat\u0131nda g\u00f6rmedi\u011fi ve kulland\u0131\u011f\u0131 bir \u015fey i\u00e7in ilk u\u00e7akla buraya geldi. Bu g\u00f6rmedi\u011fi ve kullanmad\u0131\u011f\u0131 i\u00e7in Adli T\u0131p&#8217;ta tekrar\u0131n\u0131 istedi. Ayr\u0131ca bu testi ba\u015fka nerede yapabilme imkan\u0131 oldu\u011funu istemi\u015ftir. Biz de ara\u015ft\u0131rd\u0131k ve yard\u0131mc\u0131 olduk. Adli T\u0131p&#8217;ta bu testin tekrar\u0131n\u0131 isteyece\u011fiz.&#8221;<\/p>\n<p><strong>&#8220;HEP B\u0130RL\u0130KTE OLDU\u011eUMUZDA DAHA G\u00dc\u00c7L\u00dcY\u00dcZ&#8221;<\/strong><\/p>\n<p>Fenerbah\u00e7e Y\u00f6netim Kurulu \u00dcyesi Dr. Ahmet Murat Emaneto\u011flu: &#8220;\u0130tidalli olmak laz\u0131m, bir Fenerbah\u00e7emiz var. Hep birlikte oldu\u011fumuzda g\u00fc\u00e7l\u00fcy\u00fcz. Bunu vurgulamak istiyoruz.&#8221;<\/p>\n<p>\u00a0<\/p>\n<p>\u00a0<\/p>\n\n<p><\/p>\n<p>Kaynak :\u00a0<span style=\"background-color: rgb(255, 249, 236); color: rgb(55, 58, 60); font-size: 14px;\">http:\/\/www.milliyet.com.tr\/skorer\/fenerbahceden-sadettin-saran-gundemine-dair-ilk-aciklama-geldi-adli-tipta-bu-testin-tekrarini-isteyecegiz-7508750<\/span><\/p>\n","protected":false},"excerpt":{"rendered":"<p>Fenerbah\u00e7e Y\u00f6netim Kurulu \u00dcyesi Dr. Ahmet Murat Emaneto\u011flu ve Fenerbah\u00e7e Ba\u015fkan Vekili Murat Salar g\u00fcndeme dair son geli\u015fmelerle ilgili olarak a\u00e7\u0131klamalarda bulundu.<\/p>\n","protected":false},"author":1,"featured_media":156996,"comment_status":"open","ping_status":"open","sticky":false,"template":"","format":"standard","meta":{"footnotes":""},"categories":[7],"tags":[186,184,805,10472,25],"class_list":["post-156995","post","type-post","status-publish","format-standard","has-post-thumbnail","hentry","category-spor","tag-baskan","tag-fenerbahce","tag-murat","tag-pozitif","tag-test"],"_links":{"self":[{"href":"https:\/\/kamucalisani.net\/index.php\/wp-json\/wp\/v2\/posts\/156995","targetHints":{"allow":["GET"]}}],"collection":[{"href":"https:\/\/kamucalisani.net\/index.php\/wp-json\/wp\/v2\/posts"}],"about":[{"href":"https:\/\/kamucalisani.net\/index.php\/wp-json\/wp\/v2\/types\/post"}],"author":[{"embeddable":true,"href":"https:\/\/kamucalisani.net\/index.php\/wp-json\/wp\/v2\/users\/1"}],"replies":[{"embeddable":true,"href":"https:\/\/kamucalisani.net\/index.php\/wp-json\/wp\/v2\/comments?post=156995"}],"version-history":[{"count":1,"href":"https:\/\/kamucalisani.net\/index.php\/wp-json\/wp\/v2\/posts\/156995\/revisions"}],"predecessor-version":[{"id":156997,"href":"https:\/\/kamucalisani.net\/index.php\/wp-json\/wp\/v2\/posts\/156995\/revisions\/156997"}],"wp:featuredmedia":[{"embeddable":true,"href":"https:\/\/kamucalisani.net\/index.php\/wp-json\/wp\/v2\/media\/156996"}],"wp:attachment":[{"href":"https:\/\/kamucalisani.net\/index.php\/wp-json\/wp\/v2\/media?parent=156995"}],"wp:term":[{"taxonomy":"category","embeddable":true,"href":"https:\/\/kamucalisani.net\/index.php\/wp-json\/wp\/v2\/categories?post=156995"},{"taxonomy":"post_tag","embeddable":true,"href":"https:\/\/kamucalisani.net\/index.php\/wp-json\/wp\/v2\/tags?post=156995"}],"curies":[{"name":"wp","href":"https:\/\/api.w.org\/{rel}","templated":true}]}}