{"id":157552,"date":"2025-12-26T04:12:09","date_gmt":"2025-12-26T04:12:09","guid":{"rendered":"https:\/\/kamucalisani.net\/?p=157552"},"modified":"2025-12-26T04:12:09","modified_gmt":"2025-12-26T04:12:09","slug":"kuzeyin-elektrigine-iklim-ayari","status":"publish","type":"post","link":"https:\/\/kamucalisani.net\/index.php\/2025\/12\/26\/kuzeyin-elektrigine-iklim-ayari\/","title":{"rendered":"Kuzeyin elektri\u011fine &#8216;iklim&#8217; ayar\u0131"},"content":{"rendered":"<p><p><span><strong>MELTEM G\u00dcNE\u015e &#8211;<\/strong><\/span> Do\u011fu Karadeniz\u2019de Artvin, Giresun, G\u00fcm\u00fc\u015fhane, Rize ve Trabzon\u2019da 1.6 milyon aboneye elektrik da\u011f\u0131tan \u00c7oruh EDA\u015e, \u015febekeyi iklim de\u011fi\u015fikliklerinin etkilerine kar\u015f\u0131 korumak i\u00e7in harekete ge\u00e7ti.<\/p>\n<p>\u00c7oruh EDA\u015e\u2019\u0131n Genel M\u00fcd\u00fcr\u00fc Mehmet Ayd\u0131n, gazetecilere yapt\u0131\u011f\u0131 de\u011ferlendirmede, T\u00fcrkiye\u2019nin en zor co\u011frafyalar\u0131ndan birinde faaliyet g\u00f6sterdiklerini,\u00a0iklim krizi nedeniyle b\u00f6lgede ya\u011f\u0131\u015flar\u0131n artt\u0131\u011f\u0131n\u0131, f\u0131rt\u0131nalar\u0131n \u015fiddetlendi\u011fini ve bu durumun enerji altyap\u0131s\u0131n\u0131 do\u011frudan etkiledi\u011fini s\u00f6yledi. Ayd\u0131n, \u201cAfet olmadan \u00f6nce harekete ge\u00e7en bir modelle \u00e7al\u0131\u015f\u0131yoruz. \u0130zole iletkenler, yer alt\u0131 kablolar\u0131, koridor bak\u0131mlar\u0131 ve dijital risk haritalama uygulamalar\u0131yla Karadeniz\u2019in en sert co\u011frafyas\u0131nda bile enerjiyi g\u00fcvenle ta\u015f\u0131mak i\u00e7in \u00e7al\u0131\u015f\u0131yoruz\u201d dedi. T\u00fcm senaryolara haz\u0131r olmak i\u00e7in\u00a0son d\u00f6rt y\u0131ldaki\u00a0yat\u0131r\u0131m ve iyile\u015ftirmelerle kesinti s\u00fcrelerini ve kay\u0131p-ka\u00e7ak oran\u0131n\u0131 azaltt\u0131klar\u0131n\u0131 anlatan Ayd\u0131n; 2025\u00a0sonu itibar\u0131yla 14.03 milyar TL\u2019lik yat\u0131r\u0131m\u0131 hayata ge\u00e7ireceklerini dile getirdi.\u00a0<\/p>\n<p>\u00a0<\/p>\n\n<p><\/p>\n<p>Kaynak :\u00a0<span style=\"background-color: rgb(255, 249, 236); color: rgb(55, 58, 60); font-size: 14px;\">http:\/\/www.milliyet.com.tr\/ekonomi\/kuzeyin-elektrigine-iklim-ayari-7509511<\/span><\/p>\n","protected":false},"excerpt":{"rendered":"<p>\u0130klim de\u011fi\u015fikli\u011fiyle artan a\u015f\u0131r\u0131 hava olaylar\u0131 elektik da\u011f\u0131t\u0131m altyap\u0131s\u0131n\u0131 da do\u011frudan etkiliyor.<\/p>\n","protected":false},"author":1,"featured_media":157553,"comment_status":"open","ping_status":"open","sticky":false,"template":"","format":"standard","meta":{"footnotes":""},"categories":[2],"tags":[],"class_list":["post-157552","post","type-post","status-publish","format-standard","has-post-thumbnail","hentry","category-ekonomi"],"_links":{"self":[{"href":"https:\/\/kamucalisani.net\/index.php\/wp-json\/wp\/v2\/posts\/157552","targetHints":{"allow":["GET"]}}],"collection":[{"href":"https:\/\/kamucalisani.net\/index.php\/wp-json\/wp\/v2\/posts"}],"about":[{"href":"https:\/\/kamucalisani.net\/index.php\/wp-json\/wp\/v2\/types\/post"}],"author":[{"embeddable":true,"href":"https:\/\/kamucalisani.net\/index.php\/wp-json\/wp\/v2\/users\/1"}],"replies":[{"embeddable":true,"href":"https:\/\/kamucalisani.net\/index.php\/wp-json\/wp\/v2\/comments?post=157552"}],"version-history":[{"count":1,"href":"https:\/\/kamucalisani.net\/index.php\/wp-json\/wp\/v2\/posts\/157552\/revisions"}],"predecessor-version":[{"id":157554,"href":"https:\/\/kamucalisani.net\/index.php\/wp-json\/wp\/v2\/posts\/157552\/revisions\/157554"}],"wp:featuredmedia":[{"embeddable":true,"href":"https:\/\/kamucalisani.net\/index.php\/wp-json\/wp\/v2\/media\/157553"}],"wp:attachment":[{"href":"https:\/\/kamucalisani.net\/index.php\/wp-json\/wp\/v2\/media?parent=157552"}],"wp:term":[{"taxonomy":"category","embeddable":true,"href":"https:\/\/kamucalisani.net\/index.php\/wp-json\/wp\/v2\/categories?post=157552"},{"taxonomy":"post_tag","embeddable":true,"href":"https:\/\/kamucalisani.net\/index.php\/wp-json\/wp\/v2\/tags?post=157552"}],"curies":[{"name":"wp","href":"https:\/\/api.w.org\/{rel}","templated":true}]}}