{"id":157599,"date":"2025-12-26T05:36:10","date_gmt":"2025-12-26T05:36:10","guid":{"rendered":"https:\/\/kamucalisani.net\/?p=157599"},"modified":"2025-12-26T05:36:10","modified_gmt":"2025-12-26T05:36:10","slug":"fenerbahcede-gonderilebilir-raporu-bonservisi-10-milyon-euro","status":"publish","type":"post","link":"https:\/\/kamucalisani.net\/index.php\/2025\/12\/26\/fenerbahcede-gonderilebilir-raporu-bonservisi-10-milyon-euro\/","title":{"rendered":"Fenerbah\u00e7e&#8217;de &#8216;G\u00f6nderilebilir&#8217; raporu! Bonservisi 10 milyon Euro"},"content":{"rendered":"<p><p>Devre aras\u0131 transferin resmen ba\u015flamas\u0131na az s\u00fcre kala Fenerbah\u00e7e&#8217;de \u00e7al\u0131\u015fmalar s\u00fcr\u00fcyor. Tak\u0131mdan ayr\u0131lacak ilk isim belli olurken bonservisi i\u00e7in karar verildi.<\/p>\n<p><strong>128 M\u0130LYON EURO GEL\u0130R<\/strong><\/p>\n<p>Fenerbah\u00e7e, Kamuyu Ayd\u0131nlatma Platformu (KAP) \u00fczerinden yapt\u0131\u011f\u0131 a\u00e7\u0131klamada, \u015e\u00fckr\u00fc Sara\u00e7o\u011flu Spor Kompleksi ile Derea\u011fz\u0131 Lefter K\u00fc\u00e7\u00fckandonyadis Tesisleri&#8217;nin, Fenerbah\u00e7e Futbol Kul\u00fcb\u00fc&#8217;ne ait olmak \u00fczere Fenerbah\u00e7e Futbol A\u015e&#8217;ye kiraland\u0131\u011f\u0131n\u0131 duyurdu. Yap\u0131lan a\u00e7\u0131klamaya g\u00f6re s\u00f6z konusu kiralama i\u015flemi yakla\u015f\u0131k 128 milyon euro bedelle ger\u00e7ekle\u015ftirildi. Bu anla\u015fman\u0131n, kul\u00fcb\u00fcn finansal y\u00fck\u00fcn\u00fc hafifletmesi ve hem bor\u00e7 yap\u0131land\u0131rmas\u0131 hem de transfer planlamas\u0131 a\u00e7\u0131s\u0131ndan Fenerbah\u00e7e&#8217;ye \u00f6nemli bir hareket alan\u0131 kazand\u0131rmas\u0131 bekleniyor.\u00a0<\/p>\n<div>\n<div><img decoding=\"async\" src=\"https:\/\/kamucalisani.net\/wp-content\/uploads\/2025\/12\/fenerbahcede-gonderilebilir-raporu-bonservisi-10-milyon-euro-0-aB6BJZ5f.jpg\"\/><\/img><\/div>\n<\/div>\n<p><strong>SZYMANSKI \u0130\u00c7\u0130N G\u00d6NDER\u0130LEB\u0130L\u0130R RAPORU<\/strong><\/p>\n<p>Fenerbah\u00e7e&#8217;ye 2023 yaz\u0131nda Rusya&#8217;n\u0131n Dinamo Moskova tak\u0131m\u0131ndan transfer edilen ve k\u0131sa s\u00fcre i\u00e7inde ad\u0131ndan s\u00f6z ettirmeye ba\u015flayan Sebastian Szymanski, 3. sezonunda sat\u0131\u015f listesine koyuldu. 26 ya\u015f\u0131ndaki Polonyal\u0131 futbolcu i\u00e7in bonservis bedeli belirlendi.<\/p>\n<p>Sar\u0131-Lacivertliler&#8217;de 1.5 y\u0131l daha s\u00f6zle\u015fmesi bulunan Szymanski&#8217;ye, teknik direkt\u00f6r Domenico Tedesco da &#8220;g\u00f6nderilebilir&#8221; raporu verdi.\u00a0<\/p>\n<p><strong>MENAJER\u0130 \u00c7ALI\u015eIYOR<\/strong>\u00a0<\/p>\n<p>Sebastian Szymanski, ara transfer d\u00f6neminde ayr\u0131lma ihtimali en y\u00fcksek isimlerden biri. Polonyal\u0131 futbolcu, trib\u00fcnlerin protestolar\u0131 nedeniyle son derece mutsuz. Menajeri, Szymanski ile ilgilenen kul\u00fcplerle g\u00f6r\u00fc\u015fmelere ba\u015flad\u0131.<\/p>\n<p>Lyon\u2019un yan\u0131 s\u0131ra Almanya\u2019dan baz\u0131 tak\u0131mlar\u0131n takip etti\u011fi 26 ya\u015f\u0131ndaki futbolcunun bonservis bedeli 10 milyon Euro olarak belirlendi.\u00a0<\/p>\n<p><strong>2 GOL 2 AS\u0130ST<\/strong><\/p>\n<p>Jose Mourinho d\u00f6neminde ilk 11&#8217;in de\u011fi\u015filmez ismi olan orta saha oyuncusu, Tedesco d\u00f6neminde d\u00fc\u015fen formu nedeniyle formay\u0131 unuttu. S\u00fcper Lig&#8217;de ilk 11&#8217;de hi\u00e7 ba\u015flat\u0131lmayan Sebastian Szymanski son olarak Kad\u0131k\u00f6y&#8217;de 2-1 kaybedilen Ziraat T\u00fcrkiye Kupas\u0131&#8217;nda Be\u015fikta\u015f derbisinde 90 dakika sahada kalm\u0131\u015f ancak trib\u00fcnlerin tepkisiyle kar\u015f\u0131la\u015fm\u0131\u015ft\u0131. Y\u0131ld\u0131z isim bu sezon 24 ma\u00e7ta 2 gol, 2 asistlik skor katk\u0131s\u0131 verdi.<\/p>\n<p>\u00a0<\/p>\n\n<p><\/p>\n<p>Kaynak :\u00a0<span style=\"background-color: rgb(255, 249, 236); color: rgb(55, 58, 60); font-size: 14px;\">http:\/\/www.milliyet.com.tr\/skorer\/fenerbahcede-gonderilebilir-raporu-bonservisi-10-milyon-euro-7509622<\/span><\/p>\n","protected":false},"excerpt":{"rendered":"<p>Devre aras\u0131 transferin resmen ba\u015flamas\u0131na az s\u00fcre kala Fenerbah\u00e7e&#8217;de \u00e7al\u0131\u015fmalar s\u00fcr\u00fcyor. Sar\u0131-lacivertli tak\u0131mda Tedesco&#8217;dan y\u0131ld\u0131z isim i\u00e7in ayr\u0131l\u0131k raporu geldi.<\/p>\n","protected":false},"author":1,"featured_media":157600,"comment_status":"open","ping_status":"open","sticky":false,"template":"","format":"standard","meta":{"footnotes":""},"categories":[7],"tags":[184,949,2354],"class_list":["post-157599","post","type-post","status-publish","format-standard","has-post-thumbnail","hentry","category-spor","tag-fenerbahce","tag-futbol","tag-szymanski"],"_links":{"self":[{"href":"https:\/\/kamucalisani.net\/index.php\/wp-json\/wp\/v2\/posts\/157599","targetHints":{"allow":["GET"]}}],"collection":[{"href":"https:\/\/kamucalisani.net\/index.php\/wp-json\/wp\/v2\/posts"}],"about":[{"href":"https:\/\/kamucalisani.net\/index.php\/wp-json\/wp\/v2\/types\/post"}],"author":[{"embeddable":true,"href":"https:\/\/kamucalisani.net\/index.php\/wp-json\/wp\/v2\/users\/1"}],"replies":[{"embeddable":true,"href":"https:\/\/kamucalisani.net\/index.php\/wp-json\/wp\/v2\/comments?post=157599"}],"version-history":[{"count":1,"href":"https:\/\/kamucalisani.net\/index.php\/wp-json\/wp\/v2\/posts\/157599\/revisions"}],"predecessor-version":[{"id":157602,"href":"https:\/\/kamucalisani.net\/index.php\/wp-json\/wp\/v2\/posts\/157599\/revisions\/157602"}],"wp:featuredmedia":[{"embeddable":true,"href":"https:\/\/kamucalisani.net\/index.php\/wp-json\/wp\/v2\/media\/157600"}],"wp:attachment":[{"href":"https:\/\/kamucalisani.net\/index.php\/wp-json\/wp\/v2\/media?parent=157599"}],"wp:term":[{"taxonomy":"category","embeddable":true,"href":"https:\/\/kamucalisani.net\/index.php\/wp-json\/wp\/v2\/categories?post=157599"},{"taxonomy":"post_tag","embeddable":true,"href":"https:\/\/kamucalisani.net\/index.php\/wp-json\/wp\/v2\/tags?post=157599"}],"curies":[{"name":"wp","href":"https:\/\/api.w.org\/{rel}","templated":true}]}}