{"id":157651,"date":"2025-12-26T07:36:12","date_gmt":"2025-12-26T07:36:12","guid":{"rendered":"https:\/\/kamucalisani.net\/?p=157651"},"modified":"2025-12-26T07:36:12","modified_gmt":"2025-12-26T07:36:12","slug":"ruslardan-topraga-gomerek-sakladilar-700-yillik-emanet-sandiktan-cikti-torundan-toruna-birakildi","status":"publish","type":"post","link":"https:\/\/kamucalisani.net\/index.php\/2025\/12\/26\/ruslardan-topraga-gomerek-sakladilar-700-yillik-emanet-sandiktan-cikti-torundan-toruna-birakildi\/","title":{"rendered":"Ruslar&#8217;dan topra\u011fa g\u00f6merek saklad\u0131lar! 700 y\u0131ll\u0131k emanet sand\u0131ktan \u00e7\u0131kt\u0131: Torundan toruna b\u0131rak\u0131ld\u0131"},"content":{"rendered":"<p><p>Ahmet Yesevi&#8217;nin Anadolu&#8217;ya g\u00f6nderdi\u011fi talebelerden biri olan G\u00fcven\u00e7 Abdal, G\u00fcm\u00fc\u015fhane&#8217;nin K\u00fcrt\u00fcn il\u00e7esine ba\u011fl\u0131 Ta\u015fl\u0131ca k\u00f6y\u00fcne gelerek burada ya\u015fam\u0131n\u0131 s\u00fcrd\u00fcrd\u00fc. T\u00fcrbesi K\u0131r\u015fehir&#8217;de bulunan G\u00fcven\u00e7 Abdal&#8217;\u0131n temsili mezarlar\u0131ndan biri de ad\u0131n\u0131 ta\u015f\u0131yan G\u00fcvende Yaylas\u0131&#8217;nda yer al\u0131yor. G\u00fcvende Yaylas\u0131&#8217;nda y\u00fczy\u0131llard\u0131r yayla \u015fenlikleri d\u00fczenleniyor.<\/p>\n<p>K\u0131r\u015fehir&#8217;den Ta\u015fl\u0131ca k\u00f6y\u00fcne gelen G\u00fcven\u00e7 Abdal, b\u00f6lgenin \u0130slamla\u015fmas\u0131nda etkin rol \u00fcstlendi. K\u00f6ye yerle\u015ftikten sonra ilk olarak bir mescit yapt\u0131rd\u0131. Yap\u0131lan mescit, 1800&#8217;l\u00fc y\u0131llarda onar\u0131m g\u00f6rd\u00fc ve g\u00fcn\u00fcm\u00fcze kadar ayakta kalarak halen ibadete a\u00e7\u0131k \u015fekilde hizmet veriyor.<\/p>\n<div>\n<div><img decoding=\"async\" src=\"https:\/\/kamucalisani.net\/wp-content\/uploads\/2025\/12\/ruslardan-topraga-gomerek-sakladilar-700-yillik-emanet-sandiktan-cikti-torundan-toruna-birakildi-0-ZdbIua1u.jpg\"\/><\/img><\/div>\n<\/div>\n<p>\u00a0<\/p>\n<p><strong>1300&#8217;L\u00dc YILLARA A\u0130T OLDU\u011eU KES\u0130NLE\u015eT\u0130<\/strong><\/p>\n<p>G\u00fcven\u00e7 Abdal taraf\u0131ndan yapt\u0131r\u0131lan camide uzun y\u0131llard\u0131r g\u00f6rev yapan torunu \u0130smail G\u00fcvendi, atalar\u0131ndan yadig\u00e2r olan k\u0131l\u0131\u00e7 ve z\u0131rh g\u00f6mle\u011fini \u00f6zel bir kutuda muhafaza ediyor.<\/p>\n<p>\u00dcniversitelerde g\u00f6rev yapan bilim insanlar\u0131 taraf\u0131ndan ger\u00e7ekle\u015ftirilen karbon testleri sonucunda k\u0131l\u0131\u00e7 ve z\u0131rh g\u00f6mle\u011finin 1300&#8217;l\u00fc y\u0131llara ait oldu\u011fu kesinle\u015fti. Emanetlerin zamanla deforme olmas\u0131n\u0131n nedeni ise 1915 Rus Harbi s\u0131ras\u0131nda korunmalar\u0131 amac\u0131yla topra\u011fa g\u00f6m\u00fclmeleri oldu.<\/p>\n<div>\n<div><img decoding=\"async\" src=\"https:\/\/kamucalisani.net\/wp-content\/uploads\/2025\/12\/ruslardan-topraga-gomerek-sakladilar-700-yillik-emanet-sandiktan-cikti-torundan-toruna-birakildi-1-TMyNxjAe.jpg\"\/><\/img><\/div>\n<\/div>\n<p>Trabzon&#8217;un fethi s\u0131ras\u0131nda sa\u011flanan katk\u0131lar\u0131n ard\u0131ndan Fatih Sultan Mehmet taraf\u0131ndan verilen fermanla tekke berat\u0131 alan G\u00fcven\u00e7 Abdal Oca\u011f\u0131&#8217;nda, Cumhuriyet&#8217;in ilan\u0131na ve tekke ile zaviyelerin kapat\u0131lmas\u0131na kadar uzun y\u0131llar boyunca kazanlar kaynad\u0131.<\/p>\n<div>\n<div><img decoding=\"async\" src=\"https:\/\/kamucalisani.net\/wp-content\/uploads\/2025\/12\/ruslardan-topraga-gomerek-sakladilar-700-yillik-emanet-sandiktan-cikti-torundan-toruna-birakildi-2-OTBmBnCM.jpg\"\/><\/img><\/div>\n<\/div>\n<p>G\u00fcven\u00e7 Abdal&#8217;\u0131n o\u011flu H\u0131d\u0131r Baba ile torunlar\u0131n\u0131n mezarlar\u0131n\u0131n bulundu\u011fu Ta\u015fl\u0131ca k\u00f6y\u00fcnde, G\u00fcven\u00e7 Abdal&#8217;\u0131n tekkesinin yer ald\u0131\u011f\u0131 alana evini in\u015fa eden \u0130smail G\u00fcvendi, G\u00fcven\u00e7 Abdal&#8217;\u0131n Ahmet Yesevi Tekkesi&#8217;nde yeti\u015fti\u011fini ve Anadolu&#8217;da etkin rol \u00fcstlenmek amac\u0131yla Ta\u015fl\u0131ca k\u00f6y\u00fcne yerle\u015fti\u011fini, burada ya\u015fad\u0131\u011f\u0131 s\u00fcre boyunca \u00e7ok say\u0131da m\u00fcridi bulundu\u011funu s\u00f6yledi.<\/p>\n<div>\n<div><img decoding=\"async\" src=\"https:\/\/kamucalisani.net\/wp-content\/uploads\/2025\/12\/ruslardan-topraga-gomerek-sakladilar-700-yillik-emanet-sandiktan-cikti-torundan-toruna-birakildi-3-HLGMr6Qm.jpg\"\/><\/img><\/div>\n<\/div>\n<p><strong>&#8220;ANADOLU&#8217;NUN T\u00dcRKLE\u015eMES\u0130NDE VE \u0130SLAMLA\u015eMASINDA \u00d6NEML\u0130 B\u0130R ROL\u00dc VAR&#8221;<\/strong><\/p>\n<p>G\u00fcven\u00e7 Abdal&#8217;\u0131n tekke kurarak Do\u011fu Karadeniz&#8217;in \u0130slamla\u015fmas\u0131na \u00f6nemli katk\u0131lar sa\u011flad\u0131\u011f\u0131n\u0131 ifade eden \u0130smail G\u00fcvendi, &#8220;G\u00fcven\u00e7 Abdal, 1250&#8217;li y\u0131llardan sonra Anadolu&#8217;ya gelen, Anadolu&#8217;nun kap\u0131lar\u0131 a\u00e7\u0131ld\u0131ktan sonra Anadolu&#8217;nun \u0130slamla\u015fmas\u0131 ve T\u00fcrkle\u015fmesinde \u00f6nc\u00fcl\u00fck etmi\u015f Anadolu alperenlerinden bir tanesidir. G\u00fcven\u00e7 Abdal&#8217;\u0131n as\u0131l ismi Halil Dervi\u015f&#8217;tir. Halil-i Nurettin olarak ge\u00e7er \u015feceredeki ismi. 1250&#8217;li y\u0131llarda buraya gelip mescidini yap\u0131p burada bir tekke kurmu\u015f ve buralar\u0131n \u0130slamla\u015fmas\u0131na \u00f6nc\u00fcl\u00fck etmi\u015flerdir. T\u00fcrkle\u015fmesine de ayn\u0131 zamanda bu \u00c7epni boylar\u0131n\u0131n T\u00fcrkle\u015fmesine onlarla birlikte b\u00fcy\u00fck \u00f6nc\u00fcl\u00fck etmi\u015f ve Anadolu&#8217;nun \u00f6zellikle bu Karadeniz y\u00f6resinin fethedilmesinde m\u00fcthi\u015f fedak\u00e2rl\u0131klar g\u00f6stermi\u015ftir. Fatih&#8217;in Trabzon&#8217;u fethinde bu ocak yeti\u015fenlerinden \u00c7a\u011f\u0131rgan Baba&#8217;n\u0131n, bir rivayete g\u00f6re 22 bin ki\u015filik orduyla Kad\u0131rga Yaylas\u0131&#8217;nda Fatih&#8217;le beraber namaz\u0131 idrak edip hutbeyi Fatih&#8217;in okudu\u011fu, \u00c7a\u011f\u0131rgan Baba&#8217;n\u0131n da orada namaz\u0131 k\u0131ld\u0131rd\u0131\u011f\u0131 rivayet edilmektedir&#8221; dedi.<\/p>\n<p><strong>&#8220;700 YILDIR BU KILI\u00c7 VE ZIRHI KORUYORUZ&#8221; <\/strong><\/p>\n<p>G\u00fcven\u00e7 Abdal&#8217;a ait k\u0131l\u0131\u00e7 ve z\u0131rh\u0131n karbon testleriyle 700 y\u0131la tarihlendi\u011finin alt\u0131n\u0131 \u00e7izen \u0130smail G\u00fcvendi, &#8220;Emanetler, dededen toruna, torundan toruna aktar\u0131lm\u0131\u015ft\u0131r. 1915 y\u0131l\u0131ndaki Rus muhacirli\u011fine kadar da b\u00fcy\u00fck bir \u00f6zenle korunmu\u015ftur. Bu emanetlerin bug\u00fcn deforme olmas\u0131n\u0131n en b\u00fcy\u00fck sebebi, o d\u00f6nemde g\u00fcvenlik amac\u0131yla topra\u011fa g\u00f6m\u00fclm\u00fc\u015f olmalar\u0131d\u0131r. Muhacirlik olay\u0131 ya\u015fan\u0131nca dedelerimiz buradan ayr\u0131lmak zorunda kalm\u0131\u015f, emanetleri topra\u011fa g\u00f6m\u00fcp gitmi\u015flerdir. Geri d\u00f6nd\u00fcklerinde tekrar \u00e7\u0131karm\u0131\u015flar ancak do\u011fal olarak bir miktar deformasyon olu\u015fmu\u015ftur. Yap\u0131lan karbon testlerinde bu emanetlerin 1200&#8217;l\u00fc y\u0131llara ait oldu\u011fu tespit edilmi\u015ftir. Daha sonraki y\u0131llarda, \u00f6zellikle 1990&#8217;l\u0131 y\u0131llara kadar, ziyarete gelen baz\u0131 ki\u015filer taraf\u0131ndan bu emanetlerden teberr\u00fck niyetiyle par\u00e7a al\u0131nm\u0131\u015f, kopar\u0131lm\u0131\u015ft\u0131r. Bu durum asl\u0131nda \u00e7ok yanl\u0131\u015f bir uygulamayd\u0131. Bunun fark\u0131na vard\u0131ktan sonra art\u0131k kimseye par\u00e7a verilmemesi y\u00f6n\u00fcnde karar ald\u0131k. O d\u00f6nemde ate\u015fli silahlar\u0131n olmad\u0131\u011f\u0131 bir zaman diliminden bahsediyoruz. Bu nedenle k\u0131l\u0131\u00e7lar daha \u00e7ok koruma ama\u00e7l\u0131d\u0131r. \u00d6nceleri sava\u015f meydanlar\u0131nda kullan\u0131lan bu k\u0131l\u0131\u00e7, sonraki d\u00f6nemlerde ayn\u0131 \u015fekilde muhafaza edilmi\u015ftir. H\u0131d\u0131r Baba kullanm\u0131\u015ft\u0131r, ondan sonra o\u011flu kullanm\u0131\u015ft\u0131r. Ancak zamanla bu k\u0131l\u0131\u00e7lar sava\u015f alanlar\u0131nda kullan\u0131lmaktan \u00e7\u0131km\u0131\u015ft\u0131r. Biz bu k\u0131l\u0131ca \u2018g\u00f6n\u00fcl k\u0131l\u0131c\u0131&#8217; deriz. Asl\u0131nda bu bir tahta k\u0131l\u0131\u00e7t\u0131r. Koruma amac\u0131 ta\u015f\u0131mas\u0131n\u0131n yan\u0131nda, insanlar\u0131n g\u00f6nl\u00fcn\u00fc fethetmeyi temsil eder&#8221; diye konu\u015ftu.<\/p>\n\n<p><\/p>\n<p>Kaynak :\u00a0<span style=\"background-color: rgb(255, 249, 236); color: rgb(55, 58, 60); font-size: 14px;\">http:\/\/www.milliyet.com.tr\/gundem\/ruslardan-topraga-gomerek-sakladilar-700-yillik-emanet-sandiktan-cikti-torundan-toruna-birakildi-7509655<\/span><\/p>\n","protected":false},"excerpt":{"rendered":"<p>Anadolu ve Karadeniz&#8217;in \u0130slamla\u015fmas\u0131 ve T\u00fcrkle\u015fmesinde \u00f6nemli rol oynayan Orta Asya evliyalar\u0131ndan G\u00fcven\u00e7 Abdal&#8217;a ait k\u0131l\u0131\u00e7 ve z\u0131rh g\u00f6mle\u011fi, 700 y\u0131l\u0131 a\u015fk\u0131n s\u00fcredir G\u00fcm\u00fc\u015fhane&#8217;deki torunlar\u0131 taraf\u0131ndan korunuyor.<\/p>\n","protected":false},"author":1,"featured_media":157652,"comment_status":"open","ping_status":"open","sticky":false,"template":"","format":"standard","meta":{"footnotes":""},"categories":[3],"tags":[1641,654,8577,6237],"class_list":["post-157651","post","type-post","status-publish","format-standard","has-post-thumbnail","hentry","category-guncel","tag-anadolu","tag-kilic","tag-tekke","tag-yillar"],"_links":{"self":[{"href":"https:\/\/kamucalisani.net\/index.php\/wp-json\/wp\/v2\/posts\/157651","targetHints":{"allow":["GET"]}}],"collection":[{"href":"https:\/\/kamucalisani.net\/index.php\/wp-json\/wp\/v2\/posts"}],"about":[{"href":"https:\/\/kamucalisani.net\/index.php\/wp-json\/wp\/v2\/types\/post"}],"author":[{"embeddable":true,"href":"https:\/\/kamucalisani.net\/index.php\/wp-json\/wp\/v2\/users\/1"}],"replies":[{"embeddable":true,"href":"https:\/\/kamucalisani.net\/index.php\/wp-json\/wp\/v2\/comments?post=157651"}],"version-history":[{"count":1,"href":"https:\/\/kamucalisani.net\/index.php\/wp-json\/wp\/v2\/posts\/157651\/revisions"}],"predecessor-version":[{"id":157657,"href":"https:\/\/kamucalisani.net\/index.php\/wp-json\/wp\/v2\/posts\/157651\/revisions\/157657"}],"wp:featuredmedia":[{"embeddable":true,"href":"https:\/\/kamucalisani.net\/index.php\/wp-json\/wp\/v2\/media\/157652"}],"wp:attachment":[{"href":"https:\/\/kamucalisani.net\/index.php\/wp-json\/wp\/v2\/media?parent=157651"}],"wp:term":[{"taxonomy":"category","embeddable":true,"href":"https:\/\/kamucalisani.net\/index.php\/wp-json\/wp\/v2\/categories?post=157651"},{"taxonomy":"post_tag","embeddable":true,"href":"https:\/\/kamucalisani.net\/index.php\/wp-json\/wp\/v2\/tags?post=157651"}],"curies":[{"name":"wp","href":"https:\/\/api.w.org\/{rel}","templated":true}]}}