{"id":158036,"date":"2025-12-26T17:12:11","date_gmt":"2025-12-26T17:12:11","guid":{"rendered":"https:\/\/kamucalisani.net\/?p=158036"},"modified":"2025-12-26T17:12:11","modified_gmt":"2025-12-26T17:12:11","slug":"trafik-magandalarina-gecit-yok-bakan-yerlikaya-duyurdu-geregi-yapildi","status":"publish","type":"post","link":"https:\/\/kamucalisani.net\/index.php\/2025\/12\/26\/trafik-magandalarina-gecit-yok-bakan-yerlikaya-duyurdu-geregi-yapildi\/","title":{"rendered":"Trafik magandalar\u0131na ge\u00e7it yok! Bakan Yerlikaya duyurdu: Gere\u011fi yap\u0131ld\u0131"},"content":{"rendered":"<p><p>\u0130\u00e7i\u015fleri Bakan\u0131 Ali Yerlikaya sosyal medya hesab\u0131ndan yapt\u0131\u011f\u0131 payla\u015f\u0131mda ilk kez Yeni Trafik Kanunu Teklifine giren maddeye g\u00f6re &#8220;Sald\u0131r\u0131 amac\u0131yla ara\u00e7tan inen ve yol kapayan&#8221; s\u00fcr\u00fcc\u00fcye verilen cezalar\u0131 da a\u00e7\u0131klad\u0131.<\/p>\n<p>\u0130\u00e7i\u015fleri Bakan Ali Yerlikaya, Mersin&#8217;in Mezitli il\u00e7esinde 2 g\u00fcn \u00f6nce ara\u00e7tan inip ba\u015fka bir s\u00fcr\u00fcc\u00fcye sald\u0131rarak, trafik g\u00fcvenli\u011fini tehlikeye d\u00fc\u015f\u00fcren C.T., M.T., H.T., M.T., C.T. ve E.T. ekipler taraf\u0131ndan yakaland\u0131\u011f\u0131n\u0131 bildirdi.<\/p>\n<p>\u0130\u00e7i\u015fleri Bakan\u0131 Ali Yerlikaya, sosyal medya hesab\u0131ndan &#8220;gere\u011fi yap\u0131ld\u0131&#8221; diyerek olaya ili\u015fkin a\u00e7\u0131klamada bulundu.<\/p>\n<p><strong>3 YIL HAP\u0130S VE 180 B\u0130N TL PARA CEZASI UYARISI<\/strong><\/p>\n<p>Olay an\u0131na ait g\u00f6r\u00fcnt\u00fcleri payla\u015fan \u0130\u00e7i\u015fleri Bakan\u0131 Ali Yerlikaya, olaya kar\u0131\u015fanlar\u0131n yeni yarg\u0131 paketiyle 3 y\u0131la kadar hapisle cezaland\u0131r\u0131laca\u011f\u0131 ayr\u0131ca 180 bin TL ceza kesilece\u011fini duyurdu.<\/p>\n<p><em>Yerlikaya&#8217;n\u0131n a\u00e7\u0131klamalar\u0131 \u015f\u00f6yle:<\/em><\/p>\n<p>&#8220;Mersin&#8217;in Mezitli il\u00e7esinde 2 g\u00fcn \u00f6nce ara\u00e7tan inip ba\u015fka bir s\u00fcr\u00fcc\u00fcye sald\u0131rarak, trafik g\u00fcvenli\u011fini tehlikeye d\u00fc\u015f\u00fcren C.T., M.T., H.T., M.T., C.T. ve E.T. Mersin Emniyet M\u00fcd\u00fcrl\u00fc\u011f\u00fc ekiplerimizce yakaland\u0131.<\/p>\n<p>Resmi gazetede yay\u0131mlanan 11. Yarg\u0131 Paketiyle; trafikte yol kesme, m\u00fcstakil su\u00e7 olarak d\u00fczenlenmi\u015f, hukuka ayk\u0131r\u0131 bir davran\u0131\u015fla bir arac\u0131 durduran veya hareket etmesini engelleyen ki\u015finin, 1 y\u0131ldan 3 y\u0131la kadar hapis cezas\u0131yla cezaland\u0131r\u0131lmas\u0131 kanunla\u015fm\u0131\u015ft\u0131r.<\/p>\n<p><em>Ayr\u0131ca;<\/em><br \/>\u0130lk kez Yeni Trafik Kanunu Teklifine girecek maddeye g\u00f6re de; Sald\u0131r\u0131 amac\u0131yla ara\u00e7tan inen ve yol kapayan s\u00fcr\u00fcc\u00fcye,<br \/>&#8211; 180 bin \u20ba idari para cezas\u0131 uygulayaca\u011f\u0131z,<br \/>&#8211; S\u00fcr\u00fcc\u00fc belgesini 60 g\u00fcn s\u00fcreyle geri alaca\u011f\u0131z ve<br \/>&#8211; Arac\u0131n\u0131 60 g\u00fcn s\u00fcreyle trafikten men edece\u011fiz.<\/p>\n<p><em>Mersin&#8217;in Mezitli il\u00e7esinde ara\u00e7tan inip ba\u015fka bir s\u00fcr\u00fcc\u00fcye sald\u0131ran;<\/em><br \/>&#8211; M.T., C.T., E.T. isimli \u015fah\u0131slar \u00e7\u0131kar\u0131ld\u0131klar\u0131 mahkemece TUTUKLANDI.<br \/>&#8211; C.T., M.T., H.T. isimli \u015fah\u0131slar ise hakk\u0131nda adli kontrol h\u00fck\u00fcmleri uyguland\u0131.<\/p>\n<p>Trafik g\u00fcvenli\u011fini hi\u00e7e sayan bu ki\u015fileri l\u00fctfen 112 Acil \u00c7a\u011fr\u0131 Merkezimize bildirelim. &#8220;Biz Gere\u011fini Yapar\u0131z&#8221;<\/p>\n\n<p><\/p>\n<p>Kaynak :\u00a0<span style=\"background-color: rgb(255, 249, 236); color: rgb(55, 58, 60); font-size: 14px;\">http:\/\/www.milliyet.com.tr\/gundem\/trafik-magandalarina-gecit-yok-bakan-yerlikaya-duyurdu-geregi-yapildi-7510138<\/span><\/p>\n","protected":false},"excerpt":{"rendered":"<p>Bakan Yerlikaya, Mersin&#8217;in Mezitli il\u00e7esinde 2 g\u00fcn \u00f6nce ara\u00e7tan inip ba\u015fka bir s\u00fcr\u00fcc\u00fcye sald\u0131rarak, trafik g\u00fcvenli\u011fini tehlikeye d\u00fc\u015f\u00fcren 6 ki\u015finin ekipler taraf\u0131ndan yakaland\u0131\u011f\u0131n\u0131 duyurdu.<\/p>\n","protected":false},"author":1,"featured_media":158037,"comment_status":"open","ping_status":"open","sticky":false,"template":"","format":"standard","meta":{"footnotes":""},"categories":[3],"tags":[9447,386,9330,10536,1588],"class_list":["post-158036","post","type-post","status-publish","format-standard","has-post-thumbnail","hentry","category-guncel","tag-aractan","tag-ceza","tag-m-t","tag-surucuye","tag-trafik"],"_links":{"self":[{"href":"https:\/\/kamucalisani.net\/index.php\/wp-json\/wp\/v2\/posts\/158036","targetHints":{"allow":["GET"]}}],"collection":[{"href":"https:\/\/kamucalisani.net\/index.php\/wp-json\/wp\/v2\/posts"}],"about":[{"href":"https:\/\/kamucalisani.net\/index.php\/wp-json\/wp\/v2\/types\/post"}],"author":[{"embeddable":true,"href":"https:\/\/kamucalisani.net\/index.php\/wp-json\/wp\/v2\/users\/1"}],"replies":[{"embeddable":true,"href":"https:\/\/kamucalisani.net\/index.php\/wp-json\/wp\/v2\/comments?post=158036"}],"version-history":[{"count":1,"href":"https:\/\/kamucalisani.net\/index.php\/wp-json\/wp\/v2\/posts\/158036\/revisions"}],"predecessor-version":[{"id":158038,"href":"https:\/\/kamucalisani.net\/index.php\/wp-json\/wp\/v2\/posts\/158036\/revisions\/158038"}],"wp:featuredmedia":[{"embeddable":true,"href":"https:\/\/kamucalisani.net\/index.php\/wp-json\/wp\/v2\/media\/158037"}],"wp:attachment":[{"href":"https:\/\/kamucalisani.net\/index.php\/wp-json\/wp\/v2\/media?parent=158036"}],"wp:term":[{"taxonomy":"category","embeddable":true,"href":"https:\/\/kamucalisani.net\/index.php\/wp-json\/wp\/v2\/categories?post=158036"},{"taxonomy":"post_tag","embeddable":true,"href":"https:\/\/kamucalisani.net\/index.php\/wp-json\/wp\/v2\/tags?post=158036"}],"curies":[{"name":"wp","href":"https:\/\/api.w.org\/{rel}","templated":true}]}}