{"id":158269,"date":"2025-12-27T04:36:10","date_gmt":"2025-12-27T04:36:10","guid":{"rendered":"https:\/\/kamucalisani.net\/?p=158269"},"modified":"2025-12-27T04:36:10","modified_gmt":"2025-12-27T04:36:10","slug":"mhk-baskani-cok-vefali-cikti","status":"publish","type":"post","link":"https:\/\/kamucalisani.net\/index.php\/2025\/12\/27\/mhk-baskani-cok-vefali-cikti\/","title":{"rendered":"MHK ba\u015fkan\u0131 \u00e7ok vefal\u0131 \u00e7\u0131kt\u0131!"},"content":{"rendered":"<p><p>Merkez Hakem Kurulu ba\u015fkan\u0131 Ferhat G\u00fcndo\u011fdu\u2019yu y\u00f6netim tarz\u0131 ve uygulamalar\u0131 nedeniyle zaman zaman ele\u015ftiririm. Lakin yeri geldi\u011finde hakk\u0131n\u0131 da veririm.<\/p>\n<p>Tan\u0131mayanlar bilmez; \u00e7ok vefal\u0131d\u0131r. Kendisine iyili\u011fi dokunan ve zor g\u00fcnlerinde kurtar\u0131c\u0131s\u0131 olan insanlar\u0131 unutmaz. Onlar\u0131 g\u00fcc\u00fc yetti\u011fince korur, kollar. Bunu yaparken de hakkaniyetli davran\u0131r.<\/p>\n<p>Hat\u0131rlay\u0131n, 2025 y\u0131l\u0131n\u0131n hemen ba\u015flar\u0131nda MHK ba\u015fkan vekilleri Yunus Y\u0131ld\u0131r\u0131m ve Ahmet \u015eahin baz\u0131 kul\u00fcplerin \u015fiddetli bask\u0131s\u0131 kar\u015f\u0131s\u0131nda istifa etmek \u201czorunda\u201d b\u0131rak\u0131lm\u0131\u015f, MHK ise istifa gerek\u00e7esini \u201cKurulun \u015firketle\u015fme s\u00fcrecine ili\u015fkin yap\u0131lanma\u201d olarak a\u00e7\u0131klam\u0131\u015ft\u0131. Bir y\u0131ld\u0131r MHK\u2019nin \u015firketle\u015fmesini bekliyoruz!<\/p>\n<p><strong>Y\u0131ld\u0131r\u0131m d\u00fc\u015ft\u00fc! <\/strong><\/p>\n<p>Her neyse. Aradan zaman ge\u00e7ti. Y\u0131ld\u0131r\u0131m hakem y\u00f6netiminde bulunmasa da camiadan kopmad\u0131, kopar\u0131lmad\u0131. Burada en b\u00fcy\u00fck pay sahibi Ferhat G\u00fcndo\u011fdu\u2019dur.<\/p>\n<p>MHK ba\u015fkan\u0131, \u201cyola \u00e7\u0131kt\u0131klar\u0131n\u0131 yar\u0131 yolda b\u0131rakt\u0131\u201d yorumlar\u0131na nispet, Yunus hocay\u0131 bu sezon s\u00fcper lig g\u00f6zlemcisi olarak yere g\u00f6\u011fe s\u0131\u011fd\u0131ramad\u0131. Ligin 17 haftal\u0131k b\u00f6l\u00fcm\u00fcnde Y\u0131ld\u0131r\u0131m\u2019a 13 defa g\u00f6rev verdi. Bir kez de kupa ma\u00e7\u0131na g\u00f6nderdi. Bir-iki hafta mazereti olmasa, onlar\u0131 da bo\u015f ge\u00e7meyeceklerdi.<\/p>\n<p>Neyse ki ma\u00e7lar\u0131n bir b\u00f6l\u00fcm\u00fcn\u00fc evde televizyondan izledi hoca. Yoksa hakemli\u011finde oldu\u011fu gibi Ankara, \u0130stanbul, Rize, Antep, Samsun, Antalya derken, kar\u0131\u015f kar\u0131\u015f gezecekti memleketimi. Helal ho\u015f; vefa dedin mi b\u00f6yle olacak. Bravo Ferhat G\u00fcndo\u011fdu\u2019ya.<\/p>\n<p><strong>Hep Kol\u2019lad\u0131! <\/strong><\/p>\n<p>MHK ba\u015fkan\u0131n pamuklara sar\u0131p sarmalad\u0131\u011f\u0131 di\u011fer ki\u015fi Trabzon b\u00f6lgesi hakemi Yasin Kol oldu. Kendisinden \u00f6nceki d\u00f6nemde yetersiz bulundu\u011fu i\u00e7in \u00fcst klasman kadrosundan \u00e7\u0131kar\u0131lan Kol\u2019u g\u00f6reve gelir gelmez sahiplendi, korumas\u0131 alt\u0131na ald\u0131. Hakemi hakk\u0131nda medyada \u00e7\u0131kan haberlere ald\u0131r\u0131\u015f etmeden ma\u00e7 \u00fczerine ma\u00e7 verdi. Allah\u2019\u0131 var o da hi\u00e7 bir ma\u00e7ta ba\u015fkan\u0131n\u0131 mah\u00e7up etmedi.<\/p>\n<p>Ve art\u0131k derbilerin de\u011fi\u015fmezi olarak an\u0131lmaya ba\u015flanan Yasin Kol\u2019a ligin ilk yar\u0131s\u0131nda 12 kez sahada, 14 kez VAR odas\u0131nda g\u00f6rev vererek d\u00fc\u015fman \u00e7atlatt\u0131. Kol s\u00fcper ligin en \u00e7ok \u201ckazanan hakemi\u201d oldu.<\/p>\n<p>G\u00fcndo\u011fdu ile Kol aras\u0131ndaki \u201cvefa\u201d ba\u011flant\u0131s\u0131 nedir diye soran olursa, do\u011frudan de\u011fil ama TFF ba\u015fkan\u0131 \u0130brahim Hac\u0131osmano\u011flu \u00fczerinden minnet borcu \u00f6dendi\u011fini s\u00f6yleyebilirim. Trabzonlu hakeme \u201csahip \u00e7\u0131k\u0131lmas\u0131 talimat\u0131n\u0131n\u201d yerine getirilmesi, \u00fc\u00e7 y\u0131ll\u0131k bol s\u0131f\u0131rl\u0131 kontrat\u0131 ile direkt ilgiliydi.<\/p>\n<p>Liyakat, adalet ve hukukun olmad\u0131\u011f\u0131 yerde ili\u015fkilerin \u201cduygusala ba\u011flanmas\u0131\u201d normal kar\u015f\u0131lanmal\u0131.<\/p>\n<p>Dolay\u0131s\u0131yla say\u0131n Ferhat G\u00fcndo\u011fdu hakl\u0131d\u0131r!<\/p>\n<p><strong>\u0130yi ki futbol var! <\/strong><\/p>\n<p>Son haftalarda \u00fclke g\u00fcndemine bak\u0131n. Bir tarafta aralar\u0131nda spor kul\u00fcb\u00fc ba\u015fkan\u0131n da bulundu\u011fu ve uyu\u015fturucu kullanan \u00fcnl\u00fc isimler, di\u011fer yanda bahis soru\u015fturmas\u0131 kapsam\u0131nda g\u00f6zalt\u0131na al\u0131nan y\u00f6netici, hakem, futbolcu, menajer ve teknik direkt\u00f6rler. Kervana son olarak TFF s\u00fcper lig g\u00f6zlemcileri de kat\u0131ld\u0131. Merak ediyor ve sormaya devam ediyorum; bahis oynad\u0131\u011f\u0131 tespit edilen ma\u00e7 temsilcileri if\u015fa edilemiyorsa, ger\u00e7ek adaletten ve e\u015fitlikten s\u00f6z edilmesi komik olmuyor mu?<\/p>\n<p>D\u00fc\u015f\u00fcn\u00fcyorum da; ya futbol olmasayd\u0131. Sorunlar ve dertlerle y\u00fczle\u015fmek ne kadar can s\u0131k\u0131c\u0131 gelirdi de\u011fil mi?<\/p>\n<p><strong> Trabzon transferde \u0131skalayamaz <\/strong><\/p>\n<p>Bu sezon Trabzonspor\u2019un gol y\u00fck\u00fcn\u00fc \u00fc\u00e7 futbolcu \u00fcstlendi. Fileler 33 kez havaland\u0131r\u0131ld\u0131, 26\u2019s\u0131 Onuachu, Augusto ve Mu\u00e7i\u2019den geldi. C\u00fcmle, taraftara ho\u015f gelebilir. Ancak tablo yar\u0131nlar i\u00e7in b\u00fcy\u00fck tehlike.<\/p>\n<p>Fatih Tekke\u2019nin oyun planlar\u0131n\u0131n Onuachu\u2019nun yoklu\u011funda nas\u0131l etkilendi\u011fini g\u00f6rd\u00fck. Umar\u0131m olmaz ama Augusto ile Mu\u00e7i\u2019nin sakatl\u0131k veya ceza nedeniyle oynamamas\u0131 \u00e7ok ciddi s\u0131k\u0131nt\u0131ya yol a\u00e7abilir, hedefleri olumsuz etkileyebilir.<\/p>\n<p>Devre aras\u0131 transferlerin sadece y\u00fczde 10 isabet ta\u015f\u0131d\u0131\u011f\u0131n\u0131 d\u00fc\u015f\u00fcn\u00fcr\u00fcm.<\/p>\n<p>Bu nedenle Ba\u015fkan Ertu\u011frul Do\u011fan, Fatih hoca ve scout ekibinin nokta at\u0131\u015flar\u0131 yapmaktan ba\u015fka l\u00fcks\u00fc yok.<\/p>\n\n<p><\/p>\n<p>Kaynak :\u00a0<span style=\"background-color: rgb(255, 249, 236); color: rgb(55, 58, 60); font-size: 14px;\">http:\/\/www.milliyet.com.tr\/skorer\/cemal-ersen\/mhk-baskani-cok-vefali-cikti-7510216<\/span><\/p>\n","protected":false},"excerpt":{"rendered":"<p>Merkez Hakem Kurulu ba\u015fkan\u0131 Ferhat G\u00fcndo\u011fdu\u2019yu y\u00f6netim tarz\u0131 ve uygulamalar\u0131 nedeniyle zaman zaman ele\u015ftiririm. Lakin yeri geldi\u011finde hakk\u0131n\u0131 da veririm. Tan\u0131mayanlar bilmez; \u00e7ok vefal\u0131d\u0131r. Kendisine iyili\u011fi dokunan ve zor g\u00fcnlerinde kurtar\u0131c\u0131s\u0131 olan &#8230;<\/p>\n","protected":false},"author":1,"featured_media":158270,"comment_status":"open","ping_status":"open","sticky":false,"template":"","format":"standard","meta":{"footnotes":""},"categories":[7],"tags":[215,10545,1309,8412,288],"class_list":["post-158269","post","type-post","status-publish","format-standard","has-post-thumbnail","hentry","category-spor","tag-baskani","tag-gundogdu","tag-hakem","tag-kol","tag-mac"],"_links":{"self":[{"href":"https:\/\/kamucalisani.net\/index.php\/wp-json\/wp\/v2\/posts\/158269","targetHints":{"allow":["GET"]}}],"collection":[{"href":"https:\/\/kamucalisani.net\/index.php\/wp-json\/wp\/v2\/posts"}],"about":[{"href":"https:\/\/kamucalisani.net\/index.php\/wp-json\/wp\/v2\/types\/post"}],"author":[{"embeddable":true,"href":"https:\/\/kamucalisani.net\/index.php\/wp-json\/wp\/v2\/users\/1"}],"replies":[{"embeddable":true,"href":"https:\/\/kamucalisani.net\/index.php\/wp-json\/wp\/v2\/comments?post=158269"}],"version-history":[{"count":1,"href":"https:\/\/kamucalisani.net\/index.php\/wp-json\/wp\/v2\/posts\/158269\/revisions"}],"predecessor-version":[{"id":158271,"href":"https:\/\/kamucalisani.net\/index.php\/wp-json\/wp\/v2\/posts\/158269\/revisions\/158271"}],"wp:featuredmedia":[{"embeddable":true,"href":"https:\/\/kamucalisani.net\/index.php\/wp-json\/wp\/v2\/media\/158270"}],"wp:attachment":[{"href":"https:\/\/kamucalisani.net\/index.php\/wp-json\/wp\/v2\/media?parent=158269"}],"wp:term":[{"taxonomy":"category","embeddable":true,"href":"https:\/\/kamucalisani.net\/index.php\/wp-json\/wp\/v2\/categories?post=158269"},{"taxonomy":"post_tag","embeddable":true,"href":"https:\/\/kamucalisani.net\/index.php\/wp-json\/wp\/v2\/tags?post=158269"}],"curies":[{"name":"wp","href":"https:\/\/api.w.org\/{rel}","templated":true}]}}