{"id":158296,"date":"2025-12-27T05:24:10","date_gmt":"2025-12-27T05:24:10","guid":{"rendered":"https:\/\/kamucalisani.net\/?p=158296"},"modified":"2025-12-27T05:24:10","modified_gmt":"2025-12-27T05:24:10","slug":"mhpden-uc-yil-yerine-bes-yil-denetimli-onerisi","status":"publish","type":"post","link":"https:\/\/kamucalisani.net\/index.php\/2025\/12\/27\/mhpden-uc-yil-yerine-bes-yil-denetimli-onerisi\/","title":{"rendered":"MHP\u2019den \u00fc\u00e7 y\u0131l yerine be\u015f y\u0131l \u2018denetimli\u2019 \u00f6nerisi"},"content":{"rendered":"<p><p><span><strong>AY\u015eEG\u00dcL KAHVEC\u0130O\u011eLU \/ ANKARA &#8211;<\/strong> <\/span>MHP, 31 Temmuz 2023 tarihi ve \u00f6ncesinde i\u015flenen su\u00e7lar bak\u0131m\u0131ndan halihaz\u0131rda tan\u0131nan 3 y\u0131l daha erken denetimli serbestli\u011fe ayr\u0131labilme imk\u00e2n\u0131n\u0131n 5 y\u0131l olarak uygulanmas\u0131n\u0131 istiyor. AK Parti ise art\u0131k bir kereye \u00f6zg\u00fc de\u011fil, infaz indirimi ve denetimli serbestlik ko\u015fullar\u0131nda kal\u0131c\u0131 de\u011fi\u015fiklikler i\u00e7eren kapsaml\u0131 bir yasal d\u00fczenleme yap\u0131lmas\u0131 gerekti\u011fine i\u015faret ediyor.<\/p>\n<p><strong>Yar\u0131 yar\u0131ya infaz<\/strong><\/p>\n<p>AK Parti\u2019nin \u00e7al\u0131\u015ft\u0131\u011f\u0131 d\u00fczenlemeye g\u00f6re, s\u00fcreli hapis cezalar\u0131ndaki infaz oran\u0131n\u0131n, 2004 de\u011fi\u015fikli\u011fi \u00f6ncesindeki gibi, yar\u0131 yar\u0131ya uygulanmas\u0131 \u00fczerinde duruluyor. Yasan\u0131n y\u00fcr\u00fcrl\u00fc\u011fe girdi\u011fi tarihte cezas\u0131n\u0131n y\u00fczde 50\u2019sini \u00e7ekenlere tahliye yolunun a\u00e7\u0131lmas\u0131 \u00f6ng\u00f6r\u00fcl\u00fcyor.<\/p>\n<p><strong>11. Yarg\u0131 Paketi\u2019nde olabilir mi?<\/strong><\/p>\n<p>MHP\u2019li Y\u0131ld\u0131z\u2019\u0131n a\u00e7\u0131klamas\u0131, b\u00fct\u00fcnc\u00fcl bir infaz kanunu yerine 12. Yarg\u0131 Paketi\u2019nde yeniden bir \u201c\u015fartl\u0131 tahliye\u201d d\u00fczenlemesi yap\u0131labilece\u011fi \u015feklinde de\u011ferlendirilse de AK Parti, daha uzun vadede kapsaml\u0131 bir m\u00fcstakil yasa yap\u0131lmas\u0131na s\u0131cak bak\u0131yor.<\/p>\n<p><strong>128 bin\u00a0tutuklu ve h\u00fck\u00fcml\u00fc var<\/strong><\/p>\n<p>Adalet Bakanl\u0131\u011f\u0131\u2019n\u0131n 1 Aral\u0131k 2025 tarihi itibar\u0131yla cezaevlerine 433 bin 543 tutuklu ve h\u00fck\u00fcml\u00fc bulunuyor. Bunlar\u0131n 368 bin 563\u2019\u00fc h\u00fck\u00fcml\u00fc, 64 bin 980\u2019i ise tutuklu. Halen faaliyet g\u00f6steren 403 cezaevinin kapasitesi ise 305 bin 286. Yani cezaevlerinde kapasiteye g\u00f6re 128 bin 257 fazla tutuklu ve h\u00fck\u00fcml\u00fc var.<\/p>\n<p>\u00a0<\/p>\n\n<p><\/p>\n<p>Kaynak :\u00a0<span style=\"background-color: rgb(255, 249, 236); color: rgb(55, 58, 60); font-size: 14px;\">http:\/\/www.milliyet.com.tr\/gundem\/mhpden-uc-yil-yerine-bes-yil-denetimli-onerisi-7510274<\/span><\/p>\n","protected":false},"excerpt":{"rendered":"<p>MHP Genel Ba\u015fkan Yard\u0131mc\u0131s\u0131 Feti Y\u0131ld\u0131z\u2019\u0131n 11. Yarg\u0131 Paketi\u2019yle yakla\u015f\u0131k 55 bin ki\u015finin cezaevlerinden tahliye edilmesinin ard\u0131ndan att\u0131\u011f\u0131 \u201c\u0130stisna tutulanlar biraz daha sabretsin\u201d mesaj\u0131, Cumhur \u0130ttifak\u0131\u2019n\u0131n yeni bir infaz aff\u0131 d\u00fczenlemesi \u00fczerinde \u00e7al\u0131\u015f\u0131p \u00e7al\u0131\u015fmad\u0131\u011f\u0131 sorusunu ak\u0131llara getirdi.<\/p>\n","protected":false},"author":1,"featured_media":158297,"comment_status":"open","ping_status":"open","sticky":false,"template":"","format":"standard","meta":{"footnotes":""},"categories":[3],"tags":[],"class_list":["post-158296","post","type-post","status-publish","format-standard","has-post-thumbnail","hentry","category-guncel"],"_links":{"self":[{"href":"https:\/\/kamucalisani.net\/index.php\/wp-json\/wp\/v2\/posts\/158296","targetHints":{"allow":["GET"]}}],"collection":[{"href":"https:\/\/kamucalisani.net\/index.php\/wp-json\/wp\/v2\/posts"}],"about":[{"href":"https:\/\/kamucalisani.net\/index.php\/wp-json\/wp\/v2\/types\/post"}],"author":[{"embeddable":true,"href":"https:\/\/kamucalisani.net\/index.php\/wp-json\/wp\/v2\/users\/1"}],"replies":[{"embeddable":true,"href":"https:\/\/kamucalisani.net\/index.php\/wp-json\/wp\/v2\/comments?post=158296"}],"version-history":[{"count":1,"href":"https:\/\/kamucalisani.net\/index.php\/wp-json\/wp\/v2\/posts\/158296\/revisions"}],"predecessor-version":[{"id":158298,"href":"https:\/\/kamucalisani.net\/index.php\/wp-json\/wp\/v2\/posts\/158296\/revisions\/158298"}],"wp:featuredmedia":[{"embeddable":true,"href":"https:\/\/kamucalisani.net\/index.php\/wp-json\/wp\/v2\/media\/158297"}],"wp:attachment":[{"href":"https:\/\/kamucalisani.net\/index.php\/wp-json\/wp\/v2\/media?parent=158296"}],"wp:term":[{"taxonomy":"category","embeddable":true,"href":"https:\/\/kamucalisani.net\/index.php\/wp-json\/wp\/v2\/categories?post=158296"},{"taxonomy":"post_tag","embeddable":true,"href":"https:\/\/kamucalisani.net\/index.php\/wp-json\/wp\/v2\/tags?post=158296"}],"curies":[{"name":"wp","href":"https:\/\/api.w.org\/{rel}","templated":true}]}}