{"id":158381,"date":"2025-12-27T07:36:11","date_gmt":"2025-12-27T07:36:11","guid":{"rendered":"https:\/\/kamucalisani.net\/?p=158381"},"modified":"2025-12-27T07:36:11","modified_gmt":"2025-12-27T07:36:11","slug":"istanbulda-yilbasi-gecesi-kar-surprizi-prof-dr-sen-yuzde-verdi-meteoroloji-38-ili-uyardi","status":"publish","type":"post","link":"https:\/\/kamucalisani.net\/index.php\/2025\/12\/27\/istanbulda-yilbasi-gecesi-kar-surprizi-prof-dr-sen-yuzde-verdi-meteoroloji-38-ili-uyardi\/","title":{"rendered":"\u0130stanbul\u2019da y\u0131lba\u015f\u0131 gecesi kar s\u00fcrprizi! Prof. Dr. \u015een y\u00fczde verdi: Meteoroloji 38 ili uyard\u0131"},"content":{"rendered":"<p><p>Meteoroloji Genel M\u00fcd\u00fcrl\u00fc\u011f\u00fc, T\u00fcrkiye genelinde etkisini art\u0131rmas\u0131 beklenen kar ya\u011f\u0131\u015f\u0131 nedeniyle 38 il i\u00e7in uyar\u0131 yay\u0131mlad\u0131. A\u00e7\u0131klamaya g\u00f6re, 12 il \u201cturuncu\u201d, 26 il ise \u201csar\u0131\u201d kod ile kuvvetli ve yer yer yo\u011fun kar ya\u011f\u0131\u015f\u0131 riski alt\u0131nda bulunuyor.<\/p>\n<p>Yap\u0131lan son tahminlere g\u00f6re, yurt genelinde havan\u0131n par\u00e7al\u0131 ve \u00e7ok bulutlu olmas\u0131 beklenirken; Marmara\u2019n\u0131n do\u011fusu, Karadeniz k\u0131y\u0131lar\u0131, Do\u011fu Akdeniz ve G\u00fcneydo\u011fu Anadolu\u2019nun ya\u011fmur ve sa\u011fanak, \u0130\u00e7 Anadolu, Karadeniz\u2019in i\u00e7 kesimleri ve Do\u011fu Anadolu\u2019nun ise karla kar\u0131\u015f\u0131k ya\u011fmur ve kar ya\u011f\u0131\u015fl\u0131 ge\u00e7ece\u011fi \u00f6ng\u00f6r\u00fcl\u00fcyor. K\u00fctahya ve Afyonkarahisar \u00e7evrelerinde de kar ya\u011f\u0131\u015f\u0131 tahmin ediliyor.<\/p>\n<p>\u00d6zellikle Bat\u0131 Karadeniz\u2019in y\u00fcksekleri, \u0130\u00e7 Anadolu\u2019nun do\u011fusu, Do\u011fu Karadeniz\u2019in y\u00fcksek kesimleri ile Do\u011fu Anadolu genelinde kuvvetli ve yer yer yo\u011fun kar ya\u011f\u0131\u015f\u0131 bekleniyor. Diyarbak\u0131r, Batman ve Siirt\u2019in kuzey il\u00e7elerinde de kar ya\u011f\u0131\u015f\u0131n\u0131n etkisini art\u0131raca\u011f\u0131 tahmin ediliyor.<\/p>\n<p><strong>TURUNCU KODLU \u0130LLER A\u00c7IKLANDI <\/strong><\/p>\n<p>Yo\u011fun kar ya\u011f\u0131\u015f\u0131 beklentisi nedeniyle Bing\u00f6l, Bitlis, Bolu, Hakkari, Kastamonu, Mu\u015f, Van, Zonguldak, \u015e\u0131rnak, Karab\u00fck, Bart\u0131n ve D\u00fczce i\u00e7in turuncu kodlu meteorolojik uyar\u0131 yap\u0131ld\u0131. Bu illerde ula\u015f\u0131mda aksamalar, buzlanma ve tipi riskine kar\u015f\u0131 dikkatli olunmas\u0131 isteniyor.<\/p>\n<p><strong>26 \u0130L \u0130\u00c7\u0130N SARI KODLU UYARI <\/strong><\/p>\n<p>Sar\u0131 kodlu uyar\u0131 yap\u0131lan iller ise \u015f\u00f6yle s\u0131raland\u0131: A\u011fr\u0131, Artvin, Diyarbak\u0131r, Elaz\u0131\u011f, Erzincan, Erzurum, Giresun, G\u00fcm\u00fc\u015fhane, Kars, Kayseri, Kocaeli, Konya, Nev\u015fehir, Ni\u011fde, Rize, Sakarya, Siirt, Sinop, Sivas, Trabzon, Tunceli, Yozgat, Bayburt, Batman, Ardahan ve I\u011fd\u0131r.<\/p>\n<p><strong>HAVA SICAKLIKLARI H\u0130SSED\u0130L\u0130R DERECEDE D\u00dc\u015eECEK <\/strong><\/p>\n<p>Mevsim normalleri civar\u0131nda seyreden hava s\u0131cakl\u0131klar\u0131n\u0131n, \u00f6zellikle kuzey, i\u00e7 ve do\u011fu b\u00f6lgelerde belirgin \u015fekilde azalmas\u0131 bekleniyor. So\u011fuk havayla birlikte kar ya\u011f\u0131\u015f\u0131n\u0131n etkisini art\u0131raca\u011f\u0131 de\u011ferlendiriliyor.\u00a0R\u00fczgar\u0131n genellikle kuzey ve bat\u0131 y\u00f6nlerden, G\u00fcneydo\u011fu Anadolu\u2019da ise g\u00fcneybat\u0131dan hafif ve zaman zaman orta kuvvette esece\u011fi tahmin ediliyor. Marmara\u2019n\u0131n kuzeyi, G\u00fcney Ege k\u0131y\u0131lar\u0131 ve Akdeniz\u2019de r\u00fczgar\u0131n 40-60 km\/saat h\u0131zla kuvvetli esmesi bekleniyor. Meteoroloji yetkilileri, buzlanma ve don olaylar\u0131na kar\u015f\u0131 \u00f6zellikle s\u00fcr\u00fcc\u00fclerin ve vatanda\u015flar\u0131n tedbirli olmas\u0131 gerekti\u011fini vurgulad\u0131.<\/p>\n<p><strong>\u0130STANBUL&#8217;A\u00a0SO\u011eUK HAVA, FIRTINA VE YA\u011eI\u015e GEL\u0130YOR <\/strong><\/p>\n<p>\u0130stanbul yeni bir so\u011fuk ve ya\u011f\u0131\u015fl\u0131 hava dalgas\u0131n\u0131n etkisine giriyor. AKOM\u2019un (Afet \u0130\u015fleri Dairesi Ba\u015fkanl\u0131\u011f\u0131) 27 Aral\u0131k 2025 Cumartesi g\u00fcn\u00fcne ili\u015fkin yay\u0131mlad\u0131\u011f\u0131 son hava durumu raporu, megakentte hafta sonu plan\u0131 olanlar\u0131 yak\u0131ndan ilgilendiriyor. \u0130stanbullular\u0131 hem ya\u011f\u0131\u015f hem de kuvvetli r\u00fczg\u00e2r bekliyor.<\/p>\n<p><strong>BUG\u00dcN \u0130STANBUL\u2019DA HAVA NASIL OLACAK? <\/strong><\/p>\n<p>AKOM verilerine g\u00f6re \u0130stanbul genelinde g\u00fcn boyu \u00e7ok bulutlu ve ya\u011f\u0131\u015fl\u0131 bir hava etkili olacak:<\/p>\n<p>Sabah: 4\u00b0C \u2013 ya\u011f\u0131\u015fl\u0131<\/p>\n<p>\u00d6\u011fle: 8\u00b0C \u2013 ya\u011fmur ge\u00e7i\u015fleri<\/p>\n<p>Ak\u015fam: 6\u00b0C \u2013 ya\u011f\u0131\u015f s\u00fcr\u00fcyor<\/p>\n<p>Gece: 4\u00b0C \u2013 ya\u011fmur devam ediyor<\/p>\n<p>Nem oran\u0131 y\u00fczde 50 ile 95 aras\u0131nda de\u011fi\u015firken, kent genelinde 5\u201315 kg\/m\u00b2 aral\u0131\u011f\u0131nda ya\u011f\u0131\u015f bekleniyor. Deniz suyu s\u0131cakl\u0131\u011f\u0131 ise 14\u00b0C \u00f6l\u00e7\u00fcl\u00fcyor.\u00a0AKOM, \u00f6zellikle r\u00fczg\u00e2r konusunda \u0130stanbullular\u0131 uyard\u0131. Karayelden orta kuvvette, zaman zaman kuvvetli esmesi beklenen r\u00fczg\u00e2r\u0131n h\u0131z\u0131n\u0131n 40\u201360 km\/s seviyelerine \u00e7\u0131kabilece\u011fi belirtildi. Yetkililer, \u00e7at\u0131 u\u00e7mas\u0131, a\u011fa\u00e7 devrilmesi ve deniz ula\u015f\u0131m\u0131nda aksamalara kar\u015f\u0131 dikkatli olunmas\u0131n\u0131 istedi.<\/p>\n<p><strong>SO\u011eUK HAVA DALGASI B\u0130R HAFTA ETK\u0130L\u0130 OLACAK <\/strong><\/p>\n<p>AKOM\u2019un de\u011ferlendirmesine g\u00f6re \u0130stanbul ba\u015fta olmak \u00fczere yurdun kuzey ve i\u00e7 kesimleri, \u0130zlanda k\u00f6kenli so\u011fuk hava dalgas\u0131n\u0131n etkisi alt\u0131na giriyor. \u00d6n\u00fcm\u00fczdeki bir hafta boyunca b\u00f6lgede:<\/p>\n<ul>\n<li>Zaman zaman f\u0131rt\u0131na,<\/li>\n<li>Aral\u0131kl\u0131 ya\u011fmur,<\/li>\n<li>Y\u00fcksek kesimlerde karla kar\u0131\u015f\u0131k ya\u011fmur ve kar ge\u00e7i\u015fleri bekleniyor.<\/li>\n<\/ul>\n<p><strong>\u0130STANBUL&#8217;DA KAR S\u00dcRPR\u0130Z\u0130\u00a0<\/strong><\/p>\n<p>Meteoroloji Genel M\u00fcd\u00fcrl\u00fc\u011f\u00fc\u2019n\u00fcn uyar\u0131lar\u0131n\u0131n ard\u0131ndan \u0130stanbul\u2019da havalar\u0131nda hissedilir derece so\u011fumas\u0131yla birlikte sabah saatlerinde kar ya\u011f\u0131\u015f\u0131 ba\u015flad\u0131. Meteoroloji Genel M\u00fcd\u00fcrl\u00fc\u011f\u00fc ve \u0130stanbul Valili\u011fi taraf\u0131ndan yap\u0131lan \u0130stanbul dahil baz\u0131 illerde havan\u0131n hissedilir derecede so\u011fuyaca\u011f\u0131n\u0131 ve kar ya\u011f\u0131\u015f\u0131n\u0131n beklendi\u011fini belirtmesinin ard\u0131ndan mega kentte sabah saatlerinde kar ya\u011f\u0131\u015f\u0131 ba\u015flad\u0131. \u015ei\u015fli\u2019de hafif \u015fekilde ya\u011fan kar ya\u011f\u0131\u015f\u0131n\u0131n g\u00fcn i\u00e7erisinde y\u00fcksek kesimlerde karla kar\u0131\u015f\u0131k ya\u011fmur ve kar \u015feklinde olmas\u0131 bekleniyor.<\/p>\n<p>AKOM\u2019un haftal\u0131k tahmin raporuna g\u00f6re \u0130stanbul\u2019da hava durumu \u015f\u00f6yle:<\/p>\n<p>28 Aral\u0131k Pazar: Hafif ya\u011fmurlu, y\u00fcksekler karla kar\u0131\u015f\u0131k<\/p>\n<p>29 Aral\u0131k Pazartesi: Par\u00e7al\u0131 ve \u00e7ok bulutlu, ya\u011f\u0131\u015f beklenmiyor<\/p>\n<p>30 Aral\u0131k Sal\u0131: Hafif ya\u011fmurlu<\/p>\n<p>31 Aral\u0131k \u00c7ar\u015famba: \u00c7ok bulutlu, yerel ya\u011fmur<\/p>\n<p>1 Ocak Per\u015fembe: Ya\u011fmurlu, y\u00fckseklerde karla kar\u0131\u015f\u0131k<\/p>\n<p>2 Ocak Cuma: Par\u00e7al\u0131 ve az bulutlu<\/p>\n<p><strong>&#8220;YILBA\u015eINDA \u0130STANBUL \u0130\u00c7\u0130N KAR \u0130HT\u0130MAL\u0130 Y\u00dcZDE 70\u2019E DAYANDI&#8221; <\/strong><\/p>\n<p>CNN T\u00dcRK Meteoroloji Dan\u0131\u015fman\u0131 Prof. Dr. Orhan \u015een, yurt genelinde hava s\u0131cakl\u0131klar\u0131n\u0131n h\u0131zla d\u00fc\u015fece\u011fini belirterek, \u00f6zellikle y\u0131lba\u015f\u0131nda \u0130stanbul i\u00e7in dikkat \u00e7ekici bir uyar\u0131da bulundu. \u015een\u2019e g\u00f6re, s\u0131cakl\u0131klardaki sert d\u00fc\u015f\u00fc\u015fle birlikte T\u00fcrkiye\u2019nin bir\u00e7ok b\u00f6lgesinde ya\u011f\u0131\u015flar kara d\u00f6necek. \u0130\u00e7 Anadolu\u2019nun kuzeyi ve do\u011fusu, Karadeniz ile Do\u011fu Anadolu\u2019da kar ya\u011f\u0131\u015flar\u0131n\u0131n etkili olmas\u0131 beklenirken, Bat\u0131 Karadeniz\u2019in i\u00e7 kesimlerinde kar kal\u0131nl\u0131\u011f\u0131 yer yer 30 santimetrenin \u00fczerine \u00e7\u0131kabilir. Ula\u015f\u0131mda aksamalar ya\u015fanabilece\u011fine dikkat \u00e7ekildi.<\/p>\n<p>\u0130stanbul\u2019a ayr\u0131 bir parantez a\u00e7an Prof. Dr. Orhan \u015een, ya\u011fmurun pazar g\u00fcn\u00fcne kadar etkisini s\u00fcrd\u00fcrece\u011fini, pazar gecesi ve sabaha kar\u015f\u0131 kuzey il\u00e7eler ile Anadolu Yakas\u0131\u2019nda karla kar\u0131\u015f\u0131k ya\u011fmur g\u00f6r\u00fclebilece\u011fini s\u00f6yledi. As\u0131l kritik tarih ise y\u0131lba\u015f\u0131. \u015een, 31 Aral\u0131k\u2019ta \u0130stanbul\u2019un \u00f6zellikle kuzey ve y\u00fcksek kesimlerinde kar ya\u011f\u0131\u015f\u0131 ihtimalinin y\u00fczde 70 civar\u0131nda oldu\u011funu vurgulad\u0131. Y\u0131lba\u015f\u0131 gecesi k\u0131sa s\u00fcreli de olsa kar s\u00fcrprizinin ya\u015fanabilece\u011fini belirten \u015een, \u0130stanbullular\u0131n hava ko\u015fullar\u0131n\u0131 yak\u0131ndan takip etmesi gerekti\u011fini ifade etti.<\/p>\n<div>\n<div><img decoding=\"async\" src=\"https:\/\/kamucalisani.net\/wp-content\/uploads\/2025\/12\/istanbulda-yilbasi-gecesi-kar-surprizi-prof-dr-sen-yuzde-verdi-meteoroloji-38-ili-uyardi-x2EAO2mA.jpg\"\/><\/img><\/div>\n<\/div>\n<p>\u00a0<\/p>\n<p>\u00a0<\/p>\n\n<p><\/p>\n<p>Kaynak :\u00a0<span style=\"background-color: rgb(255, 249, 236); color: rgb(55, 58, 60); font-size: 14px;\">http:\/\/www.milliyet.com.tr\/gundem\/istanbulda-yilbasi-gecesi-kar-surprizi-prof-dr-sen-yuzde-verdi-meteoroloji-38-ili-uyardi-7510319<\/span><\/p>\n","protected":false},"excerpt":{"rendered":"<p>T\u00fcrkiye genelinde 38 il i\u00e7in kar alarm\u0131 verilirken g\u00f6zler y\u0131lba\u015f\u0131 gecesine \u00e7evrildi. So\u011fuk hava dalgas\u0131 bat\u0131dan yurda giri\u015f yaparken, \u0130stanbul i\u00e7in s\u00fcrpriz ihtimali giderek g\u00fc\u00e7leniyor. CNN T\u00dcRK Meteoroloji Dan\u0131\u015fman\u0131 Prof. Dr. Orhan \u015een\u2019in y\u00fczde vermesi, megakentte y\u0131lba\u015f\u0131 plan\u0131 yapan milyonlar\u0131 heyecanland\u0131rd\u0131. Peki kar \u0130stanbul\u2019a ne zaman ve hangi il\u00e7elere d\u00fc\u015febilir?<\/p>\n","protected":false},"author":1,"featured_media":158382,"comment_status":"open","ping_status":"open","sticky":false,"template":"","format":"standard","meta":{"footnotes":""},"categories":[3],"tags":[421,179,714,9897,1927],"class_list":["post-158381","post","type-post","status-publish","format-standard","has-post-thumbnail","hentry","category-guncel","tag-hava","tag-istanbul","tag-kar","tag-kar-yagisi","tag-yagmur"],"_links":{"self":[{"href":"https:\/\/kamucalisani.net\/index.php\/wp-json\/wp\/v2\/posts\/158381","targetHints":{"allow":["GET"]}}],"collection":[{"href":"https:\/\/kamucalisani.net\/index.php\/wp-json\/wp\/v2\/posts"}],"about":[{"href":"https:\/\/kamucalisani.net\/index.php\/wp-json\/wp\/v2\/types\/post"}],"author":[{"embeddable":true,"href":"https:\/\/kamucalisani.net\/index.php\/wp-json\/wp\/v2\/users\/1"}],"replies":[{"embeddable":true,"href":"https:\/\/kamucalisani.net\/index.php\/wp-json\/wp\/v2\/comments?post=158381"}],"version-history":[{"count":1,"href":"https:\/\/kamucalisani.net\/index.php\/wp-json\/wp\/v2\/posts\/158381\/revisions"}],"predecessor-version":[{"id":158384,"href":"https:\/\/kamucalisani.net\/index.php\/wp-json\/wp\/v2\/posts\/158381\/revisions\/158384"}],"wp:featuredmedia":[{"embeddable":true,"href":"https:\/\/kamucalisani.net\/index.php\/wp-json\/wp\/v2\/media\/158382"}],"wp:attachment":[{"href":"https:\/\/kamucalisani.net\/index.php\/wp-json\/wp\/v2\/media?parent=158381"}],"wp:term":[{"taxonomy":"category","embeddable":true,"href":"https:\/\/kamucalisani.net\/index.php\/wp-json\/wp\/v2\/categories?post=158381"},{"taxonomy":"post_tag","embeddable":true,"href":"https:\/\/kamucalisani.net\/index.php\/wp-json\/wp\/v2\/tags?post=158381"}],"curies":[{"name":"wp","href":"https:\/\/api.w.org\/{rel}","templated":true}]}}