{"id":158497,"date":"2025-12-27T10:36:11","date_gmt":"2025-12-27T10:36:11","guid":{"rendered":"https:\/\/kamucalisani.net\/?p=158497"},"modified":"2025-12-27T10:36:11","modified_gmt":"2025-12-27T10:36:11","slug":"besiktasi-borc-yukunden-kurtaracak-projeyi-baskan-serdal-adali-acikladi-transfer-stratejisi-belli-oldu","status":"publish","type":"post","link":"https:\/\/kamucalisani.net\/index.php\/2025\/12\/27\/besiktasi-borc-yukunden-kurtaracak-projeyi-baskan-serdal-adali-acikladi-transfer-stratejisi-belli-oldu\/","title":{"rendered":"Be\u015fikta\u015f&#8217;\u0131 bor\u00e7 y\u00fck\u00fcnden kurtaracak projeyi Ba\u015fkan Serdal Adal\u0131 a\u00e7\u0131klad\u0131! Transfer stratejisi belli oldu"},"content":{"rendered":"<p><p>Be\u015fikta\u015f&#8217;\u0131n 2025 Y\u0131l\u0131 Ola\u011fan Toplant\u0131s\u0131 Akatlar Mustafa Kemal Merkezi&#8217;nde yap\u0131ld\u0131. Ba\u015fkan Serdal Adal\u0131, Dikilita\u015f Projesi; transferler ve bor\u00e7lar olmak \u00fczere bir\u00e7ok konuya de\u011findi.<\/p>\n<p><strong>Serdal Adal\u0131&#8217;n\u0131n a\u00e7\u0131klamalar\u0131 \u015fu \u015fekilde:<\/strong><\/p>\n<p>K\u0131ymetli \u00dcyeler,<br \/>Hat\u0131rlanaca\u011f\u0131 \u00fczere, 2 Kas\u0131m\u2019da yapt\u0131\u011f\u0131m\u0131z \u0130dari ve Mali Genel Kurulumuzda; Amat\u00f6r bran\u015flardan-pazarlama \u00e7al\u0131\u015fmalar\u0131na, ileti\u015fim faaliyetlerimizden-spor okullar\u0131m\u0131za, kurumsal ve mali konulardan-dijital altyap\u0131 d\u00f6n\u00fc\u015f\u00fcmlerine kadar, 10 ayl\u0131k g\u00f6rev s\u00fcremizde geldi\u011fimiz t\u00fcm a\u015famalar\u0131 kapsaml\u0131 \u015fekilde payla\u015fm\u0131\u015ft\u0131k. De\u011ferli vaktinizi almamak ad\u0131na; o konular\u0131n detaylar\u0131n\u0131 tekrar etmeyece\u011fim. Ancak her bir projemizin kararl\u0131l\u0131kla s\u00fcrd\u00fc\u011f\u00fcn\u00fcn alt\u0131n\u0131 \u00e7izmekle yetinece\u011fim. Bizler; ba\u015far\u0131y\u0131 tesad\u00fcf olmaktan \u00e7\u0131kar\u0131p bir standart haline getirmek i\u00e7in; \u00e7ok y\u00f6nl\u00fc ve s\u00fcrd\u00fcr\u00fclebilir sistemler in\u015fa etmenin g\u00fcc\u00fcne inan\u0131yoruz. \u0130\u015fte tam da bu noktada, idari ve kurumsal yap\u0131lanma konusundaki \u00e7al\u0131\u015fmalar\u0131m\u0131zla ba\u015flamak istiyorum.<\/p>\n<p><strong>&#8216;YEN\u0130 B\u0130R D\u00d6NEM\u0130 BA\u015eLATIYORUZ&#8217;<\/strong><\/p>\n<p>G\u00fc\u00e7l\u00fc bir idari ve kurumsal yap\u0131lanma, ancak verimli, nitelikli ve s\u00fcrd\u00fcr\u00fclebilir i\u015f birlikleriyle desteklendi\u011finde g\u00fc\u00e7lenir. Sponsorluk a\u011f\u0131m\u0131zda ne yaz\u0131k ki rakiplerimizin gerisinde kald\u0131\u011f\u0131m\u0131z s\u00fcre\u00e7ler ya\u015fad\u0131k. Rekabet avantaj\u0131m\u0131z\u0131 yeniden kazanmak ve bu alandaki mali kazan\u0131mlar\u0131m\u0131z\u0131 art\u0131rmak temel \u00f6nceliklerimizden biridir. Sponsorluk stratejilerimizde, son y\u0131llardaki performans\u0131m\u0131z\u0131 yukar\u0131 ta\u015f\u0131yacak yeni bir d\u00f6nemi ba\u015flat\u0131yoruz. Mevcut ortakl\u0131klar\u0131m\u0131z\u0131 tazelemekle kalm\u0131yor, farkl\u0131 bran\u015flar\u0131m\u0131zda fark yaratacak yeni ve prestijli i\u015f birlikleri i\u00e7in \u00e7al\u0131\u015fmalar\u0131m\u0131z\u0131 s\u00fcrd\u00fcr\u00fcyoruz.<\/p>\n<p><strong>&#8216;BE\u015e\u0130KTA\u015e&#8217;A H\u0130ZMET ETMEK \u0130\u00c7\u0130N BURADAYIZ&#8217;<\/strong><\/p>\n<p>Ayr\u0131ca; planlad\u0131\u011f\u0131m\u0131z idari d\u00f6n\u00fc\u015f\u00fcm ve yat\u0131r\u0131mlar ile beklenen gelir art\u0131\u015f\u0131n\u0131n en b\u00fcy\u00fck g\u00fcvencesi ise in\u015fa etmekte oldu\u011fumuz yeni mali sistemdir. S\u00fcrd\u00fcr\u00fclebilir bir ba\u015far\u0131 i\u00e7in mali yap\u0131m\u0131z\u0131 ki\u015filerin inisiyatifinden \u00e7\u0131kar\u0131p, sars\u0131lmaz kurumsal kurallara ba\u011fl\u0131yoruz. B\u00fct\u00e7e disiplini ilkesini soyut bir kavram olmaktan \u00e7\u0131kararak, kul\u00fcb\u00fcm\u00fcz\u00fcn t\u00fcz\u00fc\u011f\u00fcne a\u00e7\u0131k, ba\u011flay\u0131c\u0131 ve kal\u0131c\u0131 bir d\u00fczenleme olarak kazand\u0131r\u0131yoruz. Yeni d\u00f6nemde, g\u00f6revdeki her y\u00f6netim kendi d\u00f6nemindeki b\u00fct\u00e7e a\u015f\u0131m\u0131ndan \u015fahsen sorumlu olacakt\u0131r. Her y\u00f6netim, planlanan ve yarat\u0131lan gelirden daha fazla harcama yaparsa, aradaki fark\u0131 kendi kaynaklar\u0131 ile kar\u015f\u0131las\u0131n istiyoruz. Kul\u00fcb\u00fcn imk\u00e2nlar\u0131, kul\u00fcb\u00fcn menfaatleri do\u011frultusunda, ancak tan\u0131mlanan s\u0131n\u0131rlar dahilinde kullan\u0131lacakt\u0131r. Bizler de kendi d\u00f6nemimizde olu\u015fabilecek her t\u00fcrl\u00fc finansal fark\u0131 \u015fahsi kaynaklar\u0131m\u0131zla kapatmay\u0131 taahh\u00fct ediyoruz. Biz Be\u015fikta\u015f\u2019a hizmet etmek i\u00e7in buraday\u0131z. Be\u015fikta\u015f\u2019\u0131 gelecek ku\u015faklara, devrald\u0131\u011f\u0131m\u0131z tablodan \u00e7ok daha iyi ko\u015fullarda b\u0131rakaca\u011f\u0131z. Bu koltuktan kul\u00fcb\u00fcm\u00fcze tek bir kuru\u015f a\u00e7\u0131k b\u0131rakmadan kalkaca\u011f\u0131m\u0131z\u0131n s\u00f6z\u00fcn\u00fc veriyoruz. 2026\u2019n\u0131n ilk \u00e7eyre\u011finde bu t\u00fcz\u00fck tadilini yapmak istiyoruz.<\/p>\n<p><strong>G\u00d6REV S\u00dcRES\u0130<\/strong><\/p>\n<p>Bir di\u011fer t\u00fcz\u00fck de\u011fi\u015fikli\u011fi plan\u0131m\u0131z ise; se\u00e7imlerin iki y\u0131lda bir yap\u0131lmas\u0131na ili\u015fkin. \u00d6nerdi\u011fimiz t\u00fcz\u00fck de\u011fi\u015fikli\u011fiyle, Ola\u011fan Se\u00e7imli Genel Kurullar\u0131m\u0131z\u0131, S\u00fcleyman Seba d\u00f6nemindeki gibi iki y\u0131la indirmeyi hedefliyoruz. Bu d\u00fczenleme, bizim d\u00f6nemimizden itibaren ge\u00e7erli olacak. Yani mevcut y\u00f6netimin g\u00f6rev s\u00fcresi de yeni d\u00fczenlemeyle bir y\u0131l k\u0131salm\u0131\u015f olacak. Gelen y\u00f6netimler bu iki y\u0131l i\u00e7inde yapacaklar\u0131n\u0131 yaps\u0131n; yapam\u0131yorlarsa da karar\u0131 yine genel kurulda camiam\u0131z versin. B\u00fcy\u00fck Camiam\u0131za yak\u0131\u015fan budur. Bak\u0131n\u0131z; Bu noktada, bizim Be\u015fikta\u015f\u2019a kar\u015f\u0131 olan samimi duru\u015fumuzu da net bir \u015fekilde g\u00f6rebilirsiniz. Hayata ge\u00e7irdi\u011fimiz b\u00fct\u00fcn uygulamalara, kendi d\u00f6nemimizi de dahil ediyoruz. Kendi g\u00f6rev s\u00fcremizden de feragat ediyoruz. Bize emanet etti\u011finiz s\u00fcrenin sonunda ba\u015far\u0131l\u0131 olaca\u011f\u0131m\u0131za, Be\u015fikta\u015f\u2019\u0131 lay\u0131k oldu\u011fu yere getirece\u011fimize de y\u00fcrekten inan\u0131yoruz.<\/p>\n<p><strong>&#8216;BE\u015e\u0130KTA\u015e TARAFTARI VE KONGRE \u00dcYELER\u0130 ASLA UNUTMAYACAKTIR&#8217;<\/strong><\/p>\n<p>Sayg\u0131de\u011fer \u00dcyeler, Kas\u0131m ay\u0131n\u0131n ba\u015f\u0131nda ger\u00e7ekle\u015fen Mali ve Genel Kurulumuzda ya\u015fananlar a\u00e7\u0131k\u00e7as\u0131 camiam\u0131z ad\u0131na talihsiz bir s\u00fcre\u00e7ti. S\u0131rf kaos ortam\u0131n\u0131 beslemek ad\u0131na, genel kurulumuzu provoke ederek &#8216;ibra etmeme&#8217; senaryolar\u0131 kurgulayan ve bu camiaya o yak\u0131\u015f\u0131ks\u0131z g\u00f6r\u00fcnt\u00fcleri ya\u015fatan arkada\u015flara sormak istiyorum: Biz, devrald\u0131\u011f\u0131m\u0131z o 20 g\u00fcnde ne yapt\u0131k da bu tepkiyle kar\u015f\u0131la\u015ft\u0131k? Daha bir ay bile dolmam\u0131\u015fken; hangi transferi yapt\u0131k, hangi ihaleye imza att\u0131k, hangi m\u00fclk\u00fcm\u00fcz ile ilgili bir karar ald\u0131k? Bizim yapt\u0131\u011f\u0131m\u0131z tek bir \u015fey var; o da g\u00f6revden ka\u00e7anlar\u0131n b\u0131rakt\u0131klar\u0131 enkaz\u0131 kald\u0131rmak ve Be\u015fikta\u015f&#8217;\u0131 yeniden aya\u011fa kald\u0131rmak i\u00e7in gece g\u00fcnd\u00fcz \u00e7al\u0131\u015fmak oldu. Kendi yaratt\u0131klar\u0131 harabeyi g\u00f6rmezden gelip, Be\u015fikta\u015f\u2019\u0131n menfaatlerini ki\u015fisel h\u0131rslar\u0131na feda edenlerin bu camiaya ya\u015fatt\u0131\u011f\u0131 skandal\u0131, Be\u015fikta\u015f taraftar\u0131 ve kongre \u00fcyeleri asla unutmayacakt\u0131r. Soruyorum sizlere; planlar\u0131m\u0131z\u0131n ve projelerimizin hen\u00fcz tohumlar\u0131 at\u0131l\u0131rken, sadece 20 g\u00fcn i\u00e7in bu denli bir tepkiyle kar\u015f\u0131la\u015fmak ne kadar adildir? Bu aceleci tavr\u0131n, bu zamans\u0131z sald\u0131r\u0131lar\u0131n alt\u0131nda art niyet yok mudur? \u015eunu herkes iyi bilsin ki; Be\u015fikta\u015f sahipsiz de\u011fildir ve bu kirli oyunlara asla teslim edilmeyecektir.<\/p>\n<p><strong>&#8216;BE\u015e\u0130KTA\u015e&#8217;IN BA\u015eARISI \u0130\u00c7\u0130N KENETLENME ZAMANIDIR&#8217;<\/strong><\/p>\n<p>Ayr\u0131ca; Be\u015fikta\u015f gibi on binlerce kongre \u00fcyesi olan b\u00fcy\u00fck bir camiada, y\u00f6netimin ibra edilip edilmemesinin birka\u00e7 y\u00fcz oyla belirlenmesi tabii ki ideal bir tablo de\u011fildir. Bunda hepimiz hemfikiriz. Fakat; ibra s\u00fcrecinde; salonda say\u0131m yap\u0131ld\u0131, ibra ger\u00e7ekle\u015fti. B\u00fct\u00fcn bunlara ra\u011fmen, maalesef bir de bir mahkeme s\u00fcreci ya\u015f\u0131yoruz. Bu t\u00fcr tart\u0131\u015fmalar Be\u015fikta\u015f\u2019a yak\u0131\u015fm\u0131yor. Art\u0131k b\u00f6yle g\u00fcndemler yerine Be\u015fikta\u015f\u2019\u0131n ba\u015far\u0131s\u0131 i\u00e7in kenetlenme zaman\u0131d\u0131r. Bununla ili\u015fkili olarak, ba\u015fka bir konuya da de\u011finmeden ge\u00e7emeyece\u011fim; Be\u015fikta\u015f\u2019taki istikrar ortam\u0131n\u0131 hedef alan, camiam\u0131zda suni bir kaos yaratmaya \u00e7al\u0131\u015fan odaklara kar\u015f\u0131 sessiz kalmam\u0131z m\u00fcmk\u00fcn de\u011fildir. Son d\u00f6nemde \u00f6zellikle sosyal medya \u00fczerinden y\u00fcr\u00fct\u00fclen sistemli kampanyalar\u0131n, Be\u015fikta\u015f\u2019\u0131n menfaatlerini hedef ald\u0131\u011f\u0131 a\u00e7\u0131kt\u0131r. Y\u00fcr\u00fctt\u00fc\u011f\u00fcm\u00fcz teknik analizler ve titiz takipler sonucunda, bu operasyonlar\u0131n perde arkas\u0131na dair \u00e7arp\u0131c\u0131 veriler elde edilmi\u015ftir: Y\u00fczlerce istifa mesaj\u0131 ve g\u00f6rselinin ayn\u0131 anda servis edilmesi, bu s\u00fcrecin organik olmad\u0131\u011f\u0131n\u0131 g\u00f6steriyor. Organize ve sentetik bir &#8216;trol&#8217; operasyonu oldu\u011funu kan\u0131tl\u0131yor. Yap\u0131lan incelemelerde, bu payla\u015f\u0131mlar\u0131n dijital ayak izlerinin %68 oran\u0131nda benzerlik g\u00f6sterdi\u011fi tespit edildi. Yine ayn\u0131 \u015fekilde; bu hesaplar\u0131n benzer merkezlerden y\u00f6netildi\u011fi de ortaya \u00e7\u0131kt\u0131. Bu hesaplar\u0131n bir k\u0131sm\u0131n\u0131n baz\u0131 isimlerle do\u011frudan ili\u015fkili oldu\u011fu; konum, akrabal\u0131k ba\u011flar\u0131 gibi detaylar dijital verilerle belgelenmi\u015ftir. Hatta bu odaklardan biri, de\u015fifre oldu\u011fu an hesab\u0131n\u0131 kapatm\u0131\u015ft\u0131r. Be\u015fikta\u015f\u2019\u0131n b\u00fct\u00fcnl\u00fc\u011f\u00fcne zarar veren bu \u015fah\u0131slar\u0131n Be\u015fikta\u015fl\u0131l\u0131\u011f\u0131 b\u00fcy\u00fck bir soru i\u015faretidir. Camiam\u0131z\u0131 y\u0131pratmaya y\u00f6nelik bu t\u00fcr kirli oyunlara ve dijital operasyonlara asla ge\u00e7it vermeyece\u011fiz. Bizim odak noktam\u0131z, bu suni g\u00fcndemler de\u011fil; Be\u015fikta\u015f\u2019\u0131n ba\u015far\u0131s\u0131 ve huzurudur.<\/p>\n<p><strong>D\u0130K\u0130L\u0130TA\u015e PROJES\u0130<\/strong><\/p>\n<p>Dikilita\u015f ad\u0131 gibi Be\u015fikta\u015f&#8217;\u0131n ekonomik ba\u011f\u0131ms\u0131zl\u0131\u011f\u0131n\u0131n teminat\u0131d\u0131r. Be\u015fikta\u015f&#8217;\u0131 bor\u00e7 y\u00fck\u00fcnden kurtaracak en somut ad\u0131md\u0131r. Bu projeye \u00e7ok \u00f6nem veriyoruz. Sportif faaliyetlerimiz d\u0131\u015f\u0131nda gelirlerimizi artt\u0131rmak ve b\u00fcy\u00fcmeye devam etmek zorunday\u0131z. 2026&#8217;n\u0131n ikinci \u00e7eyre\u011finde nakit ak\u0131\u015f\u0131n\u0131 ba\u015flatmak istiyoruz. \u0130yi \u015fekilde ilerliyoruz, Bakanlarla ile bir araya geldik ve imzalar at\u0131ld\u0131.<\/p>\n<p>Say\u0131n Cumhurba\u015fkan\u0131m\u0131z Recep Tayyip Erdo\u011fan&#8217;a, \u00c7evre, \u015eehircilik ve \u0130klim De\u011fi\u015fikli\u011fi Bakan\u0131 Murat Kurum ve b\u00fcrokratlar\u0131na, Gen\u00e7lik ve Spor Bakanl\u0131\u011f\u0131 Gen\u00e7lik ve Spor Bakan\u0131 Dr. Osman A\u015fk\u0131n Bak&#8217;a te\u015fekk\u00fcr ve \u015f\u00fckranlar\u0131m\u0131 sunuyorum. Allah raz\u0131 olsun.<\/p>\n<p>Emlak Konut ile protokol yap\u0131ld\u0131, b\u00f6ylece projemiz devlet g\u00fcvencesi alt\u0131na al\u0131nd\u0131.<\/p>\n<p>Masada iki proje modeli var. En uygununu se\u00e7erek uygulamaya ge\u00e7ece\u011fiz. Dikilita\u015f ile ilgili her \u015feyin en do\u011fru \u015fekilde payla\u015f\u0131laca\u011f\u0131 web portal\u0131 da hayata ge\u00e7irece\u011fiz. Bu projede en \u00f6nemli \u015fey \u015feffafl\u0131k ve camiada kimsenin akl\u0131nda soru i\u015fareti kalmas\u0131n istiyoruz.<\/p>\n<p>Kolay s\u00fcre\u00e7 de\u011fil, ger\u00e7ekten zorluklar var. Biz zoru kolaya \u00e7evirmek i\u00e7in buraday\u0131z. Akl\u0131m\u0131z\u0131, g\u00fcc\u00fcm\u00fcz\u00fc ve vizyonumuzu ortaya koyarak b\u00f6yle bir\u00e7ok projeyi hayata ge\u00e7irece\u011fiz.<\/p>\n<p><strong>MERT G\u00dcNOK VE NEC\u0130P UYSAL<\/strong><\/p>\n<p>Teknik heyetimizin raporu ve y\u00f6netim kurulumuzun onay\u0131yla Necip Uysal ve Mert G\u00fcnok&#8217;a yeni d\u00f6nemde kadro planlam\u0131m\u0131zda kendilerine bildirilmi\u015ftir. Her iki isimden kendilerine kul\u00fcp bulmalar\u0131 istenmi\u015ftir. Her iki oyuncumuza emekleri i\u00e7in ayr\u0131 ayr\u0131 te\u015fekk\u00fcr ediyor, karar\u0131n camiam\u0131za hay\u0131rl\u0131 olmas\u0131n\u0131 diliyorum.<\/p>\n<p><strong>&#8216;ARROYO VE RICARDO OLMADI&#8217;<\/strong><\/p>\n<p>Bildi\u011finiz \u00fczere; TFF limitleri dahilinde Arroyo ve Ricardo gibi gen\u00e7 oyuncu transferleri ger\u00e7ekle\u015ftirmi\u015ftik. Bu transferleri tekil de\u011fil, bir portf\u00f6y ba\u015far\u0131s\u0131 olarak y\u00f6nettik. Bu iki oyuncudan birinin 8 milyon Euro\u2019luk sat\u0131\u015f\u0131 ve di\u011ferinin kiralanmas\u0131yla ekonomik girdi sa\u011flad\u0131k. Bu oyuncular bizim tak\u0131mda uyu\u015fmazl\u0131k ya\u015fam\u0131\u015f olabilirler, fakat sonu\u00e7ta ekonomik de\u011fere d\u00f6n\u00fc\u015ft\u00fcrd\u00fc\u011f\u00fcm\u00fcz transferlerdir. Ki; bu sayede toplamda yakla\u015f\u0131k 9 milyon Euro nakit giri\u015fi sa\u011flad\u0131k.<\/p>\n<p><strong>YAPILACAK TRANSFERLER<\/strong><\/p>\n<p>Ligde devre aras\u0131na girmemiz vesilesiyle; transfer planlamalar\u0131m\u0131za k\u0131saca de\u011finmek istiyorum: Be\u015fikta\u015f\u2019\u0131n transfer stratejisi; Finansal disiplinden taviz vermeden, do\u011frudan ilk 11&#8217;de oynayabilecek ve tak\u0131ma an\u0131nda g\u00fc\u00e7 katacak &#8216;nokta at\u0131\u015f\u0131&#8217; isimleri kadroya dahil etmektir. Sezonun ilk yar\u0131s\u0131nda ald\u0131\u011f\u0131m\u0131z sonu\u00e7lar her ne kadar tabelada bizi mutlu etmese de, sahadaki ger\u00e7ekler \u00e7ok daha farkl\u0131 bir tablo \u00e7iziyor. \u00d6rne\u011fin; pozisyon \u00fcretiminde lideriz. Ligin en \u00e7ok gol pozisyonuna giren tak\u0131m\u0131 olmam\u0131z, kurdu\u011fumuz sistemin i\u015flemeye ba\u015flad\u0131\u011f\u0131n\u0131n sinyallerini veriyor. \u0130lk haftalara oranla s\u00fcrekli geli\u015fen, rakipten \u00e7ekinmeyen ve oyunu domine eden bir kimli\u011fe b\u00fcr\u00fcnd\u00fck ve ivmemiz yukar\u0131 y\u00f6nl\u00fc. Bu konuda hocam\u0131z Sergen Yal\u00e7\u0131n ve teknik ekibin yo\u011fun gayretlerine te\u015fekk\u00fcrlerimi sunuyorum. Oyun g\u00fcc\u00fcm\u00fcz bu seviyedeyken, ka\u00e7an pozisyonlar\u0131n skora d\u00f6n\u00fc\u015fmesinin sadece an meselesi oldu\u011funu g\u00f6r\u00fcyoruz. \u00d6zetle; skor ge\u00e7ici, sahadaki g\u00fc\u00e7l\u00fc oyun kal\u0131c\u0131d\u0131r. Bu performans, ikinci yar\u0131da bekledi\u011fimiz seri galibiyetlerin en b\u00fcy\u00fck habercisidir.<br \/>Buradan hareketle; Tak\u0131m de\u011ferimizde yakalad\u0131\u011f\u0131m\u0131z yukar\u0131 y\u00f6nl\u00fc ivmeyi, bu transfer d\u00f6neminde ger\u00e7ekle\u015ftirece\u011fimiz hamlelerle daha da yukar\u0131lara ta\u015f\u0131may\u0131 hedefliyoruz.<\/p>\n<p><strong>EUROLEAGUE HEDEF\u0130<\/strong><\/p>\n<p>Basketbol \u015fubemizde son d\u00f6nemde at\u0131lan stratejik ad\u0131mlar, Be\u015fikta\u015f\u0131m\u0131z\u0131n bu bran\u015fta yeniden bir &#8216;ekol&#8217; haline geldi\u011finin en somut g\u00f6stergesidir. Ba\u015fantren\u00f6r\u00fcm\u00fcz Dusan hocam\u0131z y\u00f6netiminde, Nedim Y\u00fccel\u2019in ve \u00d6zkan Arseven\u2019in \u00fcst\u00fcn \u00e7al\u0131\u015fmalar\u0131yla, parkede son derece \u00fcretken ve Be\u015fikta\u015f ruhunu yans\u0131tan bir tak\u0131m izlemenin gururunu ya\u015f\u0131yoruz.<\/p>\n<p>Bug\u00fcn itibar\u0131yla ligde nama\u011flup liderli\u011fimizi s\u00fcrd\u00fcr\u00fcrken, Avrupa\u2019da da kupaya uzanma kararl\u0131l\u0131\u011f\u0131m\u0131z\u0131 koruyoruz. Ancak bizim as\u0131l hedefimiz, bu ba\u015far\u0131lar\u0131n \u00f6tesinde, mali disiplinden taviz vermeden kul\u00fcb\u00fcm\u00fcz\u00fc EuroLeague arenas\u0131nda kal\u0131c\u0131 bir marka haline getirmektir. Y\u00f6netimsel istikrar ve sportif ba\u015far\u0131yla harmanlanan bu s\u00fcre\u00e7, camiam\u0131z\u0131n bekledi\u011fi o g\u00f6rkemli basketbol zaferlerinin sadece ba\u015flang\u0131c\u0131d\u0131r.<\/p>\n\n<p><\/p>\n<p>Kaynak :\u00a0<span style=\"background-color: rgb(255, 249, 236); color: rgb(55, 58, 60); font-size: 14px;\">http:\/\/www.milliyet.com.tr\/skorer\/besiktasi-borc-yukunden-kurtaracak-projeyi-baskan-serdal-adali-acikladi-transfer-stratejisi-belli-oldu-7510405<\/span><\/p>\n","protected":false},"excerpt":{"rendered":"<p>Be\u015fikta\u015f Kul\u00fcb\u00fcn\u00fcn 2025 y\u0131l\u0131 ola\u011fan divan kurulu toplant\u0131s\u0131 Belta\u015f Akatlar Mustafa Kemal Merkezi Atilla \u0130lhan Salonu&#8217;nda ger\u00e7ekle\u015fti. Toplant\u0131da Ba\u015fkan Serdal Adal\u0131 a\u00e7\u0131klamalarda bulundu.<\/p>\n","protected":false},"author":1,"featured_media":158498,"comment_status":"open","ping_status":"open","sticky":false,"template":"","format":"standard","meta":{"footnotes":""},"categories":[7],"tags":[1526,819,131,760,2367],"class_list":["post-158497","post","type-post","status-publish","format-standard","has-post-thumbnail","hentry","category-spor","tag-basari","tag-besiktas","tag-oyun","tag-proje","tag-yonetim"],"_links":{"self":[{"href":"https:\/\/kamucalisani.net\/index.php\/wp-json\/wp\/v2\/posts\/158497","targetHints":{"allow":["GET"]}}],"collection":[{"href":"https:\/\/kamucalisani.net\/index.php\/wp-json\/wp\/v2\/posts"}],"about":[{"href":"https:\/\/kamucalisani.net\/index.php\/wp-json\/wp\/v2\/types\/post"}],"author":[{"embeddable":true,"href":"https:\/\/kamucalisani.net\/index.php\/wp-json\/wp\/v2\/users\/1"}],"replies":[{"embeddable":true,"href":"https:\/\/kamucalisani.net\/index.php\/wp-json\/wp\/v2\/comments?post=158497"}],"version-history":[{"count":1,"href":"https:\/\/kamucalisani.net\/index.php\/wp-json\/wp\/v2\/posts\/158497\/revisions"}],"predecessor-version":[{"id":158499,"href":"https:\/\/kamucalisani.net\/index.php\/wp-json\/wp\/v2\/posts\/158497\/revisions\/158499"}],"wp:featuredmedia":[{"embeddable":true,"href":"https:\/\/kamucalisani.net\/index.php\/wp-json\/wp\/v2\/media\/158498"}],"wp:attachment":[{"href":"https:\/\/kamucalisani.net\/index.php\/wp-json\/wp\/v2\/media?parent=158497"}],"wp:term":[{"taxonomy":"category","embeddable":true,"href":"https:\/\/kamucalisani.net\/index.php\/wp-json\/wp\/v2\/categories?post=158497"},{"taxonomy":"post_tag","embeddable":true,"href":"https:\/\/kamucalisani.net\/index.php\/wp-json\/wp\/v2\/tags?post=158497"}],"curies":[{"name":"wp","href":"https:\/\/api.w.org\/{rel}","templated":true}]}}