{"id":158546,"date":"2025-12-27T11:54:13","date_gmt":"2025-12-27T11:54:13","guid":{"rendered":"https:\/\/kamucalisani.net\/?p=158546"},"modified":"2025-12-27T11:54:13","modified_gmt":"2025-12-27T11:54:13","slug":"realme-16-pro-plus-islemcisi-tartisma-yaratti-snapdragon-7-gen-4-ile-gelebilir","status":"publish","type":"post","link":"https:\/\/kamucalisani.net\/index.php\/2025\/12\/27\/realme-16-pro-plus-islemcisi-tartisma-yaratti-snapdragon-7-gen-4-ile-gelebilir\/","title":{"rendered":"Realme 16 Pro Plus i\u015flemcisi tart\u0131\u015fma yaratt\u0131: Snapdragon 7 Gen 4 ile gelebilir"},"content":{"rendered":"<p><figure> <span> <img decoding=\"async\" src=\"https:\/\/kamucalisani.net\/wp-content\/uploads\/2025\/12\/realme-16-pro-plus-islemcisi-tartisma-yaratti-snapdragon-7-gen-4-ile-gelebilir-0-2yFJ6HXL.jpg\"\/> <\/span> <strong>Realme<\/strong>, bu ay\u0131n ba\u015flar\u0131nda yapt\u0131\u011f\u0131 a\u00e7\u0131klamada <strong>Realme 16 Pro+<\/strong> modelinin <strong>Snapdragon 7 Gen 4\u2019ten<\/strong> daha g\u00fc\u00e7l\u00fc bir i\u015flemciyle gelece\u011fini iddia etmi\u015fti. Bu a\u00e7\u0131klama, cihaz\u0131 orta-\u00fcst segmentte konumland\u0131rmak isteyen marka i\u00e7in \u00f6nemli bir mesaj niteli\u011fi ta\u015f\u0131yordu. Ancak k\u0131sa s\u00fcre sonra ortaya \u00e7\u0131kan Geekbench kay\u0131tlar\u0131, telefonun Snapdragon 7 Gen 4 ile test edildi\u011fini g\u00f6sterdi.\u00a0 <\/figure>\n<p>\u0130nternete s\u0131zd\u0131r\u0131lan yeni perakende kutu g\u00f6rselleri, Realme 16 Pro+\u2019\u0131n i\u015flemci taraf\u0131ndaki belirsizli\u011fi b\u00fcy\u00fck \u00f6l\u00e7\u00fcde ortadan kald\u0131rd\u0131. Kutunun \u00fczerinde a\u00e7\u0131k \u015fekilde Snapdragon 7 Gen 4 ibaresinin yer almas\u0131, cihaz\u0131n nihai s\u00fcr\u00fcm\u00fcnde de bu yonga setinin kullan\u0131laca\u011f\u0131n\u0131 do\u011fruluyor. Bu noktada as\u0131l soru ise Realme\u2019nin neden daha \u00f6nce kullanmayaca\u011f\u0131n\u0131 s\u00f6yledi\u011fi bir i\u015flemciyi tercih etti\u011fi ve bunu neden net bir \u015fekilde a\u00e7\u0131klamad\u0131\u011f\u0131 oluyor.<\/p>\n<p><b>\u0130\u015fte Realme 16 Pro+ beklenen donan\u0131m \u00f6zellikleri:<\/b><\/p>\n<figure> <span> <img decoding=\"async\" src=\"https:\/\/kamucalisani.net\/wp-content\/uploads\/2025\/12\/realme-16-pro-plus-islemcisi-tartisma-yaratti-snapdragon-7-gen-4-ile-gelebilir-1-yqBGDBih.jpg\"\/> <\/span> \u0130\u015flemci tart\u0131\u015fmas\u0131n\u0131n g\u00f6lgesinde kalsa da Realme 16 Pro+, teknik \u00f6zellikleriyle olduk\u00e7a iddial\u0131 bir cihaz profili \u00e7iziyor. S\u0131zd\u0131r\u0131lan kutu g\u00f6rselleri ve TENAA veri taban\u0131ndaki bilgiler, telefonun \u00f6zellikle kamera ve batarya taraf\u0131nda segmentinin \u00fcst\u00fcnde konumland\u0131\u011f\u0131n\u0131 g\u00f6steriyor. Arka tarafta yer alan <strong>200 MP ana kamera<\/strong>, y\u00fcksek \u00e7\u00f6z\u00fcn\u00fcrl\u00fckl\u00fc sens\u00f6rler sayesinde detayl\u0131 foto\u011fraf \u00e7ekimleri vaat ediyor. Buna 50 MP \u00e7\u00f6z\u00fcn\u00fcrl\u00fc\u011f\u00fcnde, 3,5x optik yak\u0131nla\u015ft\u0131rma sunan bir telefoto lens e\u015flik ediyor. <\/figure>\n<p>Ekran taraf\u0131nda ise <strong>6,8 in\u00e7 <\/strong>b\u00fcy\u00fckl\u00fc\u011f\u00fcnde AMOLED bir panel bulunuyor. 10 bit renk derinli\u011fine sahip bu ekran, daha geni\u015f bir renk gam\u0131 ve daha yumu\u015fak ge\u00e7i\u015fler sunarak \u00f6zellikle multimedya t\u00fcketiminde avantaj sa\u011fl\u0131yor. \u00d6n tarafta konumland\u0131r\u0131lan 50 MP selfie kameras\u0131, video g\u00f6r\u00fc\u015fmeleri ve sosyal medya kullan\u0131m\u0131 i\u00e7in y\u00fcksek kalite vadediyor. Arka kamera kurulumunda ayr\u0131ca 8 MP \u00e7\u00f6z\u00fcn\u00fcrl\u00fc\u011f\u00fcnde bir ultra geni\u015f a\u00e7\u0131l\u0131 lens yer al\u0131yor ve bu da farkl\u0131 \u00e7ekim senaryolar\u0131nda esneklik kazand\u0131r\u0131yor.<\/p>\n<figure> <span> <img decoding=\"async\" src=\"https:\/\/kamucalisani.net\/wp-content\/uploads\/2025\/12\/realme-16-pro-plus-islemcisi-tartisma-yaratti-snapdragon-7-gen-4-ile-gelebilir-2-berpwTmv.jpg\"\/> <\/span> Realme 16 Pro+\u2019\u0131n \u00f6ne \u00e7\u0131kan bir di\u011fer \u00f6zelli\u011fi ise batarya kapasitesi. <strong>7.000 mAh<\/strong> b\u00fcy\u00fckl\u00fc\u011f\u00fcndeki batarya, uzun pil \u00f6mr\u00fc arayan kullan\u0131c\u0131lar i\u00e7in \u00f6nemli bir art\u0131 olarak \u00f6ne \u00e7\u0131k\u0131yor. Bu y\u00fcksek kapasite, 80W h\u0131zl\u0131 \u015farj deste\u011fiyle tamamlan\u0131yor. Son olarak yaz\u0131l\u0131m taraf\u0131nda ise telefon, Android 16 i\u015fletim sistemi ve Realme UI 7 aray\u00fcz\u00fc ile \u00e7al\u0131\u015f\u0131yor. Realme\u2019nin k\u00fcresel pazarda bu model i\u00e7in \u00fc\u00e7 b\u00fcy\u00fck Android s\u00fcr\u00fcm g\u00fcncellemesi ve d\u00f6rt y\u0131l boyunca g\u00fcvenlik g\u00fcncellemesi sunmas\u0131 bekleniyor. <\/figure>\n<\/p>\n<p>Kaynak\u00a0 :\u00a0<span style=\"background-color: rgb(255, 249, 236); color: rgb(55, 58, 60); font-size: 14px;\">https:\/\/www.donanimhaber.com\/realme-16-pro-plus-islemcisi-tartisma-yaratti-snapdragon-7-gen-4&#8211;200204<\/span><\/p>\n","protected":false},"excerpt":{"rendered":"<p>Realme, bu ay\u0131n ba\u015flar\u0131nda yapt\u0131\u011f\u0131 a\u00e7\u0131klamada Realme 16 Pro+ modelinin Snapdragon 7 Gen 4\u2019ten daha g\u00fc\u00e7l\u00fc bir i\u015flemciyle gelece\u011fini iddia etmi\u015fti. Bu a\u00e7\u0131klama, cihaz\u0131 orta-\u00fcst segmentte konumland\u0131rmak isteyen marka i\u00e7in \u00f6nemli bir mesaj niteli\u011fi &#8230;<\/p>\n","protected":false},"author":1,"featured_media":158547,"comment_status":"open","ping_status":"open","sticky":false,"template":"","format":"standard","meta":{"footnotes":""},"categories":[8],"tags":[769],"class_list":["post-158546","post","type-post","status-publish","format-standard","has-post-thumbnail","hentry","category-teknoloji","tag-gen"],"_links":{"self":[{"href":"https:\/\/kamucalisani.net\/index.php\/wp-json\/wp\/v2\/posts\/158546","targetHints":{"allow":["GET"]}}],"collection":[{"href":"https:\/\/kamucalisani.net\/index.php\/wp-json\/wp\/v2\/posts"}],"about":[{"href":"https:\/\/kamucalisani.net\/index.php\/wp-json\/wp\/v2\/types\/post"}],"author":[{"embeddable":true,"href":"https:\/\/kamucalisani.net\/index.php\/wp-json\/wp\/v2\/users\/1"}],"replies":[{"embeddable":true,"href":"https:\/\/kamucalisani.net\/index.php\/wp-json\/wp\/v2\/comments?post=158546"}],"version-history":[{"count":1,"href":"https:\/\/kamucalisani.net\/index.php\/wp-json\/wp\/v2\/posts\/158546\/revisions"}],"predecessor-version":[{"id":158551,"href":"https:\/\/kamucalisani.net\/index.php\/wp-json\/wp\/v2\/posts\/158546\/revisions\/158551"}],"wp:featuredmedia":[{"embeddable":true,"href":"https:\/\/kamucalisani.net\/index.php\/wp-json\/wp\/v2\/media\/158547"}],"wp:attachment":[{"href":"https:\/\/kamucalisani.net\/index.php\/wp-json\/wp\/v2\/media?parent=158546"}],"wp:term":[{"taxonomy":"category","embeddable":true,"href":"https:\/\/kamucalisani.net\/index.php\/wp-json\/wp\/v2\/categories?post=158546"},{"taxonomy":"post_tag","embeddable":true,"href":"https:\/\/kamucalisani.net\/index.php\/wp-json\/wp\/v2\/tags?post=158546"}],"curies":[{"name":"wp","href":"https:\/\/api.w.org\/{rel}","templated":true}]}}