{"id":158850,"date":"2025-12-27T20:06:11","date_gmt":"2025-12-27T20:06:11","guid":{"rendered":"https:\/\/kamucalisani.net\/?p=158850"},"modified":"2025-12-27T20:06:11","modified_gmt":"2025-12-27T20:06:11","slug":"necip-uysaldan-ayrilik-aciklamasi-aslolan-besiktas","status":"publish","type":"post","link":"https:\/\/kamucalisani.net\/index.php\/2025\/12\/27\/necip-uysaldan-ayrilik-aciklamasi-aslolan-besiktas\/","title":{"rendered":"Necip Uysal&#8217;dan ayr\u0131l\u0131k a\u00e7\u0131klamas\u0131! &#8216;Aslolan Be\u015fikta\u015f&#8217;"},"content":{"rendered":"<p><p>Be\u015fikta\u015f&#8217;ta k\u0131sa s\u00fcre \u00f6nce Necip Uysal ve Mert G\u00fcnok kadro d\u0131\u015f\u0131 b\u0131rak\u0131ld\u0131. Oyunculardan kul\u00fcp bulmalar\u0131 istendi.<\/p>\n<p>Necip Uysal&#8217;\u0131n altyap\u0131dan ba\u015flayan ve 15 y\u0131ld\u0131r profesyonel kadroda devam eden Be\u015fikta\u015f kariyeri de b\u00f6ylece son bulmu\u015f oldu.<\/p>\n<p>Ya\u015fananlar\u0131n ard\u0131ndan F\u0131rat G\u00fcnayer&#8217;e konu\u015fan Necip Uysal, kimseyle hi\u00e7bir problem ya\u015famad\u0131\u011f\u0131n\u0131 belirtti.<\/p>\n<p>Necip Uysal&#8217;\u0131n a\u00e7\u0131klamalar\u0131 \u015fu \u015fekilde:<\/p>\n<p><strong>&#8216;ASLOLAN BE\u015e\u0130KTA\u015e&#8217;<\/strong><\/p>\n<p>Benim hocayla hi\u00e7bir tart\u0131\u015fmam olmad\u0131. Hocayla ve i\u00e7eride kimseyle problemim yok. \u015ea\u015fk\u0131n\u0131m, \u00fczg\u00fcn\u00fcm. Beklemedi\u011fim bir durum ve ne yapaca\u011f\u0131m konusunda hen\u00fcz bir fikrim yok.<\/p>\n<p>Aslolan kul\u00fcpt\u00fcr, bir Necip gider, 10 tane Necip gelir. Kul\u00fcpler kal\u0131c\u0131, bizler ge\u00e7iciyiz. Ben y\u00f6netimin verdi\u011fi karara sayg\u0131l\u0131y\u0131m. Bu konunun art\u0131k uzamas\u0131n\u0131 istemiyorum. Bu konunun konu\u015fulmas\u0131 Be\u015fikta\u015f&#8217;a zarar verir. Ben bu konu hakk\u0131nda bir daha konu\u015fmak istemiyorum.<\/p>\n\n<p><\/p>\n<p>Kaynak :\u00a0<span style=\"background-color: rgb(255, 249, 236); color: rgb(55, 58, 60); font-size: 14px;\">http:\/\/www.milliyet.com.tr\/skorer\/necip-uysaldan-ayrilik-aciklamasi-aslolan-besiktas-7510585<\/span><\/p>\n","protected":false},"excerpt":{"rendered":"<p>Be\u015fikta\u015f&#8217;ta kadro d\u0131\u015f\u0131 b\u0131rak\u0131lan Necip Uysal, hi\u00e7 kimseyle hi\u00e7bir problem ya\u015famad\u0131\u011f\u0131n\u0131 belirtirken bu konuyu daha fazla konu\u015fmak istemedi\u011fini de s\u00f6yledi.<\/p>\n","protected":false},"author":1,"featured_media":158851,"comment_status":"open","ping_status":"open","sticky":false,"template":"","format":"standard","meta":{"footnotes":""},"categories":[7],"tags":[10566],"class_list":["post-158850","post","type-post","status-publish","format-standard","has-post-thumbnail","hentry","category-spor","tag-necip"],"_links":{"self":[{"href":"https:\/\/kamucalisani.net\/index.php\/wp-json\/wp\/v2\/posts\/158850","targetHints":{"allow":["GET"]}}],"collection":[{"href":"https:\/\/kamucalisani.net\/index.php\/wp-json\/wp\/v2\/posts"}],"about":[{"href":"https:\/\/kamucalisani.net\/index.php\/wp-json\/wp\/v2\/types\/post"}],"author":[{"embeddable":true,"href":"https:\/\/kamucalisani.net\/index.php\/wp-json\/wp\/v2\/users\/1"}],"replies":[{"embeddable":true,"href":"https:\/\/kamucalisani.net\/index.php\/wp-json\/wp\/v2\/comments?post=158850"}],"version-history":[{"count":1,"href":"https:\/\/kamucalisani.net\/index.php\/wp-json\/wp\/v2\/posts\/158850\/revisions"}],"predecessor-version":[{"id":158852,"href":"https:\/\/kamucalisani.net\/index.php\/wp-json\/wp\/v2\/posts\/158850\/revisions\/158852"}],"wp:featuredmedia":[{"embeddable":true,"href":"https:\/\/kamucalisani.net\/index.php\/wp-json\/wp\/v2\/media\/158851"}],"wp:attachment":[{"href":"https:\/\/kamucalisani.net\/index.php\/wp-json\/wp\/v2\/media?parent=158850"}],"wp:term":[{"taxonomy":"category","embeddable":true,"href":"https:\/\/kamucalisani.net\/index.php\/wp-json\/wp\/v2\/categories?post=158850"},{"taxonomy":"post_tag","embeddable":true,"href":"https:\/\/kamucalisani.net\/index.php\/wp-json\/wp\/v2\/tags?post=158850"}],"curies":[{"name":"wp","href":"https:\/\/api.w.org\/{rel}","templated":true}]}}