{"id":159308,"date":"2025-12-29T11:12:10","date_gmt":"2025-12-29T11:12:10","guid":{"rendered":"https:\/\/kamucalisani.net\/?p=159308"},"modified":"2025-12-29T11:12:10","modified_gmt":"2025-12-29T11:12:10","slug":"besiktasta-necip-uysal-ile-sergen-yalcin-arasindaki-telefon-gorusmesi-ortaya-cikti-sasirtan-yanit-kimsin","status":"publish","type":"post","link":"https:\/\/kamucalisani.net\/index.php\/2025\/12\/29\/besiktasta-necip-uysal-ile-sergen-yalcin-arasindaki-telefon-gorusmesi-ortaya-cikti-sasirtan-yanit-kimsin\/","title":{"rendered":"Be\u015fikta\u015f&#8217;ta Necip Uysal ile Sergen Yal\u00e7\u0131n aras\u0131ndaki telefon g\u00f6r\u00fc\u015fmesi ortaya \u00e7\u0131kt\u0131! \u015ea\u015f\u0131rtan yan\u0131t: Kimsin?"},"content":{"rendered":"<p><p>Be\u015fikta\u015f&#8217;ta kadro d\u0131\u015f\u0131 kalan Necip Uysal&#8217;\u0131n teknik direkt\u00f6r Sergen Yal\u00e7\u0131n ile telefon g\u00f6r\u00fc\u015fmesi ortaya \u00e7\u0131kt\u0131.<\/p>\n<p><strong>RESM\u0130 S\u0130TEDEN A\u00c7IKLANDI<\/strong><\/p>\n<p>Siyah-beyazl\u0131lar resmi sitesinden yapt\u0131\u011f\u0131 a\u00e7\u0131klamada Mert G\u00fcnok ve Necip Uysal ile yollar\u0131n ayr\u0131laca\u011f\u0131n\u0131 resmen duyurdu.<\/p>\n<p>\u0130\u015fte Be\u015fikta\u015f&#8217;\u0131n yapt\u0131\u011f\u0131 a\u00e7\u0131klama: &#8220;Teknik heyetimizin raporu Y\u00f6netim Kurulumuzun onay\u0131yla profesyonel futbolcular\u0131m\u0131zdan Necip Uysal ile Mert G\u00fcnok\u2019a bug\u00fcn itibar\u0131yla futbol planlamam\u0131zda yer almayacaklar\u0131 tebli\u011f edilmi\u015f ve iki isimden kendilerine kul\u00fcp bulmalar\u0131 istenmi\u015ftir. Necip Uysal ile Mert G\u00fcnok, kul\u00fcp bulamamalar\u0131 halinde \u00e7al\u0131\u015fmalar\u0131n\u0131 tak\u0131m\u0131m\u0131zdan ayr\u0131 s\u00fcrd\u00fcrecektir. Futbol Akademimizden yeti\u015fen, 2009-10 sezonundan bu yana Futbol A Tak\u0131m\u0131m\u0131z\u0131n formas\u0131n\u0131 terleten Uysal ile 2021-22 sezonundan bu yana kalemizi koruyan G\u00fcnok\u2019a bundan sonraki kariyerlerinde ba\u015far\u0131lar diler, kamuoyunun bilgisine sayg\u0131lar\u0131m\u0131zla sunar\u0131z.<\/p>\n<p><strong>\u015eA\u015eIRTAN TELEFON G\u00d6R\u00dc\u015eMES\u0130<\/strong><\/p>\n<p>T\u00fcrkiye Gazetesi&#8217;nin haberine g\u00f6re; Necip Uysal ile Sergen Yal\u00e7\u0131n aras\u0131ndaki telefon g\u00f6r\u00fc\u015fmesi ortaya \u00e7\u0131kt\u0131.<\/p>\n<p>Necip Uysal&#8217;\u0131n Sergen Yal\u00e7\u0131n\u2019\u0131 aramas\u0131n\u0131n ard\u0131ndan Sergen Yal\u00e7\u0131n telefonu, \u2018Kimsin?\u2019 diye a\u00e7\u0131yor. Necip, \u2018Hocam, ben sizinle konu\u015fmak istiyorum\u2019 yan\u0131t\u0131n\u0131 veriyor. Sergen Yal\u00e7\u0131n ise, \u2018Necip, ben seni 20 dakika sonra arayaca\u011f\u0131m\u2019 ifadelerini kullan\u0131yor ancak geri aram\u0131yor.<\/p>\n<div>\n<div><img decoding=\"async\" src=\"https:\/\/kamucalisani.net\/wp-content\/uploads\/2025\/12\/besiktasta-necip-uysal-ile-sergen-yalcin-arasindaki-telefon-gorusmesi-ortaya-cikti-sasirtan-yanit-kimsin-wwtU8xHL.jpg\"\/><\/img><\/div>\n<\/div>\n<p><strong>BE\u015e\u0130KTA\u015e KAR\u0130YER\u0130<\/strong><\/p>\n<p>Necip Uysal, Be\u015fikta\u015f formas\u0131 ile toplam 466 resmi ma\u00e7a \u00e7\u0131kt\u0131. Tecr\u00fcbeli futbolcu s\u00f6z konusu m\u00fcsabakalarda 6 kez rakip fileleri sarsmay\u0131 ba\u015fard\u0131 ve 19 kez de tak\u0131m arkada\u015flar\u0131na gol pas\u0131 verdi.<\/p>\n\n<p><\/p>\n<p>Kaynak :\u00a0<span style=\"background-color: rgb(255, 249, 236); color: rgb(55, 58, 60); font-size: 14px;\">http:\/\/www.milliyet.com.tr\/skorer\/besiktasta-necip-uysal-ile-sergen-yalcin-arasindaki-telefon-gorusmesi-ortaya-cikti-sasirtan-yanit-kimsin-7511446<\/span><\/p>\n","protected":false},"excerpt":{"rendered":"<p>Be\u015fikta\u015f&#8217;ta Necip Uysal&#8217;\u0131n kadro d\u0131\u015f\u0131 kalmas\u0131n\u0131n ard\u0131ndan tecr\u00fcbeli futbolcu ile Sergen Yal\u00e7\u0131n aras\u0131ndaki telefon g\u00f6r\u00fc\u015fmesi ile ilgili s\u00fcrpriz bir iddia g\u00fcndeme geldi.<\/p>\n","protected":false},"author":1,"featured_media":159309,"comment_status":"open","ping_status":"open","sticky":false,"template":"","format":"standard","meta":{"footnotes":""},"categories":[7],"tags":[949,6996,3839],"class_list":["post-159308","post","type-post","status-publish","format-standard","has-post-thumbnail","hentry","category-spor","tag-futbol","tag-necip-uysal","tag-sergen-yalcin"],"_links":{"self":[{"href":"https:\/\/kamucalisani.net\/index.php\/wp-json\/wp\/v2\/posts\/159308","targetHints":{"allow":["GET"]}}],"collection":[{"href":"https:\/\/kamucalisani.net\/index.php\/wp-json\/wp\/v2\/posts"}],"about":[{"href":"https:\/\/kamucalisani.net\/index.php\/wp-json\/wp\/v2\/types\/post"}],"author":[{"embeddable":true,"href":"https:\/\/kamucalisani.net\/index.php\/wp-json\/wp\/v2\/users\/1"}],"replies":[{"embeddable":true,"href":"https:\/\/kamucalisani.net\/index.php\/wp-json\/wp\/v2\/comments?post=159308"}],"version-history":[{"count":1,"href":"https:\/\/kamucalisani.net\/index.php\/wp-json\/wp\/v2\/posts\/159308\/revisions"}],"predecessor-version":[{"id":159311,"href":"https:\/\/kamucalisani.net\/index.php\/wp-json\/wp\/v2\/posts\/159308\/revisions\/159311"}],"wp:featuredmedia":[{"embeddable":true,"href":"https:\/\/kamucalisani.net\/index.php\/wp-json\/wp\/v2\/media\/159309"}],"wp:attachment":[{"href":"https:\/\/kamucalisani.net\/index.php\/wp-json\/wp\/v2\/media?parent=159308"}],"wp:term":[{"taxonomy":"category","embeddable":true,"href":"https:\/\/kamucalisani.net\/index.php\/wp-json\/wp\/v2\/categories?post=159308"},{"taxonomy":"post_tag","embeddable":true,"href":"https:\/\/kamucalisani.net\/index.php\/wp-json\/wp\/v2\/tags?post=159308"}],"curies":[{"name":"wp","href":"https:\/\/api.w.org\/{rel}","templated":true}]}}