{"id":159380,"date":"2025-12-29T13:00:12","date_gmt":"2025-12-29T13:00:12","guid":{"rendered":"https:\/\/kamucalisani.net\/?p=159380"},"modified":"2025-12-29T13:00:12","modified_gmt":"2025-12-29T13:00:12","slug":"hasan-sastan-fenerbahceli-futbolcu-itirafi-galatasarayda-olmasini-isterdim","status":"publish","type":"post","link":"https:\/\/kamucalisani.net\/index.php\/2025\/12\/29\/hasan-sastan-fenerbahceli-futbolcu-itirafi-galatasarayda-olmasini-isterdim\/","title":{"rendered":"Hasan \u015ea\u015f&#8217;tan Fenerbah\u00e7eli futbolcu itiraf\u0131: Galatasaray&#8217;da olmas\u0131n\u0131 isterdim"},"content":{"rendered":"<p><p>Trendyol S\u00fcper Lig&#8217;de ilk devre sona ererken Galatasaray 42 puanla ilk yar\u0131y\u0131 zirvede kapatt\u0131. Fenerbah\u00e7e ise en yak\u0131n rakibinin 3 puan gerisinde 2.s\u0131rada yer ald\u0131. Yorumcu Hasan \u015ea\u015f ise ligin ilk devresini ve transfer d\u00f6nemine dair \u00f6nemli a\u00e7\u0131klamalarda bulundu. \u015ea\u015f&#8217;\u0131n en \u00e7ok dikkat \u00e7eken s\u00f6zleri ise Fenerbah\u00e7e&#8217;nin y\u0131ld\u0131z ismi hakk\u0131nda kulland\u0131\u011f\u0131 ifadeler oldu.<\/p>\n<p><strong>FENERBAH\u00c7E&#8217;N\u0130N SIRRI<\/strong><\/p>\n<p>&#8220;Fenerbah\u00e7e&#8217;nin iyi oyununun sebebi, Tedesco&#8217;nun geldikten sonra hemen 2 \u00e7ak\u0131l\u0131 6 numara bazen Fred&#8217;i kulland\u0131 ama \u0130smail-Alvarez ikilisi&#8230; Hepsi Asensio&#8217;yu daha rahat nas\u0131l oynatabilirim \u00fczerineydi.\u00a0<\/p>\n<p><strong>BA\u015eINIZA BELA ALIRSINIZ<\/strong><\/p>\n<p>&#8220;Talisca ile birlikte 2 tane solak Fenerbah\u00e7e&#8217;ye \u00e7ok \u015fey kat\u0131yor. Burada Fenerbah\u00e7e&#8217;yi durdurmak i\u00e7in konu\u015fmayay\u0131m ama \u015f\u00f6yle bir \u015fey var, e\u011fer Talisca ve Asensio ba\u011flant\u0131lar\u0131n\u0131 kesemezseniz ikisi de sol ayak, ikisi de \u00e7ok formda ba\u015f\u0131n\u0131za bela al\u0131rs\u0131n\u0131z.&#8221;<\/p>\n<div>\n<div><img decoding=\"async\" src=\"https:\/\/kamucalisani.net\/wp-content\/uploads\/2025\/12\/hasan-sastan-fenerbahceli-futbolcu-itirafi-galatasarayda-olmasini-isterdim-0-IVxuS5KN.jpg\"\/><\/img><\/div>\n<\/div>\n<p><strong>ASENSIO&#8217;NUN GALATASARAY&#8217;DA OLMASINI \u0130STERD\u0130M<\/strong><\/p>\n<p>&#8220;Fenerbah\u00e7e \u00e7ok \u00e7ok \u00e7ok iyi bir oyuncu (Asensio) alm\u0131\u015f. Ben bu oyuncunun a\u00e7\u0131k s\u00f6yleyeyim Galatasaray&#8217;da olmas\u0131n\u0131 isterdim. \u00c7ok fark yarat\u0131r. Sol aya\u011f\u0131na hakim, oyun zekas\u0131 \u00e7ok y\u00fcksek, az top kayb\u0131 yap\u0131yor, devaml\u0131 tehlike halinde. Talisca da iyi durumda.&#8221;\u00a0<\/p>\n<p>&#8220;\u0130kisini durdurun Fenerbah\u00e7e durur. Asensio ile Talisca \u00e7ok fark yarat\u0131yor. Asensio b\u00fct\u00fcn orta sahan\u0131n merkezinde, kanatlara i\u00e7lere gidiyor&#8230; Bunun kontrol\u00fc \u00e7ok zor. Galatasaray&#8217;da Yunus&#8217;un oldu\u011fu gibi. \u00d6nlerinde oynayan Talisca ona yard\u0131m ediyor, pas al\u0131\u015fveri\u015fi ve d\u00fczeninde. Bire birde adam ge\u00e7iyor Asensio, iyi asist yap\u0131yor, iyi \u015fut \u00e7ekiyor, oyun zekas\u0131 \u00e7ok \u00fcst kalite. Talisca da buna uyunca ortaya farkl\u0131 bir Fenerbah\u00e7e \u00e7\u0131k\u0131yor. Ey\u00fcpspor ma\u00e7\u0131n\u0131n ilk yar\u0131s\u0131nda Fenerbah\u00e7e \u00e7ok iyi bir futbol oynad\u0131, bu net.&#8221;<\/p>\n<p><strong>L\u00dcKSE BAKAR MISIN?<\/strong><\/p>\n<p>&#8221;\u0130ki tak\u0131m i\u00e7inde s\u00f6yleyece\u011fim. Hatta Be\u015fikta\u015f&#8217;ta transfer yapacak. \u00dc\u00e7 tak\u0131m i\u00e7inde s\u00f6yleyece\u011fim. Bu kadrolar lig i\u00e7in fazla. Para de\u011fil, futbolcu kalitesi konu\u015fuyoruz. L\u00fckse bak. Ben \u015fimdi Fatih Karag\u00fcmr\u00fck&#8217;e gittim diyelim. Bana s\u00f6ylerler mi hi\u00e7 elimizde 2 santrafor var ama bir tane daha getirelim diye! Ne diyoruz? En-Nesyri var, Talisca var, Kerem&#8217;i de orada oynatabilir ama S\u00f6rloth da olur mu diyoruz. Galatasaray&#8217;da Osimhen var, Icardi var ama biri sakatlan\u0131rsa bir tane daha alal\u0131m m\u0131&#8230; L\u00fckse bakar m\u0131s\u0131n! Bir o tarafa bak bir de bu tarafa. Biz kimseyi rencide etmemek i\u00e7in usturuplu konu\u015fuyoruz ama elinizdeki kadrolar 90 puan yapar.&#8221;\u00a0<\/p>\n<p><strong>TRABZONSPOR&#8217;UN 4 NET OYUNCUYA \u0130HT\u0130YACI VAR<\/strong><\/p>\n<p>\u201cTrabzonspor, \u015fampiyonlu\u011fa oynayacaksa ikinci yar\u0131da \u015fampiyonluk bask\u0131s\u0131n\u0131 kald\u0131rabilecek 4 net oyuncuya ihtiyac\u0131 var. Devre aras\u0131nda bunu yapmak \u00e7ok zor.\u201c<\/p>\n\n<p><\/p>\n<p>Kaynak :\u00a0<span style=\"background-color: rgb(255, 249, 236); color: rgb(55, 58, 60); font-size: 14px;\">http:\/\/www.milliyet.com.tr\/skorer\/hasan-sastan-fenerbahceli-futbolcu-itirafi-galatasarayda-olmasini-isterdim-7511551<\/span><\/p>\n","protected":false},"excerpt":{"rendered":"<p>S\u00fcper Lig&#8217;e verilen ara sonras\u0131 Hasan \u015ea\u015f hem \u015fampiyonluk yar\u0131\u015f\u0131 hem de g\u00fcncel transfer durumlar\u0131 hakk\u0131nda a\u00e7\u0131klamalarda bulundu. \u015ea\u015f&#8217;\u0131n Fenerbah\u00e7eli futbolcu hakk\u0131ndaki a\u00e7\u0131klamalar\u0131 g\u00fcndem oldu.<\/p>\n","protected":false},"author":1,"featured_media":159381,"comment_status":"open","ping_status":"open","sticky":false,"template":"","format":"standard","meta":{"footnotes":""},"categories":[7],"tags":[8521,184,257,131,8522],"class_list":["post-159380","post","type-post","status-publish","format-standard","has-post-thumbnail","hentry","category-spor","tag-asensio","tag-fenerbahce","tag-galatasaray","tag-oyun","tag-talisca"],"_links":{"self":[{"href":"https:\/\/kamucalisani.net\/index.php\/wp-json\/wp\/v2\/posts\/159380","targetHints":{"allow":["GET"]}}],"collection":[{"href":"https:\/\/kamucalisani.net\/index.php\/wp-json\/wp\/v2\/posts"}],"about":[{"href":"https:\/\/kamucalisani.net\/index.php\/wp-json\/wp\/v2\/types\/post"}],"author":[{"embeddable":true,"href":"https:\/\/kamucalisani.net\/index.php\/wp-json\/wp\/v2\/users\/1"}],"replies":[{"embeddable":true,"href":"https:\/\/kamucalisani.net\/index.php\/wp-json\/wp\/v2\/comments?post=159380"}],"version-history":[{"count":1,"href":"https:\/\/kamucalisani.net\/index.php\/wp-json\/wp\/v2\/posts\/159380\/revisions"}],"predecessor-version":[{"id":159383,"href":"https:\/\/kamucalisani.net\/index.php\/wp-json\/wp\/v2\/posts\/159380\/revisions\/159383"}],"wp:featuredmedia":[{"embeddable":true,"href":"https:\/\/kamucalisani.net\/index.php\/wp-json\/wp\/v2\/media\/159381"}],"wp:attachment":[{"href":"https:\/\/kamucalisani.net\/index.php\/wp-json\/wp\/v2\/media?parent=159380"}],"wp:term":[{"taxonomy":"category","embeddable":true,"href":"https:\/\/kamucalisani.net\/index.php\/wp-json\/wp\/v2\/categories?post=159380"},{"taxonomy":"post_tag","embeddable":true,"href":"https:\/\/kamucalisani.net\/index.php\/wp-json\/wp\/v2\/tags?post=159380"}],"curies":[{"name":"wp","href":"https:\/\/api.w.org\/{rel}","templated":true}]}}