{"id":159670,"date":"2025-12-29T19:54:15","date_gmt":"2025-12-29T19:54:15","guid":{"rendered":"https:\/\/kamucalisani.net\/?p=159670"},"modified":"2025-12-29T19:54:15","modified_gmt":"2025-12-29T19:54:15","slug":"canli-transfer-berkan-kutlu-icin-7-talip-birden-gozler-galatasaray-yonetiminde","status":"publish","type":"post","link":"https:\/\/kamucalisani.net\/index.php\/2025\/12\/29\/canli-transfer-berkan-kutlu-icin-7-talip-birden-gozler-galatasaray-yonetiminde\/","title":{"rendered":"CANLI TRANSFER | Berkan Kutlu i\u00e7in 7 talip birden! G\u00f6zler Galatasaray y\u00f6netiminde"},"content":{"rendered":"<p><p>S\u00fcper Lig&#8217;de k\u0131\u015f transfer d\u00f6nemine k\u0131sa s\u00fcre kalmas\u0131yla birlikte tak\u0131mlar kadrolar\u0131n\u0131 g\u00fc\u00e7lendirmek i\u00e7in harekete ge\u00e7ti. \u0130\u015fte Galatasaray, Fenerbah\u00e7e, Be\u015fikta\u015f ve Trabzonspor&#8217;un ilgilendi\u011fi isimler ba\u015fta olmak \u00fczere transfer g\u00fcndeminde yer alan futbolcular&#8230;<\/p>\n<section>\n<div>\n<div><span>22:30<\/span><span>29 Aral\u0131k 2025<\/span><\/p>\n<div>BERKAN KUTLU&#8217;YA 7 TAL\u0130P B\u0130RDEN<\/div>\n<div>\n<p>Galatasaray&#8217;da tak\u0131mdan ayr\u0131lmas\u0131 beklenen Berkan Kutlu ile ilgili yeni bir geli\u015fme ya\u015fand\u0131. 27 ya\u015f\u0131ndaki oyuncuya tam 7 tak\u0131m talip oldu.<\/p>\n<p><img decoding=\"async\" src=\"https:\/\/kamucalisani.net\/wp-content\/uploads\/2025\/12\/canli-transfer-berkan-kutlu-icin-7-talip-birden-gozler-galatasaray-yonetiminde-0-7nl4d4WO.jpg\"\/><\/img><\/p>\n<p><strong>7 TAKIM TAL\u0130P<\/strong><\/p>\n<p>Beinsports&#8217;un haberine g\u00f6re, az s\u00fcre buldu\u011fu i\u00e7in sar\u0131-k\u0131rm\u0131z\u0131l\u0131 kul\u00fcpten ayr\u0131lmak isteyen Berkan Kutlu&#8217;ya Trendyol S\u00fcper Lig ekiplerinden Trabzonspor, Corendon Alanyaspor, Zecorner Kayserispor, T\u00fcmosan Konyaspor ve Kocaelispor talip oldu. Oyuncuyu ayr\u0131ca La Liga&#8217;dan Getafe ve Espanyol transfer listesine ald\u0131.<\/p>\n<p>Galatasaray&#8217;dan ayr\u0131lmak istiyordu 7 talip \u00e7\u0131kt\u0131 | Y\u00f6netimin karar\u0131n\u0131 bekliyor<\/p>\n<p><strong>Y\u00d6NET\u0130M\u0130N KARARINI BEKL\u0130YOR<\/strong><\/p>\n<p>Galatasaray&#8217;da teknik heyet ve y\u00f6netimin karar\u0131n\u0131 bekleyen Berkan Kutlu&#8217;nun transfer g\u00f6r\u00fc\u015fmelerine ba\u015flamak i\u00e7in onay bekledi\u011fi \u00f6\u011frenildi.<\/p>\n<p>\u00a0<\/p>\n<\/div>\n<\/div>\n<div><span>21:00<\/span><span>29 Aral\u0131k 2025<\/span><\/p>\n<div>BE\u015e\u0130KTA\u015e&#8217;TA AYRILIK KARARI<\/div>\n<div>\n<p>Ara transfer d\u00f6neminde kadrosunu g\u00fc\u00e7lendirmeyi hedefleyen Kas\u0131mpa\u015fa, Taylan Bulut\u2019u sezon sonuna kadar kiralamak i\u00e7in Be\u015fikta\u015f ile g\u00f6r\u00fc\u015fecek. Be\u015fikta\u015f, \u00f6ncelikli olarak Norve\u00e7li sa\u011f bek Jonas Svensson ile yollar\u0131n\u0131 ay\u0131rmay\u0131 planl\u0131yor.<\/p>\n<p><img decoding=\"async\" src=\"https:\/\/kamucalisani.net\/wp-content\/uploads\/2025\/12\/canli-transfer-berkan-kutlu-icin-7-talip-birden-gozler-galatasaray-yonetiminde-1-UuBDVUIh.jpg\"\/><\/img><\/p>\n<p>Taylan Bulut\u2019un kiralanmas\u0131 konusunda Sergen Yal\u00e7\u0131n&#8217;dan onay \u00e7\u0131kt\u0131. Taylan Bulut, ligin ilk yar\u0131s\u0131nda yaln\u0131zca 4 ma\u00e7ta forma giyerek toplam 186 dakika sahada kald\u0131. 19 ya\u015f\u0131ndaki futbolcu, Almanya Bundesliga 2\u2019den 6 milyon Euro bonservisle transfer edilmi\u015fti.<\/p>\n<\/div>\n<\/div>\n<div><span>19:59<\/span><span>29 Aral\u0131k 2025<\/span><\/p>\n<div>FENERBAH\u00c7E&#8217;YE HOLLANDA&#8217;DAN SOL BEK<\/div>\n<div>\n<p>Trendyol S\u00fcper Lig&#8217;de sezona iyi bir ba\u015flang\u0131\u00e7 yapamayan Fenerbah\u00e7e, teknik direkt\u00f6r de\u011fi\u015fikli\u011finin ard\u0131ndan yakalad\u0131\u011f\u0131 \u00e7\u0131k\u0131\u015fla ilk devreyi 39 puanla ikinci s\u0131rada tamamlad\u0131.<\/p>\n<p>Sar\u0131-lacivertli ekip k\u0131\u015f transfer d\u00f6neminde kadrosuna takviyeler yapmak i\u00e7in \u00e7al\u0131\u015fmalar\u0131n\u0131 s\u00fcrd\u00fcr\u00fcrken yeni bir iddia ortaya at\u0131ld\u0131.<\/p>\n<p><img decoding=\"async\" src=\"https:\/\/kamucalisani.net\/wp-content\/uploads\/2025\/12\/canli-transfer-berkan-kutlu-icin-7-talip-birden-gozler-galatasaray-yonetiminde-2-iOGGxDHq.jpg\"\/><\/img><\/p>\n<p><strong>KAROUANI&#8217;YE \u0130LK TEKL\u0130F<\/strong><\/p>\n<p>Sacha Tavolieri&#8217;nin haberine g\u00f6re Fenerbah\u00e7e, Utretch formas\u0131 giyen Souffian El Karouani&#8217;ye teklif yapt\u0131. Haberin detaylar\u0131nda sar\u0131-lacivertlilerin s\u00f6zle\u015fmesi sezon sonunda sona erecek 25 ya\u015f\u0131ndaki Fasl\u0131 sol beke cazip bir teklif sundu\u011fu ve y\u00f6netimin transferi tamamlayaca\u011f\u0131na emin oldu\u011fu belirtildi.<\/p>\n<\/div>\n<\/div>\n<div><span>19:00<\/span><span>29 Aral\u0131k 2025<\/span><\/p>\n<div>AMRABAT \u0130\u00c7\u0130N DEV TEKL\u0130F<\/div>\n<div>\n<p>Fenerbah\u00e7e&#8217;den yaz transfer d\u00f6neminde Real Betis&#8217;e kiral\u0131k olarak giden Sofyan Amrabat i\u00e7in transfer iddias\u0131 g\u00fcndeme geldi.<\/p>\n<p><strong>AMRABAT \u0130\u00c7\u0130N SUUD\u0130 ARAB\u0130STAN \u0130DD\u0130ASI<\/strong><\/p>\n<p>\u0130spanyol bas\u0131n\u0131nda yer alan habere g\u00f6re, Suudi Arabistan&#8217;dan bir tak\u0131m, Amrabat ile ilgileniyor.<\/p>\n<p><img decoding=\"async\" src=\"https:\/\/kamucalisani.net\/wp-content\/uploads\/2025\/12\/canli-transfer-berkan-kutlu-icin-7-talip-birden-gozler-galatasaray-yonetiminde-3-YvKDzLEj.jpg\"\/><\/img><\/p>\n<p><strong>DEV TEKL\u0130F<\/strong><\/p>\n<p>Suudi Arabistan&#8217;dan Amrabat&#8217;a teklif yapan kul\u00fcb\u00fcn ismi s\u00f6z konusu haberde verilmedi ancak Suudi kul\u00fcb\u00fcn\u00fcn, 29 ya\u015f\u0131ndaki Amrabat&#8217;a senelik 6 milyon euro&#8217;dan 3 y\u0131ll\u0131k cazip bir teklif sundu\u011fu yaz\u0131ld\u0131.<\/p>\n<p>Amrabat&#8217;\u0131n plan\u0131n\u0131n Real Betis&#8217;te kalmak oldu\u011fu ancak Suudi Arabistan&#8217;dan gelen bu cazip teklifi reddetmesinin zor oldu\u011fu kaydedildi.<\/p>\n<p>Fenerbah\u00e7e&#8217;nin istedi\u011fi bonservis ve Suudi Arabistan&#8217;dan gelen teklif nedeniyle Amrabat&#8217;\u0131n \u015fu anda Real Betis&#8217;te kalmas\u0131n\u0131n zor oldu\u011fu ancak Fasl\u0131 futbolcunun gelece\u011finin zaman i\u00e7erisinde netlik kazanaca\u011f\u0131 kaydedildi.<\/p>\n<p><strong>11 MA\u00c7TA OYNADI<\/strong><\/p>\n<p>Fenerbah\u00e7e&#8217;den Real Betis&#8217;e giden Sofyan Amrabat, \u0130spanyol ekibinde 11 ma\u00e7ta s\u00fcre buldu.<\/p>\n<p>G\u00fcncel piyasa de\u011feri 12 milyon euro olan Amrabat&#8217;\u0131n, bonservisinin bulundu\u011fu Fenerbah\u00e7e ile s\u00f6zle\u015fmesi 2028 y\u0131l\u0131na kadar devam ediyor.<\/p>\n<p>\u00a0<\/p>\n<\/div>\n<\/div>\n<div><span>17:53<\/span><span>29 Aral\u0131k 2025<\/span><\/p>\n<div>S\u00dcPER L\u0130G EK\u0130B\u0130NDEN SAL\u0130H U\u00c7AN HAMLES\u0130<\/div>\n<div>\n<p>Kocaelispor, S\u00fcper Lig&#8217;de devre aras\u0131 transfer d\u00f6neminde kadrosunu g\u00fc\u00e7lendirmek ad\u0131na \u00e7al\u0131\u015fmalar\u0131n\u0131 s\u00fcrd\u00fcr\u00fcyor.<\/p>\n<p>Ye\u015fil-siyahl\u0131lar\u0131n, Be\u015fikta\u015f&#8217;ta istedi\u011fi forma s\u00fcresini bulamayan 31 ya\u015f\u0131ndaki deneyimli orta saha oyuncusu Salih U\u00e7an&#8217;\u0131 kadrosuna katmak istedi\u011fi \u00f6\u011frenildi. Y\u00f6netimin, Salih U\u00e7an transferini yak\u0131ndan takip etti\u011fi ve \u015fartlar\u0131n olu\u015fmas\u0131 halinde resmi ad\u0131mlar\u0131n at\u0131labilece\u011fi ifade edildi.<\/p>\n<p><img decoding=\"async\" src=\"https:\/\/kamucalisani.net\/wp-content\/uploads\/2025\/12\/canli-transfer-berkan-kutlu-icin-7-talip-birden-gozler-galatasaray-yonetiminde-4-8HhNWf5s.jpg\"\/><\/img><\/p>\n<p><strong>YERL\u0130 TRANSFER PLANI<\/strong><br \/>Mevcut durumda yaln\u0131zca bir yerli oyuncu transfer etme hakk\u0131 bulunan Kocaelispor&#8217;un, tak\u0131mdan bir yerli oyuncu daha g\u00f6ndererek iki yerli transferle sezonu kapatmay\u0131 planlad\u0131\u011f\u0131 belirtildi.<\/p>\n<p>Ye\u015fil-siyahl\u0131lar\u0131n, Salih U\u00e7an&#8217;\u0131n yan\u0131 s\u0131ra kanat b\u00f6lgesine de yerli bir oyuncu transfer etmek istedi\u011fi, bu do\u011frultuda alternatif isimler \u00fczerinde \u00e7al\u0131\u015fmalar\u0131n\u0131 s\u00fcrd\u00fcrd\u00fc\u011f\u00fc kaydedildi. (Fanatik)<\/p>\n<\/div>\n<\/div>\n<div><span>15:57<\/span><span>29 Aral\u0131k 2025<\/span><\/p>\n<div>O\u011eUZ AYDIN&#8217;A RESM\u0130 TEKL\u0130F<\/div>\n<div>\n<p>Fenerbah\u00e7e&#8217;nin milli futbolcusu O\u011fuz Ayd\u0131n&#8217;a Rusya&#8217;dan da teklif var. CSKA Moskova, Fenerbah\u00e7e&#8217;ye O\u011fuz Ayd\u0131n i\u00e7in kiralama \u00fccreti olarak 500 bin Euro teklif etti. Sat\u0131n alma opsiyonu i\u00e7in ise ilk teklif 5 milyon euro. Kul\u00fcpler aras\u0131nda g\u00f6r\u00fc\u015fmeler devam ediyor.<\/p>\n<p>Bu sezon t\u00fcm kulvarlarda 24 ma\u00e7a \u00e7\u0131k\u0131p sadece 863 dakika s\u00fcre alabilen O\u011fuz Ayd\u0131n, 2 asistlik skor katk\u0131s\u0131 verdi. Fenerbah\u00e7e, O\u011fuz Ayd\u0131n i\u00e7in Alanyaspor&#8217;a 2024-25 sezonu ba\u015f\u0131nda 6 milyon Euro bonservis \u00f6demi\u015fti. (Fanatik)<\/p>\n<p><img decoding=\"async\" src=\"https:\/\/kamucalisani.net\/wp-content\/uploads\/2025\/12\/canli-transfer-berkan-kutlu-icin-7-talip-birden-gozler-galatasaray-yonetiminde-5-nWHIsrxx.jpg\"\/><\/img><\/p>\n<\/div>\n<\/div>\n<div><span>14:34<\/span><span>29 Aral\u0131k 2025<\/span><\/p>\n<div>MENAJER\u0130 \u0130STANBUL&#8217;A GELECEK<\/div>\n<div>\n<p>Mert G\u00fcnok&#8217;un kadro d\u0131\u015f\u0131 b\u0131rak\u0131lmas\u0131n\u0131n ard\u0131ndan Be\u015fikta\u015f&#8217;ta kaleci aray\u0131\u015flar\u0131 ba\u015flad\u0131.<\/p>\n<p>Be\u015fikta\u015f, Chelsea&#8217;nin 23 ya\u015f\u0131ndaki Danimarkal\u0131 file bek\u00e7isi Filip Jorgensen ile yak\u0131ndan ilgileniyor. Jorgensen&#8217;in menajeri, \u00f6n\u00fcm\u00fczdeki g\u00fcnlerde \u0130stanbul&#8217;a gelecek. (Takvim)<\/p>\n<p><img decoding=\"async\" src=\"https:\/\/kamucalisani.net\/wp-content\/uploads\/2025\/12\/canli-transfer-berkan-kutlu-icin-7-talip-birden-gozler-galatasaray-yonetiminde-6-UTXzdFHF.jpg\"\/><\/img><\/p>\n<\/div>\n<\/div>\n<div><span>13:00<\/span><span>29 Aral\u0131k 2025<\/span><\/p>\n<div>FENERBAH\u00c7E&#8217;DEN MARCO ASENSIO KARARI<\/div>\n<div>\n<p>Sezon ba\u015f\u0131nda Fenerbah\u00e7e&#8217;ye transfer olan ve performans\u0131 ile tak\u0131m\u0131n ne \u00f6nemli isimlerinden biri olan Marco Asensio i\u00e7in \u00f6nemli bir geli\u015fme ya\u015fand\u0131.<\/p>\n<p>\u0130spanya bas\u0131n\u0131ndan AS&#8217;\u0131n haberine g\u00f6re Asensio i\u00e7in Atletico Madrid ve Villarreal ilgi g\u00f6sterdi.<\/p>\n<p>Ancak Asensio&#8217;nun Fenerbah\u00e7e i\u00e7in k\u0131rm\u0131z\u0131 \u00e7izgi oldu\u011fu belirtilenlerden.<\/p>\n<p><img decoding=\"async\" src=\"https:\/\/kamucalisani.net\/wp-content\/uploads\/2025\/12\/canli-transfer-berkan-kutlu-icin-7-talip-birden-gozler-galatasaray-yonetiminde-7-XllTX1Qt.jpg\"\/><\/img><\/p>\n<\/div>\n<\/div>\n<div><span>12:00<\/span><span>29 Aral\u0131k 2025<\/span><\/p>\n<div>TRABZONSPOR&#8217;DAN OPOKU HAMLES\u0130<\/div>\n<div>\n<p>Stoper transferinde listenin ilk s\u0131ras\u0131nda yer alan Nwaiwu i\u00e7in bonservis pazarl\u0131klar\u0131n\u0131 s\u00fcrd\u00fcren Trabzonspor\u2019da alternatif olarak g\u00fcndeme Opoku gelmi\u015fti.<\/p>\n<p>2027 y\u0131l\u0131nda Ba\u015fak\u015fehir ile s\u00f6zle\u015fmesi bitecek olan Opoku&#8217;nun Fanatik&#8217;in haberine g\u00f6re kul\u00fcplerin anla\u015fmas\u0131 halinde Trabzonspor formas\u0131 giymeye olduk\u00e7a s\u0131cak bakt\u0131\u011f\u0131 \u00f6\u011frenildi.<\/p>\n<p><img decoding=\"async\" src=\"https:\/\/kamucalisani.net\/wp-content\/uploads\/2025\/12\/canli-transfer-berkan-kutlu-icin-7-talip-birden-gozler-galatasaray-yonetiminde-8-ctFFIe6J.jpg\"\/><\/img><\/p>\n<\/div>\n<\/div>\n<div><span>11:00<\/span><span>29 Aral\u0131k 2025<\/span><\/p>\n<div>FENERBAH\u00c7E&#8217;DE B PLANI KRSTOVIC<\/div>\n<div>\n<p>Fenerbah\u00e7e&#8217;de santrfor transferi i\u00e7in \u00e7al\u0131\u015fmalar devam ederken S\u00f6rloth&#8217;\u00fcn ard\u0131ndan yeni bir isim ortaya at\u0131ld\u0131.<\/p>\n<p>Takvim&#8217;in haberine g\u00f6re Fenerbah\u00e7e Atalanta formas\u0131 giyen Nikola Krstovic&#8217;i listesine ald\u0131.<\/p>\n<p>Atletico Madrid&#8217;in y\u0131ld\u0131z\u0131 Alexander S\u00f6rloth&#8217;u kadrosuna katmak isteyen Fenerbah\u00e7e&#8217;nin, Norve\u00e7li golc\u00fcn\u00fcn transfer edilememesi durumunda alternatifi olarak Krstovic&#8217;i belirledi.<\/p>\n<p>Krstovic, ge\u00e7ti\u011fimiz y\u0131l Karada\u011f&#8217;\u0131n Uluslar Ligi&#8217;nde Milli Tak\u0131m\u0131m\u0131z&#8217;\u0131 3-1 yendi\u011fi kar\u015f\u0131la\u015fmada att\u0131\u011f\u0131 3 gol ile t\u00fcm dikkatleri \u00fczerine \u00e7ekmi\u015fti.<\/p>\n<p><img decoding=\"async\" src=\"https:\/\/kamucalisani.net\/wp-content\/uploads\/2025\/12\/canli-transfer-berkan-kutlu-icin-7-talip-birden-gozler-galatasaray-yonetiminde-9-Z67SazAG.jpg\"\/><\/img><\/p>\n<\/div>\n<\/div>\n<div><span>10:00<\/span><span>29 Aral\u0131k 2025<\/span><\/p>\n<div>BE\u015e\u0130KTA\u015e&#8217;A BARCELONA&#8217;DAN YILDIZ KANAT<\/div>\n<div>\n<p>Bir\u00e7ok mevkisi i\u00e7in transfer \u00e7al\u0131\u015fmalar\u0131nda bulunan Be\u015fikta\u015f&#8217;ta g\u00fcndeme kanat b\u00f6lgesi i\u00e7in yeni bir isim geldi.<\/p>\n<p>Fanatik&#8217;in haberine g\u00f6re siyah beyazl\u0131lar, LaLiga ekiplerinden Barcelona\u2019n\u0131n formas\u0131n\u0131 giyen Roony Bardghji i\u00e7in giri\u015fimlere ba\u015flad\u0131.<\/p>\n<p>Katalan ekibi, Malm\u00f6 altyap\u0131s\u0131ndan yeti\u015ftikten sonra 2020\u2019de Kopenhag altyap\u0131s\u0131na kat\u0131lan 20 ya\u015f\u0131ndaki futbolcu i\u00e7in temmuz ay\u0131nda 2.5 milyon Euro bonservis bedeli \u00f6demi\u015fti. Bar\u00e7a, \u0130sve\u00e7li\u2019yi daha fazla s\u00fcre bulup, forma giyebilece\u011fi bir tak\u0131ma g\u00f6ndermek istiyor. Be\u015fikta\u015f da bu konuda Barcelona ile masaya oturacak.<\/p>\n<p><img decoding=\"async\" src=\"https:\/\/kamucalisani.net\/wp-content\/uploads\/2025\/12\/canli-transfer-berkan-kutlu-icin-7-talip-birden-gozler-galatasaray-yonetiminde-10-z5H3jE6W.jpg\"\/><\/img><\/p>\n<\/div>\n<\/div>\n<div><span>09:00<\/span><span>29 Aral\u0131k 2025<\/span><\/p>\n<div>GALATASARAY&#8217;DA ROTA ONYEDIKA<\/div>\n<div>\n<p>Lemina ile \u0130lkay\u2019\u0131n sakatl\u0131k riski nedeniyle bu b\u00f6lgeye tempolu ve m\u00fccadele g\u00fcc\u00fc y\u00fcksek bir isim almay\u0131 planlayan Cim Bom\u2019da, Ederson \u00e7ok be\u011fenilen oyuncular\u0131n ba\u015f\u0131nda geliyor. Fakat Atalanta\u2019n\u0131n \u015fimdiye kadar sergiledi\u011fi tav\u0131r, i\u015fi zorla\u015ft\u0131r\u0131yor. \u0130talyan ekibi, \u015eampiyonlar Ligi\u2019nde 6. ma\u00e7lar sonunda ilk 8 potas\u0131nda yer al\u0131yor. Atalanta, son 2 kar\u015f\u0131la\u015fmay\u0131 oynamadan kesinlikle Ederson\u2019u satamayaca\u011f\u0131n\u0131 iletti. Ayr\u0131ca bonservis konusunda da kap\u0131y\u0131 40 milyon Euro\u2019dan a\u00e7\u0131yor.\u00a0<\/p>\n<p>T\u00fcm bu geli\u015fmeler, rotay\u0131 Onyedika\u2019ya \u00e7evirdi. Yaz d\u00f6neminde de ad\u0131 Galatasaray\u2019la an\u0131lan 24 ya\u015f\u0131ndaki \u00f6n libero, Club Brugge formas\u0131 giyiyor. Bu sezon t\u00fcm kulvarlarda 24 ma\u00e7a \u00e7\u0131kan Onyedika, 2 gol atarken, 1 de asist yapt\u0131\u00a0<\/p>\n<p><strong>25 M\u0130LYON TALEP ETT\u0130LER<\/strong><\/p>\n<p>Sar\u0131-K\u0131rm\u0131z\u0131l\u0131 y\u00f6netim, bu hafta Club Brugge ile kritik bir g\u00f6r\u00fc\u015fme ger\u00e7ekle\u015ftirecek. Burada transferin rengi netle\u015fecek. Bel\u00e7ika ekibi, 2022\u2019de 9.5 milyon Euro bedelle kadrosuna katt\u0131\u011f\u0131 Onyedika i\u00e7in yaz\u0131n 25 milyon Euro talep etmi\u015fti. Galatasaray, pazarl\u0131klarda bu rakam\u0131 daha uygun seviyelere \u00e7ekmeye \u00e7al\u0131\u015facak. (Fanatik)<\/p>\n<p><img decoding=\"async\" src=\"https:\/\/kamucalisani.net\/wp-content\/uploads\/2025\/12\/canli-transfer-berkan-kutlu-icin-7-talip-birden-gozler-galatasaray-yonetiminde-11-CABE7BwR.jpg\"\/><\/img><\/p>\n<\/div>\n<\/div>\n<\/div>\n<\/section>\n<p><\/p>\n<p>Kaynak :\u00a0<span style=\"background-color: rgb(255, 249, 236); color: rgb(55, 58, 60); font-size: 14px;\">http:\/\/www.milliyet.com.tr\/skorer\/live-berkan-kutlu-icin-7-talip-birden-gozler-galatasaray-yonetiminde-7511206<\/span><\/p>\n","protected":false},"excerpt":{"rendered":"<p>S\u00fcper Lig&#8217;de k\u0131\u015f transfer penceresinin a\u00e7\u0131lmas\u0131na k\u0131sa bir s\u00fcre kald\u0131. Kul\u00fcpler kadrolar\u0131na takviye yapmak i\u00e7in hummal\u0131 bir bi\u00e7imde transfer \u00e7al\u0131\u015fmalar\u0131n\u0131 s\u00fcrd\u00fcr\u00fcyor. G\u00fcn\u00fcn \u00f6ne \u00e7\u0131kan transfer haberlerini sizler i\u00e7in derledik.<\/p>\n","protected":false},"author":1,"featured_media":159671,"comment_status":"open","ping_status":"open","sticky":false,"template":"","format":"standard","meta":{"footnotes":""},"categories":[7],"tags":[10598,819,184,709,589],"class_list":["post-159670","post","type-post","status-publish","format-standard","has-post-thumbnail","hentry","category-spor","tag-29-aralik","tag-besiktas","tag-fenerbahce","tag-teklif","tag-transfer"],"_links":{"self":[{"href":"https:\/\/kamucalisani.net\/index.php\/wp-json\/wp\/v2\/posts\/159670","targetHints":{"allow":["GET"]}}],"collection":[{"href":"https:\/\/kamucalisani.net\/index.php\/wp-json\/wp\/v2\/posts"}],"about":[{"href":"https:\/\/kamucalisani.net\/index.php\/wp-json\/wp\/v2\/types\/post"}],"author":[{"embeddable":true,"href":"https:\/\/kamucalisani.net\/index.php\/wp-json\/wp\/v2\/users\/1"}],"replies":[{"embeddable":true,"href":"https:\/\/kamucalisani.net\/index.php\/wp-json\/wp\/v2\/comments?post=159670"}],"version-history":[{"count":1,"href":"https:\/\/kamucalisani.net\/index.php\/wp-json\/wp\/v2\/posts\/159670\/revisions"}],"predecessor-version":[{"id":159684,"href":"https:\/\/kamucalisani.net\/index.php\/wp-json\/wp\/v2\/posts\/159670\/revisions\/159684"}],"wp:featuredmedia":[{"embeddable":true,"href":"https:\/\/kamucalisani.net\/index.php\/wp-json\/wp\/v2\/media\/159671"}],"wp:attachment":[{"href":"https:\/\/kamucalisani.net\/index.php\/wp-json\/wp\/v2\/media?parent=159670"}],"wp:term":[{"taxonomy":"category","embeddable":true,"href":"https:\/\/kamucalisani.net\/index.php\/wp-json\/wp\/v2\/categories?post=159670"},{"taxonomy":"post_tag","embeddable":true,"href":"https:\/\/kamucalisani.net\/index.php\/wp-json\/wp\/v2\/tags?post=159670"}],"curies":[{"name":"wp","href":"https:\/\/api.w.org\/{rel}","templated":true}]}}