{"id":160009,"date":"2025-12-30T11:48:10","date_gmt":"2025-12-30T11:48:10","guid":{"rendered":"https:\/\/kamucalisani.net\/?p=160009"},"modified":"2025-12-30T11:48:10","modified_gmt":"2025-12-30T11:48:10","slug":"fenerbahce-tribun-liderlerinden-ibrahim-gumustekin-silahli-saldiriya-ugradi","status":"publish","type":"post","link":"https:\/\/kamucalisani.net\/index.php\/2025\/12\/30\/fenerbahce-tribun-liderlerinden-ibrahim-gumustekin-silahli-saldiriya-ugradi\/","title":{"rendered":"Fenerbah\u00e7e trib\u00fcn liderlerinden \u0130brahim G\u00fcm\u00fc\u015ftekin silahl\u0131 sald\u0131r\u0131ya u\u011frad\u0131"},"content":{"rendered":"<p><p>A\u011f\u0131r yaral\u0131 olarak hastaneye kald\u0131r\u0131lan G\u00fcm\u00fc\u015ftekin tedavi alt\u0131na al\u0131nd\u0131. G\u00fcm\u00fc\u015ftekin 11 Ocak 2023&#8217;te de otoparkta 3 \u015f\u00fcpheli taraf\u0131ndan uzun namlulu silahlarla sald\u0131r\u0131ya u\u011fram\u0131\u015ft\u0131. Sald\u0131r\u0131da \u015e\u00fckr\u00fc Can K\u00f6seo\u011flu (24) hayat\u0131n\u0131 kaybetmi\u015fti.<\/p>\n<p>Olay saat 04.15 s\u0131ralar\u0131nda \u00dcsk\u00fcdar Sultantepe Mahallesi Yeni D\u00fcnya sokakta meydana geldi. Edinilen bilgiye g\u00f6re sokakta arac\u0131nda bulunan G\u00fcm\u00fc\u015ftekin, kimli\u011fi belirsiz ki\u015filer taraf\u0131ndan silahl\u0131 sald\u0131r\u0131ya u\u011frad\u0131.<\/p>\n<p>\u0130hbar \u00fczerine olay yerine polis ve sa\u011fl\u0131k ekipleri sevk edildi. Olay yerine gelen polis ekipleri konuyla ilgili inceleme ba\u015flatt\u0131. Otomobilde yaralanan \u0130brahim G\u00fcm\u00fc\u015ftekin&#8217;in yan\u0131nda bulunan ki\u015fi taraf\u0131ndan hastaneye g\u00f6t\u00fcr\u00fcld\u00fc.<\/p>\n<p>Durumunun a\u011f\u0131r oldu\u011fu \u00f6\u011frenilen G\u00fcm\u00fc\u015ftekin tedavi alt\u0131na al\u0131nd\u0131. Olay yeri inceleme ekiplerinin yapt\u0131\u011f\u0131 \u00e7al\u0131\u015fmada \u00e7evrede 30 adet bo\u015f kovan bulundu\u011fu \u00f6\u011frenildi. Ekipler silahl\u0131 sald\u0131r\u0131da bulunan ki\u015fi ya da ki\u015fileri yakalamak i\u00e7in \u00e7al\u0131\u015fma ba\u015flatt\u0131.<\/p>\n<p><strong>&#8216;S\u0130LAH SESLER\u0130NDEN TED\u0130RG\u0130N OLDUK&#8217;<\/strong><\/p>\n<p>Sokakta bulunan apartman sakinlerinden bir ki\u015fi, &#8220;4-5 kez silah sesi duydum belki daha fazlayd\u0131. Tedirgin olduk \u00e7ocuklar\u0131m\u0131 cama yakla\u015ft\u0131rmad\u0131m. Otelden birka\u00e7 ki\u015fi \u00e7\u0131kt\u0131; bir ki\u015fi de ko\u015fturuyordu, araca binip gittiler kornaya basarak. Sonra da polisler geldi olay yerini ablukaya ald\u0131lar&#8221; dedi.<\/p>\n<p><strong>&#8217;10 EL S\u0130LAH SES\u0130 DUYDUK&#8217;<\/strong><\/p>\n<p>Ba\u015fka bir apartman sakini ise, &#8220;Yakla\u015f\u0131k 10 el silah sesi duyduk. Birka\u00e7 tane ara\u00e7 vard\u0131, bir kad\u0131nla adam arabaya binerek ka\u00e7t\u0131. Di\u011fer arabada bir adam vard\u0131 yan\u0131ndaki adamda otele girdi. Arabadaki adam da kornaya s\u00fcrekli basmaya ba\u015flad\u0131. Ne oldu\u011funu anlamad\u0131k sonra o ara\u00e7ta gitti.&#8221; diye konu\u015ftu.<\/p>\n<p><strong>\u00dcSK\u00dcDAR&#8217;DA D\u00dcZENLENEN S\u0130LAHLI SALDIRIDA 1 K\u0130\u015e\u0130 \u00d6LM\u00dc\u015eT\u00dc<\/strong><\/p>\n<p>Di\u011fer yandan 2024 y\u0131l\u0131nda da \u0130brahim G\u00fcm\u00fc\u015ftekin&#8217;e silahl\u0131 sald\u0131r\u0131 yap\u0131lmak istenmi\u015fti. \u00dcsk\u00fcdar Kuzguncuk&#8217;ta 11 Ocak 2023&#8217;te bir otoparkta 3 \u015f\u00fcpheli taraf\u0131ndan uzun namlulu silahlarla d\u00fczenlenen sald\u0131r\u0131da \u015e\u00fckr\u00fc Can K\u00f6seo\u011flu (24) hayat\u0131n\u0131 kaybetmi\u015fti.<\/p>\n<p>Silahl\u0131 sald\u0131r\u0131n\u0131n Fenerbah\u00e7e trib\u00fcn liderlerinden \u0130brahim G\u00fcm\u00fc\u015ftekin&#8217;e y\u00f6nelik yap\u0131ld\u0131\u011f\u0131 ortaya \u00e7\u0131km\u0131\u015ft\u0131. Di\u011fer yandan 16 Ocak 2024&#8217;te &#8216;Redkitler&#8217; su\u00e7 \u00f6rg\u00fct\u00fcne y\u00f6nelik d\u00fczenlenen operasyonda 31 \u015f\u00fcpheli yakalanm\u0131\u015ft\u0131.<\/p>\n<p>\u00d6rg\u00fct lideri F.D&#8217;nin Fenerbah\u00e7e trib\u00fcn liderli\u011fini ele ge\u00e7irmek i\u00e7in trib\u00fcn liderlerinden \u0130brahim G\u00fcm\u00fc\u015ftekin ve Cem G\u00f6lba\u015f\u0131&#8217;na y\u00f6nelik sald\u0131r\u0131lar d\u00fczenledi\u011fi bilgisi edinilmi\u015fti.<\/p>\n\n<p><\/p>\n<p>Kaynak :\u00a0<span style=\"background-color: rgb(255, 249, 236); color: rgb(55, 58, 60); font-size: 14px;\">http:\/\/www.milliyet.com.tr\/gundem\/fenerbahce-tribun-liderlerinden-ibrahim-gumustekin-silahli-saldiriya-ugradi-7512228<\/span><\/p>\n","protected":false},"excerpt":{"rendered":"<p>Fenerbah\u00e7e futbol tak\u0131m\u0131n\u0131n trib\u00fcn lideri \u0130brahim G\u00fcm\u00fc\u015ftekin \u00dcsk\u00fcdar\u2019da silahl\u0131 sald\u0131r\u0131ya u\u011frad\u0131.<\/p>\n","protected":false},"author":1,"featured_media":160010,"comment_status":"open","ping_status":"open","sticky":false,"template":"","format":"standard","meta":{"footnotes":""},"categories":[3],"tags":[377,108,2147],"class_list":["post-160009","post","type-post","status-publish","format-standard","has-post-thumbnail","hentry","category-guncel","tag-olay","tag-silah","tag-silahli-saldiri"],"_links":{"self":[{"href":"https:\/\/kamucalisani.net\/index.php\/wp-json\/wp\/v2\/posts\/160009","targetHints":{"allow":["GET"]}}],"collection":[{"href":"https:\/\/kamucalisani.net\/index.php\/wp-json\/wp\/v2\/posts"}],"about":[{"href":"https:\/\/kamucalisani.net\/index.php\/wp-json\/wp\/v2\/types\/post"}],"author":[{"embeddable":true,"href":"https:\/\/kamucalisani.net\/index.php\/wp-json\/wp\/v2\/users\/1"}],"replies":[{"embeddable":true,"href":"https:\/\/kamucalisani.net\/index.php\/wp-json\/wp\/v2\/comments?post=160009"}],"version-history":[{"count":1,"href":"https:\/\/kamucalisani.net\/index.php\/wp-json\/wp\/v2\/posts\/160009\/revisions"}],"predecessor-version":[{"id":160011,"href":"https:\/\/kamucalisani.net\/index.php\/wp-json\/wp\/v2\/posts\/160009\/revisions\/160011"}],"wp:featuredmedia":[{"embeddable":true,"href":"https:\/\/kamucalisani.net\/index.php\/wp-json\/wp\/v2\/media\/160010"}],"wp:attachment":[{"href":"https:\/\/kamucalisani.net\/index.php\/wp-json\/wp\/v2\/media?parent=160009"}],"wp:term":[{"taxonomy":"category","embeddable":true,"href":"https:\/\/kamucalisani.net\/index.php\/wp-json\/wp\/v2\/categories?post=160009"},{"taxonomy":"post_tag","embeddable":true,"href":"https:\/\/kamucalisani.net\/index.php\/wp-json\/wp\/v2\/tags?post=160009"}],"curies":[{"name":"wp","href":"https:\/\/api.w.org\/{rel}","templated":true}]}}