{"id":160361,"date":"2025-12-30T21:00:14","date_gmt":"2025-12-30T21:00:14","guid":{"rendered":"https:\/\/kamucalisani.net\/?p=160361"},"modified":"2025-12-30T21:00:14","modified_gmt":"2025-12-30T21:00:14","slug":"eski-fenerbahceli-dusan-tadicten-ayrilik-sozleri-biraz-aci-vericiydi","status":"publish","type":"post","link":"https:\/\/kamucalisani.net\/index.php\/2025\/12\/30\/eski-fenerbahceli-dusan-tadicten-ayrilik-sozleri-biraz-aci-vericiydi\/","title":{"rendered":"Eski Fenerbah\u00e7eli Dusan Tadic&#8217;ten ayr\u0131l\u0131k s\u00f6zleri: Biraz ac\u0131 vericiydi"},"content":{"rendered":"<p><p>Fenerbah\u00e7e&#8217;nin eski futbolcusu Dusan Tadic, Ya\u011f\u0131z Sabuncuo\u011flu&#8217;na \u00f6zel r\u00f6portaj verdi. Kariyerini Birle\u015fik Arap Emirlikleri tak\u0131mlar\u0131ndan Al-Wahda&#8217;da s\u00fcrd\u00fcren Dusan Tadic kat\u0131ld\u0131\u011f\u0131 r\u00f6portajda Fenerbah\u00e7e kariyerine dair \u00f6nemli a\u00e7\u0131klamalarda bulundu. \u0130\u015fte Dusan Tadic&#8217;in o a\u00e7\u0131klamalar\u0131:<\/p>\n<p><strong>&#8216;BE\u015e\u0130KTA\u015e&#8217;LA TEMASIM OLMU\u015eTU&#8217;<\/strong><\/p>\n<p>&#8216;Be\u015fikta\u015f ile temas\u0131m oldu. Konu\u015ftuk ama ayn\u0131 zamanda Fenerbah\u00e7e ile anla\u015ft\u0131m. Bence kimsenin i\u015fin rengini belli etmemesi ve sessiz kalmas\u0131 \u00f6zeldi. Bu sayede gizli kalm\u0131\u015ft\u0131. Menajerim, bana kesinlikle Fenerbah\u00e7e&#8217;ye gitmemi s\u00f6yledi.&#8217;<\/p>\n<p><strong>&#8216;KARARI B\u0130Z VERD\u0130K&#8217;<\/strong><\/p>\n<p>&#8216;Yemekhanedeki veda benim i\u00e7in sorun de\u011fil, \u00e7\u00fcnk\u00fc biz de son ma\u00e7a \u00e7\u0131kmamaya karar verdik. \u00c7\u00fcnk\u00fc biraz ac\u0131 vericiydi. Biz oynamak istemedik ve kul\u00fcp bize bir \u015fey vermek istedi. Bunu sahada ya da antrenman sahas\u0131nda da yapabilirdik ama bir s\u0131k\u0131nt\u0131m yok kul\u00fcb\u00fc takdir ediyorum. Kul\u00fcpte herkesle aram \u00e7ok iyiydi, kap\u0131c\u0131dan ba\u015fkana kadar herkesle. Sadece g\u00fczel an\u0131lar\u0131m var. B\u00f6yle b\u00fcy\u00fck bir kul\u00fcb\u00fcn par\u00e7as\u0131 olabildi\u011fim i\u00e7in \u00e7ok mutluyum.&#8217;<\/p>\n<p>\u00a0<\/p>\n\n<p><\/p>\n<p>Kaynak :\u00a0<span style=\"background-color: rgb(255, 249, 236); color: rgb(55, 58, 60); font-size: 14px;\">http:\/\/www.milliyet.com.tr\/skorer\/eski-fenerbahceli-dusan-tadicten-ayrilik-sozleri-biraz-aci-vericiydi-7512581<\/span><\/p>\n","protected":false},"excerpt":{"rendered":"<p>Kariyerini Birle\u015fik Arap Emirlikleri ekiplerinden Al-Wahda&#8217;da ge\u00e7iren Dusan Tadic kat\u0131ld\u0131\u011f\u0131 bir r\u00f6portajda Fenerbah\u00e7e&#8217;deki d\u00f6nemine dair a\u00e7\u0131klamalarda bulundu.<\/p>\n","protected":false},"author":1,"featured_media":160362,"comment_status":"open","ping_status":"open","sticky":false,"template":"","format":"standard","meta":{"footnotes":""},"categories":[7],"tags":[],"class_list":["post-160361","post","type-post","status-publish","format-standard","has-post-thumbnail","hentry","category-spor"],"_links":{"self":[{"href":"https:\/\/kamucalisani.net\/index.php\/wp-json\/wp\/v2\/posts\/160361","targetHints":{"allow":["GET"]}}],"collection":[{"href":"https:\/\/kamucalisani.net\/index.php\/wp-json\/wp\/v2\/posts"}],"about":[{"href":"https:\/\/kamucalisani.net\/index.php\/wp-json\/wp\/v2\/types\/post"}],"author":[{"embeddable":true,"href":"https:\/\/kamucalisani.net\/index.php\/wp-json\/wp\/v2\/users\/1"}],"replies":[{"embeddable":true,"href":"https:\/\/kamucalisani.net\/index.php\/wp-json\/wp\/v2\/comments?post=160361"}],"version-history":[{"count":1,"href":"https:\/\/kamucalisani.net\/index.php\/wp-json\/wp\/v2\/posts\/160361\/revisions"}],"predecessor-version":[{"id":160363,"href":"https:\/\/kamucalisani.net\/index.php\/wp-json\/wp\/v2\/posts\/160361\/revisions\/160363"}],"wp:featuredmedia":[{"embeddable":true,"href":"https:\/\/kamucalisani.net\/index.php\/wp-json\/wp\/v2\/media\/160362"}],"wp:attachment":[{"href":"https:\/\/kamucalisani.net\/index.php\/wp-json\/wp\/v2\/media?parent=160361"}],"wp:term":[{"taxonomy":"category","embeddable":true,"href":"https:\/\/kamucalisani.net\/index.php\/wp-json\/wp\/v2\/categories?post=160361"},{"taxonomy":"post_tag","embeddable":true,"href":"https:\/\/kamucalisani.net\/index.php\/wp-json\/wp\/v2\/tags?post=160361"}],"curies":[{"name":"wp","href":"https:\/\/api.w.org\/{rel}","templated":true}]}}