{"id":160367,"date":"2025-12-30T21:12:11","date_gmt":"2025-12-30T21:12:11","guid":{"rendered":"https:\/\/kamucalisani.net\/?p=160367"},"modified":"2025-12-30T21:12:11","modified_gmt":"2025-12-30T21:12:11","slug":"jurasek-besiktastan-ayrilmak-icin-sartini-acikladi","status":"publish","type":"post","link":"https:\/\/kamucalisani.net\/index.php\/2025\/12\/30\/jurasek-besiktastan-ayrilmak-icin-sartini-acikladi\/","title":{"rendered":"Jurasek, Be\u015fikta\u015f&#8217;tan ayr\u0131lmak i\u00e7in \u015fart\u0131n\u0131 a\u00e7\u0131klad\u0131"},"content":{"rendered":"<p><p>Be\u015fikta\u015f, devre aras\u0131nda David Jurasek ile olan kiral\u0131k s\u00f6zle\u015fmesini fesih etmek i\u00e7in \u00e7al\u0131\u015fmalar\u0131n\u0131 s\u00fcrd\u00fcr\u00fcyor. Portekiz bas\u0131n\u0131, fesih g\u00f6r\u00fc\u015fmelerindeki yeni geli\u015fmeyi duyurdu.<\/p>\n<p><strong>AYRILMAYA SICAK BAKIYOR<\/strong><\/p>\n<p>A Bola&#8217;n\u0131n haberine g\u00f6re, \u00c7ekyal\u0131 sol bek, Be\u015fikta\u015f&#8217;tan devre aras\u0131nda ayr\u0131lmaya s\u0131cak bak\u0131yor.<\/p>\n<p><strong>RAFA SILVA \u0130LE AYNI \u0130STEK<\/strong><\/p>\n<p>Haberde Jurasek&#8217;in Rafa Silva gibi tak\u0131mdan ayr\u0131lmak istedi\u011fi kaydedildi. Be\u015fikta\u015f&#8217;\u0131n oyuncunun menajeri ile ileri d\u00fczeyde g\u00f6r\u00fc\u015fmelerini y\u00fcr\u00fctt\u00fc\u011f\u00fc belirtildi.<\/p>\n<p><strong>MADD\u0130 KAYIP \u0130STEM\u0130YOR<\/strong><\/p>\n<p>\u00d6te yandan haberde Jurasek&#8217;in, mali a\u00e7\u0131dan kay\u0131p ya\u015famak istemedi\u011fi belirtildi. Oyuncunun, fesih i\u00e7in s\u00f6zle\u015fmesinin kalan k\u0131sm\u0131n\u0131n kul\u00fcp taraf\u0131ndan kar\u015f\u0131lanmas\u0131n\u0131 talep etti\u011fi aktar\u0131ld\u0131.<\/p>\n<p>Siyah-beyazl\u0131 y\u00f6netimin, Jurasek&#8217;in mevcut maa\u015f\u0131 ile ayr\u0131lmas\u0131 durumunda gidece\u011fi yeni tak\u0131m\u0131nda kazanaca\u011f\u0131 maa\u015f aras\u0131ndaki fark\u0131 da \u00f6demeye s\u0131cak bakt\u0131\u011f\u0131 belirtildi.<\/p>\n<p><strong>BENFICA KARI\u015eMAYACAK<\/strong><\/p>\n<p>Ayr\u0131ca Benfica&#8217;n\u0131n iki taraf aras\u0131ndaki g\u00f6r\u00fc\u015fmelerde sorumlulu\u011fu tamamen Jurasek &#8211; Be\u015fikta\u015f cephesine b\u0131rakt\u0131\u011f\u0131 ve sorumluluk \u00fcstlenmeyece\u011fi belirtildi.<\/p>\n<p>Bu sezon Be\u015fikta\u015f&#8217;ta 17 ma\u00e7ta forma giyen 25 ya\u015f\u0131ndaki sol bek, gol veya asist katk\u0131s\u0131nda bulunmad\u0131.<\/p>\n<p>\u00a0<\/p>\n\n<p><\/p>\n<p>Kaynak :\u00a0<span style=\"background-color: rgb(255, 249, 236); color: rgb(55, 58, 60); font-size: 14px;\">http:\/\/www.milliyet.com.tr\/skorer\/jurasek-besiktastan-ayrilmak-icin-sartini-acikladi-7512586<\/span><\/p>\n","protected":false},"excerpt":{"rendered":"<p>Be\u015fikta\u015f, devre aras\u0131nda David Jurasek ile yollar\u0131n\u0131 ay\u0131rma karar\u0131n\u0131 ald\u0131. Oyuncu ise ayr\u0131l\u0131k i\u00e7in \u015fart\u0131n\u0131 a\u00e7\u0131klad\u0131.<\/p>\n","protected":false},"author":1,"featured_media":160368,"comment_status":"open","ping_status":"open","sticky":false,"template":"","format":"standard","meta":{"footnotes":""},"categories":[7],"tags":[819,9932],"class_list":["post-160367","post","type-post","status-publish","format-standard","has-post-thumbnail","hentry","category-spor","tag-besiktas","tag-jurasek"],"_links":{"self":[{"href":"https:\/\/kamucalisani.net\/index.php\/wp-json\/wp\/v2\/posts\/160367","targetHints":{"allow":["GET"]}}],"collection":[{"href":"https:\/\/kamucalisani.net\/index.php\/wp-json\/wp\/v2\/posts"}],"about":[{"href":"https:\/\/kamucalisani.net\/index.php\/wp-json\/wp\/v2\/types\/post"}],"author":[{"embeddable":true,"href":"https:\/\/kamucalisani.net\/index.php\/wp-json\/wp\/v2\/users\/1"}],"replies":[{"embeddable":true,"href":"https:\/\/kamucalisani.net\/index.php\/wp-json\/wp\/v2\/comments?post=160367"}],"version-history":[{"count":1,"href":"https:\/\/kamucalisani.net\/index.php\/wp-json\/wp\/v2\/posts\/160367\/revisions"}],"predecessor-version":[{"id":160369,"href":"https:\/\/kamucalisani.net\/index.php\/wp-json\/wp\/v2\/posts\/160367\/revisions\/160369"}],"wp:featuredmedia":[{"embeddable":true,"href":"https:\/\/kamucalisani.net\/index.php\/wp-json\/wp\/v2\/media\/160368"}],"wp:attachment":[{"href":"https:\/\/kamucalisani.net\/index.php\/wp-json\/wp\/v2\/media?parent=160367"}],"wp:term":[{"taxonomy":"category","embeddable":true,"href":"https:\/\/kamucalisani.net\/index.php\/wp-json\/wp\/v2\/categories?post=160367"},{"taxonomy":"post_tag","embeddable":true,"href":"https:\/\/kamucalisani.net\/index.php\/wp-json\/wp\/v2\/tags?post=160367"}],"curies":[{"name":"wp","href":"https:\/\/api.w.org\/{rel}","templated":true}]}}