{"id":160610,"date":"2025-12-31T09:54:10","date_gmt":"2025-12-31T09:54:10","guid":{"rendered":"https:\/\/kamucalisani.net\/?p=160610"},"modified":"2025-12-31T09:54:10","modified_gmt":"2025-12-31T09:54:10","slug":"fenerbahcede-baskan-sadettin-sarandan-genel-kurul-karari-secim-tarihi-belli-oldu","status":"publish","type":"post","link":"https:\/\/kamucalisani.net\/index.php\/2025\/12\/31\/fenerbahcede-baskan-sadettin-sarandan-genel-kurul-karari-secim-tarihi-belli-oldu\/","title":{"rendered":"Fenerbah\u00e7e&#8217;de ba\u015fkan Sadettin Saran&#8217;dan genel kurul karar\u0131! Se\u00e7im tarihi belli oldu"},"content":{"rendered":"<p><p>Adli kontrol karar\u0131 sonras\u0131 camian\u0131n b\u00fcy\u00fck deste\u011fiyle kar\u015f\u0131lanan ve g\u00fcven tazelemek i\u00e7in ola\u011fan\u00fcst\u00fc genel kurula gidebilece\u011fi konu\u015fulan ba\u015fkan Sadettin Saran karar\u0131n\u0131 verdi.<\/p>\n<p>Eski ba\u015fkan Ali Ko\u00e7 da ge\u00e7en hafta kul\u00fcb\u00fc ziyaret ederek Saran\u2019a moral verirken sar\u0131 lacivertlilerden yap\u0131lan resmi a\u00e7\u0131klamada \u201cFenerbah\u00e7e\u2019nin bug\u00fcn\u00fcne ve gelece\u011fine dair kar\u015f\u0131l\u0131kl\u0131 g\u00f6r\u00fc\u015f al\u0131\u015fveri\u015finde bulunulan bir bulu\u015fma\u201d ifadelerine yer verilmi\u015fti.<\/p>\n<div>\n<div><img decoding=\"async\" src=\"https:\/\/kamucalisani.net\/wp-content\/uploads\/2025\/12\/fenerbahcede-baskan-sadettin-sarandan-genel-kurul-karari-secim-tarihi-belli-oldu-0-7ju7tDDt.jpg\"\/><\/img><\/div>\n<\/div>\n<p><strong>SEZON SONU GENEL KURUL KARARI<\/strong><\/p>\n<p>Ya\u011f\u0131z Sabuncuo\u011flu&#8217;nun haberine g\u00f6re; Fenerbah\u00e7e Y\u00f6netim Kurulu, &#8216;Ola\u011fan\u00fcst\u00fc Se\u00e7imli Genel Kurur&#8217; karar\u0131 ald\u0131.<\/p>\n<p>Fenerbah\u00e7e\u2019de hem mevcut futbolcular hem de transfer g\u00f6r\u00fc\u015fmesi yap\u0131lan isimler, bir sezon i\u00e7inde ikinci se\u00e7imli genel kurul nedeniyle tedirginlik ya\u015fad\u0131 ve konuyu Devin \u00d6zek&#8217;e sordu.<\/p>\n<p>Sadettin Saran, tak\u0131m\u0131n se\u00e7imden zarar g\u00f6rmemesi ve transfer s\u00fcreci etkilenmemesi i\u00e7in kongrenin &#8216;Sezonun son ma\u00e7\u0131na g\u00f6re&#8217; planlanmas\u0131n\u0131 istedi. Karar; futbolcular, g\u00f6r\u00fc\u015f\u00fclen oyuncular ve teknik heyet taraf\u0131ndan olumlu kar\u015f\u0131land\u0131.<\/p>\n<p>\u00a0<\/p>\n\n<p><\/p>\n<p>Kaynak :\u00a0<span style=\"background-color: rgb(255, 249, 236); color: rgb(55, 58, 60); font-size: 14px;\">http:\/\/www.milliyet.com.tr\/skorer\/fenerbahcede-baskan-sadettin-sarandan-genel-kurul-karari-secim-tarihi-belli-oldu-7512908<\/span><\/p>\n","protected":false},"excerpt":{"rendered":"<p>G\u00fcven tazelemek i\u00e7in ola\u011fan\u00fcst\u00fc genel kurula gidebilece\u011fi konu\u015fulan Fenerbah\u00e7e ba\u015fkan\u0131 Sadettin Saran&#8217;\u0131n karar\u0131 belli oldu.<\/p>\n","protected":false},"author":1,"featured_media":160611,"comment_status":"open","ping_status":"open","sticky":false,"template":"","format":"standard","meta":{"footnotes":""},"categories":[7],"tags":[],"class_list":["post-160610","post","type-post","status-publish","format-standard","has-post-thumbnail","hentry","category-spor"],"_links":{"self":[{"href":"https:\/\/kamucalisani.net\/index.php\/wp-json\/wp\/v2\/posts\/160610","targetHints":{"allow":["GET"]}}],"collection":[{"href":"https:\/\/kamucalisani.net\/index.php\/wp-json\/wp\/v2\/posts"}],"about":[{"href":"https:\/\/kamucalisani.net\/index.php\/wp-json\/wp\/v2\/types\/post"}],"author":[{"embeddable":true,"href":"https:\/\/kamucalisani.net\/index.php\/wp-json\/wp\/v2\/users\/1"}],"replies":[{"embeddable":true,"href":"https:\/\/kamucalisani.net\/index.php\/wp-json\/wp\/v2\/comments?post=160610"}],"version-history":[{"count":1,"href":"https:\/\/kamucalisani.net\/index.php\/wp-json\/wp\/v2\/posts\/160610\/revisions"}],"predecessor-version":[{"id":160613,"href":"https:\/\/kamucalisani.net\/index.php\/wp-json\/wp\/v2\/posts\/160610\/revisions\/160613"}],"wp:featuredmedia":[{"embeddable":true,"href":"https:\/\/kamucalisani.net\/index.php\/wp-json\/wp\/v2\/media\/160611"}],"wp:attachment":[{"href":"https:\/\/kamucalisani.net\/index.php\/wp-json\/wp\/v2\/media?parent=160610"}],"wp:term":[{"taxonomy":"category","embeddable":true,"href":"https:\/\/kamucalisani.net\/index.php\/wp-json\/wp\/v2\/categories?post=160610"},{"taxonomy":"post_tag","embeddable":true,"href":"https:\/\/kamucalisani.net\/index.php\/wp-json\/wp\/v2\/tags?post=160610"}],"curies":[{"name":"wp","href":"https:\/\/api.w.org\/{rel}","templated":true}]}}