{"id":160614,"date":"2025-12-31T10:00:13","date_gmt":"2025-12-31T10:00:13","guid":{"rendered":"https:\/\/kamucalisani.net\/?p=160614"},"modified":"2025-12-31T10:00:13","modified_gmt":"2025-12-31T10:00:13","slug":"canli-transfer-rekor-bonservis-bedeli-mourinho-super-lig-yildizini-istiyor","status":"publish","type":"post","link":"https:\/\/kamucalisani.net\/index.php\/2025\/12\/31\/canli-transfer-rekor-bonservis-bedeli-mourinho-super-lig-yildizini-istiyor\/","title":{"rendered":"CANLI TRANSFER | Rekor bonservis bedeli! Mourinho, S\u00fcper Lig y\u0131ld\u0131z\u0131n\u0131 istiyor"},"content":{"rendered":"<p><p>S\u00fcper Lig&#8217;de k\u0131\u015f transfer d\u00f6nemine k\u0131sa s\u00fcre kalmas\u0131yla birlikte tak\u0131mlar kadrolar\u0131n\u0131 g\u00fc\u00e7lendirmek i\u00e7in harekete ge\u00e7ti. \u0130\u015fte Galatasaray, Fenerbah\u00e7e, Be\u015fikta\u015f ve Trabzonspor&#8217;un ilgilendi\u011fi isimler ba\u015fta olmak \u00fczere transfer g\u00fcndeminde yer alan futbolcular&#8230;<\/p>\n<section>\n<div>\n<div><span>12:00<\/span><span>31 Aral\u0131k 2025<\/span><\/p>\n<div>YEN\u0130 SOL KANAT \u0130DD\u0130ASI!<\/div>\n<div>\n<p>Sol kanat transferi yapmak isteyen Be\u015fikta\u015f&#8217;ta g\u00fcndeme yeni bir isim geldi.<\/p>\n<p>Kanatta ya\u015fanan verimsizlik nedeniyle kadroya do\u011frudan katk\u0131 sa\u011flayacak bir oyuncu isteyen Be\u015fikta\u015f, Fanatik&#8217;in haberine g\u00f6re g\u00fcndemine Rio Ave formas\u0131 giyen Andre Luiz&#8217;i ald\u0131.<\/p>\n<p>As\u0131l mevkisi sol kanat olan 23 ya\u015f\u0131ndaki oyuncu, gerekti\u011finde santrfor olarak da g\u00f6rev yapabiliyor.<\/p>\n<p><img decoding=\"async\" src=\"https:\/\/kamucalisani.net\/wp-content\/uploads\/2025\/12\/canli-transfer-rekor-bonservis-bedeli-mourinho-super-lig-yildizini-istiyor-0-LYXDx5gQ.jpg\"\/><\/img><\/p>\n<\/div>\n<\/div>\n<div><span>11:00<\/span><span>31 Aral\u0131k 2025<\/span><\/p>\n<div>BATAGOV \u0130\u00c7\u0130N BENFICA \u0130DD\u0130ASI!<\/div>\n<div>\n<p>Trabzonspor&#8217;un en \u00f6nemli isimlerinden olan Batagov i\u00e7in ortaya \u00f6nemli bir iddia at\u0131ld\u0131.<\/p>\n<p>Ukrayna bas\u0131n\u0131ndan Sport UA&#8217;n\u0131n haberine g\u00f6re Batagov, Mourinho&#8217;nun \u00e7al\u0131\u015ft\u0131rd\u0131\u011f\u0131 Benfica&#8217;ya transfer oluyor.<\/p>\n<p>Olas\u0131 anla\u015fman\u0131n yakla\u015f\u0131k 20 milyon Euro de\u011ferinde oldu\u011fu haberde belirtilenlerden.<\/p>\n<p>23 ya\u015f\u0131ndaki savunmac\u0131 bu sezon tak\u0131m\u0131yla 18 ma\u00e7a \u00e7\u0131kt\u0131 ve 2 asist yapt\u0131.<\/p>\n<p><img decoding=\"async\" src=\"https:\/\/kamucalisani.net\/wp-content\/uploads\/2025\/12\/canli-transfer-rekor-bonservis-bedeli-mourinho-super-lig-yildizini-istiyor-1-7Fj27zVq.jpg\"\/><\/img><\/p>\n<\/div>\n<\/div>\n<div><span>10:00<\/span><span>31 Aral\u0131k 2025<\/span><\/p>\n<div>BE\u015e\u0130KTA\u015e&#8217;TA KAMADA SESLER\u0130<\/div>\n<div>\n<p>Rafa Silva ile yollar\u0131n\u0131 ay\u0131rmaya haz\u0131rlanan Be\u015fikta\u015f&#8217;ta Portekizli&#8217;nin yerine transfer yap\u0131lmak istenirken g\u00fcndeme Kamada geldi.<\/p>\n<p>Takvim&#8217;in haberine g\u00f6re Kamada, Be\u015fikta\u015f&#8217;\u0131n 1 numaral\u0131 hedefi olurken oyuncuyu \u00f6zellikle teknik direkt\u00f6r Sergen Yal\u00e7\u0131n&#8217;\u0131n talep etti\u011fi belirtilenlerden.<\/p>\n<p>29 ya\u015f\u0131ndaki Japon oyuncunun Crystal Palace ile s\u00f6zle\u015fmesi sezon sonu erecek. Be\u015fikta\u015f oyuncuyu c\u00fczi bir bonservis bedeliyle bitirmek istiyor.<\/p>\n<p><img decoding=\"async\" src=\"https:\/\/kamucalisani.net\/wp-content\/uploads\/2025\/12\/canli-transfer-rekor-bonservis-bedeli-mourinho-super-lig-yildizini-istiyor-2-DIl92ruE.jpg\"\/><\/img><\/p>\n<\/div>\n<\/div>\n<div><span>09:00<\/span><span>31 Aral\u0131k 2025<\/span><\/p>\n<div>BE\u015e\u0130KTA\u015e&#8217;TAN FERD\u0130 KADIO\u011eLU BOMBASI<\/div>\n<div>\n<p>Mutlak bir sol bek almak isteyen Be\u015fikta\u015f g\u00f6z\u00fcn\u00fc Ferdi Kad\u0131o\u011flu&#8217;na dikti.<\/p>\n<p>Daha \u00f6nce \u00fclkemizde Fenerbah\u00e7e formas\u0131 giyen ve \u015fu anda \u0130ngiltere Premier Lig ekiplerinden Brighton\u2019da g\u00f6rev alan Ferdi Kad\u0131o\u011flu&#8217;nu siyah beyazl\u0131lar listeye ekledi.<\/p>\n<p>Fanatik&#8217;in haberine g\u00f6re 26 ya\u015f\u0131ndaki futbolcu i\u00e7in ilk etapta sezon sonuna kadar kiralama teklifinde bulunulacak.<\/p>\n<p>28 milyon Euro piyasa de\u011feri bulunan 26 ya\u015f\u0131ndaki futbolcu i\u00e7in ilk etapta sezon sonuna kadar kiralama teklifinde bulunulacak. \u015eu anda Ada temsilcisinin, transfere pek s\u0131cak bakmad\u0131\u011f\u0131 \u00f6\u011frenildi. Ancak Ba\u015fkan Serdal Adal\u0131\u2019n\u0131n \u015fartlar\u0131 zorlayaca\u011f\u0131 belirtildi. Teknik direkt\u00f6r Sergen Yal\u00e7\u0131n\u2019\u0131n da transfere s\u0131cak bakt\u0131\u011f\u0131 gelen haberler aras\u0131nda yer ald\u0131.<\/p>\n<p><img decoding=\"async\" src=\"https:\/\/kamucalisani.net\/wp-content\/uploads\/2025\/12\/canli-transfer-rekor-bonservis-bedeli-mourinho-super-lig-yildizini-istiyor-3-rIBxX9Db.jpg\"\/><\/img><\/p>\n<\/div>\n<\/div>\n<div><span>08:00<\/span><span>31 Aral\u0131k 2025<\/span><\/p>\n<div>UMUT NAY\u0130R S\u00dcPER L\u0130G DEV\u0130NE<\/div>\n<div>\n<p>Trabzonspor forvet pozisyonunda Nijeryal\u0131 y\u0131ld\u0131z Paul Onuachu\u2019ya g\u00fc\u00e7l\u00fc bir altarnatif sunmak isteyen y\u00f6netim, Fatih Tekke\u2019nin de onay\u0131n\u0131 alarak Konyaspor formas\u0131 giyen Umut Nayir\u2019i g\u00f6z\u00fcne kestirdi.<\/p>\n<p>\u0130lk etapta oyuncu i\u00e7in bonservis \u00f6demek isteyen Trabzonspor\u2019a Konyaspor cephesinden farkl\u0131 yan\u0131t geldi. Trabzonspor\u2019dan Olaigbe, Cihan ve Ozan\u2019a talip olan Konyaspor bu isimlere kar\u015f\u0131l\u0131k olarak Umut Nay\u0131r\u2019\u0131 b\u0131rakabilece\u011fini Trabzonspor\u2019a iletti.<\/p>\n<p>Edinilen bilgilere g\u00f6re Trabzonspor, Olaigbe\u2019yi bonservisiyle de\u011fil, kiral\u0131k olarak Konyaspor\u2019a g\u00f6ndermeyi planl\u0131yor. Taraflar aras\u0131nda yap\u0131lan g\u00f6r\u00fc\u015fmelerde sat\u0131n alma opsiyonu ile oyuncunun 6 ayl\u0131k maa\u015f \u00f6demesinin hangi kul\u00fcp taraf\u0131ndan kar\u015f\u0131lanaca\u011f\u0131 konular\u0131nda pazarl\u0131klar\u0131n s\u00fcrd\u00fc\u011f\u00fc ifade ediliyor. Konyaspor, Olaigbe\u2019nin yan\u0131 s\u0131ra Trabzonspor\u2019dan Cihan ve Ozan\u2019\u0131 da kadrosuna katmak istiyor. Ancak bordo-mavili y\u00f6netimin bu talebe s\u0131cak bakmad\u0131\u011f\u0131, Umut Nayir\u2019i ya bonservis bedeliyle ya da tek bir kiral\u0131k oyuncu kar\u015f\u0131l\u0131\u011f\u0131nda transfer etmeyi hedefledi\u011fi kaydediliyor. (Fanatik)<\/p>\n<p><img decoding=\"async\" src=\"https:\/\/kamucalisani.net\/wp-content\/uploads\/2025\/12\/canli-transfer-rekor-bonservis-bedeli-mourinho-super-lig-yildizini-istiyor-4-zQlXqFin.jpg\"\/><\/img><\/p>\n<\/div>\n<\/div>\n<div><span>07:28<\/span><span>31 Aral\u0131k 2025<\/span><\/p>\n<div>FENERBAH\u00c7E ANLA\u015eMA SA\u011eLADI<\/div>\n<div>\n<p>Fenerbah\u00e7e, prensip anla\u015fmas\u0131na vard\u0131\u011f\u0131 Utrecht\u2019in Fasl\u0131 sol beki El Karouani\u2019de Avrupa\u2019n\u0131n \u00f6nemli kul\u00fcplerini saf d\u0131\u015f\u0131 b\u0131rakt\u0131. Karouani i\u00e7in Ajax, Eintracht Frankfurt, West Ham United, Benfica ve Porto\u2019nun devrede oldu\u011fu ancak en iyi teklifi sar\u0131-lacivertlilerin sundu\u011fu vurguland\u0131.<\/p>\n<p>Fenerbah\u00e7e Y\u00f6netimi, y\u0131ll\u0131k \u00fccret ve imza paras\u0131yla birlikte Fasl\u0131 sol beke 4 milyon euro civar\u0131nda bir \u00f6neri sundu\u011fu belirtildi. Fasl\u0131 sol bekin menajerli\u011fini babas\u0131 yaparken, Galatasaray derbisinde \u0130stanbul\u2019a geldi\u011fi ve atmosfere hayran kald\u0131\u011f\u0131 ifade edildi.<\/p>\n<p><img decoding=\"async\" src=\"https:\/\/kamucalisani.net\/wp-content\/uploads\/2025\/12\/canli-transfer-rekor-bonservis-bedeli-mourinho-super-lig-yildizini-istiyor-5-KIUQKBLO.jpg\"\/><\/img><\/p>\n<p>\u00a0<\/p>\n<\/div>\n<\/div>\n<\/div>\n<\/section>\n<p><\/p>\n<p>Kaynak :\u00a0<span style=\"background-color: rgb(255, 249, 236); color: rgb(55, 58, 60); font-size: 14px;\">http:\/\/www.milliyet.com.tr\/skorer\/live-rekor-bonservis-bedeli-mourinho-super-lig-yildizini-istiyor-7512679<\/span><\/p>\n","protected":false},"excerpt":{"rendered":"<p>S\u00fcper Lig&#8217;de k\u0131\u015f transfer penceresinin a\u00e7\u0131lmas\u0131na k\u0131sa bir s\u00fcre kald\u0131. Kul\u00fcpler kadrolar\u0131na takviye yapmak i\u00e7in hummal\u0131 bir bi\u00e7imde transfer \u00e7al\u0131\u015fmalar\u0131n\u0131 s\u00fcrd\u00fcr\u00fcyor. G\u00fcn\u00fcn \u00f6ne \u00e7\u0131kan transfer haberlerini sizler i\u00e7in derledik.<\/p>\n","protected":false},"author":1,"featured_media":160615,"comment_status":"open","ping_status":"open","sticky":false,"template":"","format":"standard","meta":{"footnotes":""},"categories":[7],"tags":[10669,819,967,506,589],"class_list":["post-160614","post","type-post","status-publish","format-standard","has-post-thumbnail","hentry","category-spor","tag-31-aralik","tag-besiktas","tag-oyuncu","tag-tek","tag-transfer"],"_links":{"self":[{"href":"https:\/\/kamucalisani.net\/index.php\/wp-json\/wp\/v2\/posts\/160614","targetHints":{"allow":["GET"]}}],"collection":[{"href":"https:\/\/kamucalisani.net\/index.php\/wp-json\/wp\/v2\/posts"}],"about":[{"href":"https:\/\/kamucalisani.net\/index.php\/wp-json\/wp\/v2\/types\/post"}],"author":[{"embeddable":true,"href":"https:\/\/kamucalisani.net\/index.php\/wp-json\/wp\/v2\/users\/1"}],"replies":[{"embeddable":true,"href":"https:\/\/kamucalisani.net\/index.php\/wp-json\/wp\/v2\/comments?post=160614"}],"version-history":[{"count":1,"href":"https:\/\/kamucalisani.net\/index.php\/wp-json\/wp\/v2\/posts\/160614\/revisions"}],"predecessor-version":[{"id":160622,"href":"https:\/\/kamucalisani.net\/index.php\/wp-json\/wp\/v2\/posts\/160614\/revisions\/160622"}],"wp:featuredmedia":[{"embeddable":true,"href":"https:\/\/kamucalisani.net\/index.php\/wp-json\/wp\/v2\/media\/160615"}],"wp:attachment":[{"href":"https:\/\/kamucalisani.net\/index.php\/wp-json\/wp\/v2\/media?parent=160614"}],"wp:term":[{"taxonomy":"category","embeddable":true,"href":"https:\/\/kamucalisani.net\/index.php\/wp-json\/wp\/v2\/categories?post=160614"},{"taxonomy":"post_tag","embeddable":true,"href":"https:\/\/kamucalisani.net\/index.php\/wp-json\/wp\/v2\/tags?post=160614"}],"curies":[{"name":"wp","href":"https:\/\/api.w.org\/{rel}","templated":true}]}}