{"id":161130,"date":"2025-12-31T20:18:10","date_gmt":"2025-12-31T20:18:10","guid":{"rendered":"https:\/\/kamucalisani.net\/?p=161130"},"modified":"2025-12-31T20:18:10","modified_gmt":"2025-12-31T20:18:10","slug":"fenerbahceden-sebastian-szymanski-karari-bonservisi-belli-oldu","status":"publish","type":"post","link":"https:\/\/kamucalisani.net\/index.php\/2025\/12\/31\/fenerbahceden-sebastian-szymanski-karari-bonservisi-belli-oldu\/","title":{"rendered":"Fenerbah\u00e7e&#8217;den Sebastian Szymanski karar\u0131! Bonservisi belli oldu"},"content":{"rendered":"<p><p>S\u00fcper Lig&#8217;de ara transfer d\u00f6nemi hareketlili\u011fi s\u00fcrerken, Fenerbah\u00e7e&#8217;de g\u00f6zler Sebastian Szymanski&#8217;nin gelece\u011fine \u00e7evrildi. Sar\u0131-lacivertli y\u00f6netim, hem oyuncunun d\u00fc\u015fen performans\u0131 hem de yabanc\u0131 kontenjan\u0131nda yer a\u00e7ma hedefi do\u011frultusunda stratejik bir hamle yapmaya haz\u0131rlan\u0131yor. Ya\u011f\u0131z Sabuncuo\u011flu&#8217;nun haberine g\u00f6re, y\u00f6netim, oyuncuya kul\u00fcp bulunamamas\u0131 halinde lisans\u0131n\u0131 ask\u0131ya alma ihtimalini de\u011ferlendiriyor.<\/p>\n<div>\n<div><img decoding=\"async\" src=\"https:\/\/kamucalisani.net\/wp-content\/uploads\/2025\/12\/fenerbahceden-sebastian-szymanski-karari-bonservisi-belli-oldu-0-jb1vl7ft.jpg\"\/><\/img><\/div>\n<\/div>\n<p><strong>FENERBAH\u00c7E&#8217;N\u0130N BONSERV\u0130S BEKELNT\u0130S\u0130 BELL\u0130 OLDU<\/strong><\/p>\n<p>Fenerbah\u00e7e y\u00f6netimi, 2023 yaz\u0131nda Dinamo Moskova&#8217;dan 9.75 milyon euro bedelle kadrosuna katt\u0131\u011f\u0131 26 ya\u015f\u0131ndaki orta saha oyuncusu i\u00e7in tekliflere a\u00e7\u0131k kap\u0131 b\u0131rakt\u0131. Sar\u0131-lacivertlilerin, Szymanski i\u00e7in yakla\u015f\u0131k 10 milyon euro seviyesinde bir teklif gelmesi durumunda transfere onay verece\u011fi ifade ediliyor.<\/p>\n<p>Fransa Ligue 1 ekiplerinden Lyon ba\u015fta olmak \u00fczere Avrupa&#8217;dan baz\u0131 kul\u00fcplerin oyuncuyla ilgilendi\u011fi bilinse de, kul\u00fcbe hen\u00fcz ula\u015fm\u0131\u015f resmi bir teklif bulunmuyor. Y\u00f6netimin \u00f6ncelikli plan\u0131, oyuncunun sat\u0131\u015f\u0131 yoluyla gelir elde etmek ve yeni transferler i\u00e7in b\u00fct\u00e7e ile kontenjan olu\u015fturmak.<\/p>\n<p><strong>TARAFTAR TEPK\u0130L\u0130<\/strong><\/p>\n<p>Karar\u0131n arka plan\u0131nda Szymanski&#8217;nin bu sezon beklentilerin alt\u0131nda kalan performans\u0131 yat\u0131yor. Bu sezon sar\u0131-lacivertli formayla \u00e7\u0131kt\u0131\u011f\u0131 24 resmi ma\u00e7ta yaln\u0131zca 2 gol ve 2 asist \u00fcretebilen Polonyal\u0131 oyuncu, skor katk\u0131s\u0131 vermekte zorland\u0131.<\/p>\n<p>\u00d6zellikle Ziraat T\u00fcrkiye Kupas\u0131&#8217;nda oynanan Be\u015fikta\u015f derbisindeki etkisiz oyunu, trib\u00fcnlerin sabr\u0131n\u0131 ta\u015f\u0131ran son nokta oldu. Ma\u00e7 s\u0131ras\u0131nda ve sonras\u0131nda yo\u011fun protestolara maruz kalan Szymanski, taraftar deste\u011fini de b\u00fcy\u00fck \u00f6l\u00e7\u00fcde kaybetmi\u015f durumda.<\/p>\n<p><strong>TEDESCO AZ S\u00dcRE VER\u0130YOR<\/strong><\/p>\n<p>Fenerbah\u00e7e&#8217;nin \u0130talyan teknik direkt\u00f6r\u00fc Domenico Tedesco&#8217;nun oyun plan\u0131nda kendisine yer bulmakta zorlanan Szymanski, ilk 11&#8217;deki yerini kaybetti. \u00d6nceki sezonlarda tak\u0131m\u0131n en \u00f6nemli h\u00fccum silahlar\u0131ndan biri olan oyuncunun, mevcut taktik d\u00fczende verimlili\u011finin d\u00fc\u015fmesi teknik heyetin raporlar\u0131na da yans\u0131d\u0131.<\/p>\n\n<p><\/p>\n<p>Kaynak :\u00a0<span style=\"background-color: rgb(255, 249, 236); color: rgb(55, 58, 60); font-size: 14px;\">http:\/\/www.milliyet.com.tr\/skorer\/fenerbahceden-sebastian-szymanski-karari-bonservisi-belli-oldu-7513267<\/span><\/p>\n","protected":false},"excerpt":{"rendered":"<p>Fenerbah\u00e7e\u2019de Sebastian Szymanski\u2019nin gelece\u011fi tart\u0131\u015fma konusu oldu. Sar\u0131-lacivertli y\u00f6netim, performans d\u00fc\u015f\u00fc\u015f\u00fc nedeniyle oyuncunun ayr\u0131l\u0131\u011f\u0131na s\u0131cak bak\u0131yor<\/p>\n","protected":false},"author":1,"featured_media":161131,"comment_status":"open","ping_status":"open","sticky":false,"template":"","format":"standard","meta":{"footnotes":""},"categories":[7],"tags":[131,2354],"class_list":["post-161130","post","type-post","status-publish","format-standard","has-post-thumbnail","hentry","category-spor","tag-oyun","tag-szymanski"],"_links":{"self":[{"href":"https:\/\/kamucalisani.net\/index.php\/wp-json\/wp\/v2\/posts\/161130","targetHints":{"allow":["GET"]}}],"collection":[{"href":"https:\/\/kamucalisani.net\/index.php\/wp-json\/wp\/v2\/posts"}],"about":[{"href":"https:\/\/kamucalisani.net\/index.php\/wp-json\/wp\/v2\/types\/post"}],"author":[{"embeddable":true,"href":"https:\/\/kamucalisani.net\/index.php\/wp-json\/wp\/v2\/users\/1"}],"replies":[{"embeddable":true,"href":"https:\/\/kamucalisani.net\/index.php\/wp-json\/wp\/v2\/comments?post=161130"}],"version-history":[{"count":1,"href":"https:\/\/kamucalisani.net\/index.php\/wp-json\/wp\/v2\/posts\/161130\/revisions"}],"predecessor-version":[{"id":161133,"href":"https:\/\/kamucalisani.net\/index.php\/wp-json\/wp\/v2\/posts\/161130\/revisions\/161133"}],"wp:featuredmedia":[{"embeddable":true,"href":"https:\/\/kamucalisani.net\/index.php\/wp-json\/wp\/v2\/media\/161131"}],"wp:attachment":[{"href":"https:\/\/kamucalisani.net\/index.php\/wp-json\/wp\/v2\/media?parent=161130"}],"wp:term":[{"taxonomy":"category","embeddable":true,"href":"https:\/\/kamucalisani.net\/index.php\/wp-json\/wp\/v2\/categories?post=161130"},{"taxonomy":"post_tag","embeddable":true,"href":"https:\/\/kamucalisani.net\/index.php\/wp-json\/wp\/v2\/tags?post=161130"}],"curies":[{"name":"wp","href":"https:\/\/api.w.org\/{rel}","templated":true}]}}