{"id":16129,"date":"2024-06-03T22:12:11","date_gmt":"2024-06-03T22:12:11","guid":{"rendered":"https:\/\/kamucalisani.net\/?p=16129"},"modified":"2024-06-03T22:12:11","modified_gmt":"2024-06-03T22:12:11","slug":"canli-fenerbahcede-ali-koctan-aziz-yildirima-tarihi-calim-jose-mourinho-ile-anlasma-saglandi","status":"publish","type":"post","link":"https:\/\/kamucalisani.net\/index.php\/2024\/06\/03\/canli-fenerbahcede-ali-koctan-aziz-yildirima-tarihi-calim-jose-mourinho-ile-anlasma-saglandi\/","title":{"rendered":"CANLI |                         Fenerbah\u00e7e&#8217;de Ali Ko\u00e7&#8217;tan Aziz Y\u0131ld\u0131r\u0131m&#8217;a tarihi \u00e7al\u0131m! Jose Mourinho ile anla\u015fma sa\u011fland\u0131"},"content":{"rendered":"<p><p>Sezonu Galatasaray&#8217;\u0131n ard\u0131ndan 2. s\u0131rada tamamlayan Fenerbah\u00e7e&#8217;de g\u00f6zler ba\u015fkanl\u0131k se\u00e7imine \u00e7evrilmi\u015fti. Ba\u015fkanl\u0131\u011fa adayl\u0131\u011f\u0131n\u0131 koyan Ali Ko\u00e7 ve Aziz Y\u0131ld\u0131r\u0131m iddial\u0131 a\u00e7\u0131klamalarda bulunurken gelecek sezon tak\u0131m\u0131n ba\u015f\u0131nda yer alacak teknik direkt\u00f6r de merak ediliyordu.\u00a0<\/p>\n<p>Fenerbah\u00e7e Ba\u015fkan\u0131 Ali Ko\u00e7&#8217;tan s\u00fcrpriz bir hamle geldi.\u00a0<\/p>\n<section>\n<div>\n<div> <img decoding=\"async\" src=\"https:\/\/kamucalisani.net\/wp-content\/uploads\/2024\/06\/canli-WCkWnfex.jpg\"\/><\/img> <\/p>\n<p> Jose Mourinho ile anla\u015fma sa\u011fland\u0131 <\/p>\n<\/div>\n<div> <span>11:53<\/span> <span>31 May\u0131s 2024<\/span> <\/p>\n<div> AZ\u0130Z YILDIRIM&#8217;DAN A\u00c7IKLAMA GELD\u0130 <\/div>\n<div>\n<p>Fenerbah\u00e7e&#8217;de Aziz Y\u0131ld\u0131r\u0131m, Ali Ko\u00e7&#8217;un Mourinho ile anla\u015fmas\u0131 \u00fczerine \u015fu a\u00e7\u0131klamay\u0131 yapt\u0131:\u00a0<\/p>\n<p>Y\u00f6netim, Jose Mourinho ile anla\u015fm\u0131\u015f san\u0131r\u0131m. O taraf bana sordu, &#8216;\u0130mzalay\u0131n, biz kazan\u0131rsak beraber \u00e7al\u0131\u015f\u0131r\u0131z sorun yok&#8217; dedim.<\/p>\n<p><img decoding=\"async\" src=\"https:\/\/kamucalisani.net\/wp-content\/uploads\/2024\/06\/canli-ZhbhLXHn.jpg\"\/><\/img><\/p>\n<\/div>\n<div>\n<div>\n<div> <span> <img decoding=\"async\" src=\"https:\/\/kamucalisani.net\/wp-content\/uploads\/2024\/06\/canli-IJwGQZxf.jpg\"\/><\/img> <\/span> <\/div>\n<\/p><\/div>\n<\/p><\/div>\n<\/p><\/div>\n<div> <span>11:47<\/span> <span>31 May\u0131s 2024<\/span> <\/p>\n<div> DZEKO&#8217;DAN MOUR\u0130NHO PAYLA\u015eIMINA BE\u011eEN\u0130 <\/div>\n<div>\n<p>Fenerbah\u00e7e&#8217;nin y\u0131ld\u0131z\u0131 Edin Dzeko, gazeteci Fabrizio Romano&#8217;nun Instagram&#8217;dan payla\u015ft\u0131\u011f\u0131 Jose Mourinho haberini be\u011fendi. S\u00f6z konusu payla\u015f\u0131mda, &#8220;Fenerbah\u00e7e Jose Mourinho ile s\u00f6zl\u00fc anla\u015fmaya vard\u0131!&#8221; ifadeleri yer ald\u0131.<\/p>\n<p><img decoding=\"async\" src=\"https:\/\/kamucalisani.net\/wp-content\/uploads\/2024\/06\/canli-AI6Aj4wf.jpg\"\/><\/img><\/p>\n<\/div>\n<div>\n<div>\n<div> <span> <img decoding=\"async\" src=\"https:\/\/kamucalisani.net\/wp-content\/uploads\/2024\/06\/canli-IJwGQZxf.jpg\"\/><\/img> <\/span> <\/div>\n<\/p><\/div>\n<\/p><\/div>\n<\/p><\/div>\n<div> <span>11:46<\/span> <span>31 May\u0131s 2024<\/span> <\/p>\n<div> FENERBAH\u00c7E\u2019N\u0130N SON MA\u00c7LARINI TAK\u0130P ETT\u0130 <\/div>\n<div>\n<p>Fenerbah\u00e7e Ba\u015fkan\u0131 Ali Ko\u00e7\u2019un yan\u0131 s\u0131ra ba\u015fkan aday\u0131 Aziz Y\u0131ld\u0131r\u0131m\u2019\u0131n da teknik direkt\u00f6rl\u00fck i\u00e7in listesinde ilk s\u0131rada yer alan Jose Mourinho, uzun s\u00fcredir Fenerbah\u00e7e\u2019yi takip ediyor. Sar\u0131-lacivertli ekibin ligde oynad\u0131\u011f\u0131 son ma\u00e7lar\u0131 takip eden Portekizli teknik adam, kadro yap\u0131lanmas\u0131 hakk\u0131nda da notlar ald\u0131. Tecr\u00fcbeli \u00e7al\u0131\u015ft\u0131r\u0131c\u0131n\u0131n daha \u00f6nce Fenerbah\u00e7e\u2019de forma giymi\u015f futbolculardan kul\u00fcp ve \u015fehir hakk\u0131nda bilgi ald\u0131\u011f\u0131 da \u00f6\u011frenildi.\u00a0<\/p>\n<p><img decoding=\"async\" src=\"https:\/\/kamucalisani.net\/wp-content\/uploads\/2024\/06\/canli-I2J5Maq3.jpg\"\/><\/img><\/p>\n<\/div>\n<div>\n<div>\n<div> <span> <img decoding=\"async\" src=\"https:\/\/kamucalisani.net\/wp-content\/uploads\/2024\/06\/canli-IJwGQZxf.jpg\"\/><\/img> <\/span> <\/div>\n<\/p><\/div>\n<\/p><\/div>\n<\/p><\/div>\n<div> <span>11:45<\/span> <span>31 May\u0131s 2024<\/span> <\/p>\n<div> \u015eAMP\u0130YONLAR L\u0130G\u0130 F\u0130NAL\u0130&#8217;N\u0130 \u0130ZLEYECEKLER <\/div>\n<div>\n<p>\u00d6te yandan Ali Ko\u00e7\u2019un yeni y\u00f6netiminde yer verdi\u011fi Acun Il\u0131cal\u0131\u2019n\u0131n da bu g\u00f6r\u00fc\u015fmede yer almas\u0131 ve bu 3 ismin Londra\u2019daki Wembley Stad\u0131\u2019nda yar\u0131n oynanacak olan \u015eampiyonlar Ligi finalini beraber seyretmesi bekleniyor.<\/p>\n<\/div>\n<div>\n<div>\n<div> <span> <img decoding=\"async\" src=\"https:\/\/kamucalisani.net\/wp-content\/uploads\/2024\/06\/canli-IJwGQZxf.jpg\"\/><\/img> <\/span> <\/div>\n<\/p><\/div>\n<\/p><\/div>\n<\/p><\/div>\n<div> <span>11:44<\/span> <span>31 May\u0131s 2024<\/span> <\/p>\n<div> MOURINHO \u0130LE ANLA\u015eMAYA VARILDI <\/div>\n<div>\n<p>Fenerbah\u00e7e\u2019de yeni teknik direkt\u00f6r \u00e7al\u0131\u015fmalar\u0131 da g\u00fcnlerdir s\u00fcr\u00fcyor. Sar\u0131-lacivertli ekipte sportif direkt\u00f6r Mario Branco, ba\u015fkan Ali Ko\u00e7\u2019tan ald\u0131\u011f\u0131 yetkiyle Portekizli teknik direkt\u00f6r Jose Mourinho ile g\u00f6r\u00fc\u015fmelerini yakla\u015f\u0131k 1 haftad\u0131r s\u00fcrd\u00fcr\u00fcyordu.<\/p>\n<p>Se\u00e7im \u00e7al\u0131\u015fmalar\u0131 dolay\u0131s\u0131yla T\u00fcrkiye\u2019de bulunan Ali Ko\u00e7 da tele konferans y\u00f6netimiyle Portekizli teknik adam ile konu\u015farak, projelerini ve hedeflerini anlatt\u0131. Yap\u0131lan g\u00f6r\u00fc\u015fmelerin ard\u0131ndan Jose Mourinho, 2+1 y\u0131ll\u0131k s\u00f6zle\u015fme konusunda ikna edildi. Ba\u015fkan Ali Ko\u00e7, \u00f6n\u00fcm\u00fczdeki saatlerde Londra\u2019ya gidecek ve Mourinho ile resmi s\u00f6zle\u015fmeyi imzalayacak. (DHA)<\/p>\n<p><img decoding=\"async\" src=\"https:\/\/kamucalisani.net\/wp-content\/uploads\/2024\/06\/canli-9q9OGGvI.jpg\"\/><\/img><\/p>\n<\/div>\n<div>\n<div>\n<div> <span> <img decoding=\"async\" src=\"https:\/\/kamucalisani.net\/wp-content\/uploads\/2024\/06\/canli-IJwGQZxf.jpg\"\/><\/img> <\/span> <\/div>\n<\/p><\/div>\n<\/p><\/div>\n<\/p><\/div>\n<div> <span>11:43<\/span> <span>31 May\u0131s 2024<\/span> <\/p>\n<div> AZ\u0130Z YILDIRIM G\u00d6R\u00dc\u015eMEYE G\u0130DECEKT\u0130\u00a0 <\/div>\n<div>\n<p>Fenerbah\u00e7e&#8217;de ba\u015fkan aday\u0131 olan Aziz Y\u0131ld\u0131r\u0131m&#8217;\u0131n ilk teknik direkt\u00f6r aday\u0131 Jose Mourinho&#8217;ydu. Y\u0131ld\u0131r\u0131m, Cumartesi g\u00fcn\u00fc \u015eampiyonlar Ligi finalinde Portekizli \u00e7al\u0131\u015ft\u0131r\u0131c\u0131 ile g\u00f6r\u00fc\u015fece\u011fini a\u00e7\u0131klam\u0131\u015ft\u0131.<\/p>\n<p>Ancak Ali Ko\u00e7&#8217;tan s\u00fcrpriz bir hamle geldi. Elini \u00e7abuk tutan Ali Ko\u00e7, Mario Branco arac\u0131l\u0131\u011f\u0131yla Jose Mourinho&#8217;yla anla\u015fmaya vard\u0131.\u00a0<\/p>\n<p><img decoding=\"async\" src=\"https:\/\/kamucalisani.net\/wp-content\/uploads\/2024\/06\/canli-t38VRVG5.jpg\"\/><\/img><\/p>\n<\/div>\n<div>\n<div>\n<div> <span> <img decoding=\"async\" src=\"https:\/\/kamucalisani.net\/wp-content\/uploads\/2024\/06\/canli-IJwGQZxf.jpg\"\/><\/img> <\/span> <\/div>\n<\/p><\/div>\n<\/p><\/div>\n<\/p><\/div>\n<div> <span>11:41<\/span> <span>31 May\u0131s 2024<\/span> <\/p>\n<div> &#8216;CUMA G\u00dcN\u00dc B\u0130LECEKS\u0130N\u0130Z&#8217; DEM\u0130\u015eT\u0130 <\/div>\n<div>\n<p>Fenerbah\u00e7e Ba\u015fkan\u0131 Ali Ko\u00e7, \u00e7ar\u015famba ak\u015fam\u0131 yapt\u0131\u011f\u0131 a\u00e7\u0131klamada yeni teknik direkt\u00f6r\u00fcn bug\u00fcn duyurulaca\u011f\u0131n\u0131 bildirmi\u015fti. Ba\u015fkan Ko\u00e7 konuyla ilgili, &#8220;\u0130smail Hoca ile mi devam edece\u011fiz yoksa yabanc\u0131 hoca ile mi \u015funun garantisini verebilirim; cuma g\u00fcn\u00fc se\u00e7ime girerken hocam\u0131z\u0131n kim oldu\u011funu net bir \u015fekilde bileceksiniz&#8221; ifadelerini kulland\u0131.<\/p>\n<p><img decoding=\"async\" src=\"https:\/\/kamucalisani.net\/wp-content\/uploads\/2024\/06\/canli-RaBtTxqq.jpg\"\/><\/img><\/p>\n<p>\u00a0<\/p>\n<\/div>\n<div>\n<div>\n<div> <span> <img decoding=\"async\" src=\"https:\/\/kamucalisani.net\/wp-content\/uploads\/2024\/06\/canli-IJwGQZxf.jpg\"\/><\/img> <\/span> <\/div>\n<\/p><\/div>\n<\/p><\/div>\n<\/p><\/div>\n<\/p><\/div>\n<div>\n<div> <img decoding=\"async\" src=\"https:\/\/kamucalisani.net\/wp-content\/uploads\/2024\/06\/canli-PrRVZMcO.jpg\"\/><\/img> <\/p>\n<p><b>Canl\u0131 Anlat\u0131m \u00d6zeti<\/b><\/p>\n<\/div>\n<ul>\n<li> <img decoding=\"async\" src=\"https:\/\/kamucalisani.net\/wp-content\/uploads\/2024\/06\/canli-hxJZg33I.jpg\"\/><\/img> AZ\u0130Z YILDIRIM&#8217;DAN A\u00c7IKLAMA GELD\u0130 <\/li>\n<li> <img decoding=\"async\" src=\"https:\/\/kamucalisani.net\/wp-content\/uploads\/2024\/06\/canli-hxJZg33I.jpg\"\/><\/img> DZEKO&#8217;DAN MOUR\u0130NHO PAYLA\u015eIMINA BE\u011eEN\u0130 <\/li>\n<li> <img decoding=\"async\" src=\"https:\/\/kamucalisani.net\/wp-content\/uploads\/2024\/06\/canli-hxJZg33I.jpg\"\/><\/img> FENERBAH\u00c7E\u2019N\u0130N SON MA\u00c7LARINI TAK\u0130P ETT\u0130 <\/li>\n<li> <img decoding=\"async\" src=\"https:\/\/kamucalisani.net\/wp-content\/uploads\/2024\/06\/canli-hxJZg33I.jpg\"\/><\/img> \u015eAMP\u0130YONLAR L\u0130G\u0130 F\u0130NAL\u0130&#8217;N\u0130 \u0130ZLEYECEKLER <\/li>\n<li> <img decoding=\"async\" src=\"https:\/\/kamucalisani.net\/wp-content\/uploads\/2024\/06\/canli-hxJZg33I.jpg\"\/><\/img> MOURINHO \u0130LE ANLA\u015eMAYA VARILDI <\/li>\n<li> <img decoding=\"async\" src=\"https:\/\/kamucalisani.net\/wp-content\/uploads\/2024\/06\/canli-hxJZg33I.jpg\"\/><\/img> AZ\u0130Z YILDIRIM G\u00d6R\u00dc\u015eMEYE G\u0130DECEKT\u0130\u00a0 <\/li>\n<li> <img decoding=\"async\" src=\"https:\/\/kamucalisani.net\/wp-content\/uploads\/2024\/06\/canli-hxJZg33I.jpg\"\/><\/img> &#8216;CUMA G\u00dcN\u00dc B\u0130LECEKS\u0130N\u0130Z&#8217; DEM\u0130\u015eT\u0130 <\/li>\n<\/ul><\/div>\n<\/section>\n<p>\u00a0<\/p>\n<p>\u00a0<\/p>\n<p>\u00a0<\/p>\n<p>\u00a0<\/p>\n<p>\u00a0<\/p>\n<p>\u00a0<\/p>\n\n<p><\/p>\n<p>Kaynak :\u00a0<span style=\"background-color: rgb(255, 249, 236); color: rgb(55, 58, 60); font-size: 14px;\">http:\/\/www.milliyet.com.tr\/skorer\/live-fenerbahcede-ali-koctan-aziz-yildirima-tarihi-calim-jose-mourinho-ile-anlasma-saglandi-7135141<\/span><\/p>\n","protected":false},"excerpt":{"rendered":"<p>Fenerbah\u00e7e&#8217;de g\u00f6zler ba\u015fkanl\u0131k se\u00e7imine \u00e7evrilmi\u015fken gelecek sezon tak\u0131m\u0131n ba\u015f\u0131nda olacak teknik direkt\u00f6r de merak ediliyordu. Sar\u0131-lacivertli ekipte Ali Ko\u00e7&#8217;tan Aziz Y\u0131ld\u0131r\u0131m&#8217;a tarihi bir \u00e7al\u0131m geldi.<\/p>\n","protected":false},"author":1,"featured_media":16130,"comment_status":"open","ping_status":"open","sticky":false,"template":"","format":"standard","meta":{"footnotes":""},"categories":[7],"tags":[1026,1104,376,186,184],"class_list":["post-16129","post","type-post","status-publish","format-standard","has-post-thumbnail","hentry","category-spor","tag-31-mayis-2024","tag-ali-koc","tag-aziz-yildirim","tag-baskan","tag-fenerbahce"],"_links":{"self":[{"href":"https:\/\/kamucalisani.net\/index.php\/wp-json\/wp\/v2\/posts\/16129","targetHints":{"allow":["GET"]}}],"collection":[{"href":"https:\/\/kamucalisani.net\/index.php\/wp-json\/wp\/v2\/posts"}],"about":[{"href":"https:\/\/kamucalisani.net\/index.php\/wp-json\/wp\/v2\/types\/post"}],"author":[{"embeddable":true,"href":"https:\/\/kamucalisani.net\/index.php\/wp-json\/wp\/v2\/users\/1"}],"replies":[{"embeddable":true,"href":"https:\/\/kamucalisani.net\/index.php\/wp-json\/wp\/v2\/comments?post=16129"}],"version-history":[{"count":1,"href":"https:\/\/kamucalisani.net\/index.php\/wp-json\/wp\/v2\/posts\/16129\/revisions"}],"predecessor-version":[{"id":16153,"href":"https:\/\/kamucalisani.net\/index.php\/wp-json\/wp\/v2\/posts\/16129\/revisions\/16153"}],"wp:featuredmedia":[{"embeddable":true,"href":"https:\/\/kamucalisani.net\/index.php\/wp-json\/wp\/v2\/media\/16130"}],"wp:attachment":[{"href":"https:\/\/kamucalisani.net\/index.php\/wp-json\/wp\/v2\/media?parent=16129"}],"wp:term":[{"taxonomy":"category","embeddable":true,"href":"https:\/\/kamucalisani.net\/index.php\/wp-json\/wp\/v2\/categories?post=16129"},{"taxonomy":"post_tag","embeddable":true,"href":"https:\/\/kamucalisani.net\/index.php\/wp-json\/wp\/v2\/tags?post=16129"}],"curies":[{"name":"wp","href":"https:\/\/api.w.org\/{rel}","templated":true}]}}