{"id":162048,"date":"2026-01-02T13:18:12","date_gmt":"2026-01-02T13:18:12","guid":{"rendered":"https:\/\/kamucalisani.net\/?p=162048"},"modified":"2026-01-02T13:18:12","modified_gmt":"2026-01-02T13:18:12","slug":"yusuf-yazicidan-yeni-karar-yunanistanda-kritik-gelisme","status":"publish","type":"post","link":"https:\/\/kamucalisani.net\/index.php\/2026\/01\/02\/yusuf-yazicidan-yeni-karar-yunanistanda-kritik-gelisme\/","title":{"rendered":"Yusuf Yaz\u0131c\u0131&#8217;dan yeni karar! Yunanistan&#8217;da kritik geli\u015fme"},"content":{"rendered":"<p><p>Yunanistan&#8217;\u0131n k\u00f6kl\u00fc tak\u0131mlar\u0131ndan Olympiakos&#8217;ta forma giyen Yusuf Yaz\u0131c\u0131 i\u00e7in Fransa&#8217;dan ortaya \u00f6nemli bir iddia at\u0131ld\u0131.<\/p>\n<p><strong>A\u011eIR SAKATLIK YA\u015eADI<\/strong><\/p>\n<p>Ge\u00e7ti\u011fimiz sezonun ba\u015f\u0131nda Lille ile s\u00f6zle\u015fmesi sona eren Yusuf Yaz\u0131c\u0131, Olympiakos&#8217;a imza atm\u0131\u015ft\u0131. Transferinden sonra \u00e7apraz ba\u011f y\u0131rt\u0131\u011f\u0131 ya\u015fayan Yusuf Yaz\u0131c\u0131, uzun s\u00fcre sahalardan uzak kal\u0131rken bu sezon ile beraber sahalara geri d\u00f6nd\u00fc.<\/p>\n<p><strong>S\u00dcREDEN MEMNUN DE\u011e\u0130L<\/strong><\/p>\n<p>Frans\u0131z bas\u0131n\u0131ndan L\u2019Equipe&#8217;in haberine g\u00f6re 28 ya\u015f\u0131ndaki oyuncu ald\u0131\u011f\u0131 s\u00fcreden memnun de\u011fil. Bununla beraber milli oyuncunun \u015eampiyonlar Ligi kadrosunda da yer almamas\u0131 ayr\u0131lma iste\u011fini daha da artt\u0131rd\u0131.<\/p>\n<p>Yusuf Yaz\u0131c\u0131&#8217;n\u0131n iste\u011fi bu k\u0131\u015f tak\u0131mdan ayr\u0131lmak.<\/p>\n<p>Bu sezon 15 ma\u00e7ta forma giyen y\u0131ld\u0131z oyuncu 5 gol att\u0131 6 asist yapt\u0131.<\/p>\n\n<p><\/p>\n<p>Kaynak :\u00a0<span style=\"background-color: rgb(255, 249, 236); color: rgb(55, 58, 60); font-size: 14px;\">http:\/\/www.milliyet.com.tr\/skorer\/yusuf-yazicidan-yeni-karar-yunanistanda-kritik-gelisme-7514356<\/span><\/p>\n","protected":false},"excerpt":{"rendered":"<p>Futbol kariyerine Yunanistan&#8217;\u0131n Olympiakos tak\u0131m\u0131nda devam eden Yusuf Yaz\u0131c\u0131 i\u00e7in yeni bir geli\u015fme ya\u015fand\u0131.<\/p>\n","protected":false},"author":1,"featured_media":162049,"comment_status":"open","ping_status":"open","sticky":false,"template":"","format":"standard","meta":{"footnotes":""},"categories":[7],"tags":[],"class_list":["post-162048","post","type-post","status-publish","format-standard","has-post-thumbnail","hentry","category-spor"],"_links":{"self":[{"href":"https:\/\/kamucalisani.net\/index.php\/wp-json\/wp\/v2\/posts\/162048","targetHints":{"allow":["GET"]}}],"collection":[{"href":"https:\/\/kamucalisani.net\/index.php\/wp-json\/wp\/v2\/posts"}],"about":[{"href":"https:\/\/kamucalisani.net\/index.php\/wp-json\/wp\/v2\/types\/post"}],"author":[{"embeddable":true,"href":"https:\/\/kamucalisani.net\/index.php\/wp-json\/wp\/v2\/users\/1"}],"replies":[{"embeddable":true,"href":"https:\/\/kamucalisani.net\/index.php\/wp-json\/wp\/v2\/comments?post=162048"}],"version-history":[{"count":1,"href":"https:\/\/kamucalisani.net\/index.php\/wp-json\/wp\/v2\/posts\/162048\/revisions"}],"predecessor-version":[{"id":162050,"href":"https:\/\/kamucalisani.net\/index.php\/wp-json\/wp\/v2\/posts\/162048\/revisions\/162050"}],"wp:featuredmedia":[{"embeddable":true,"href":"https:\/\/kamucalisani.net\/index.php\/wp-json\/wp\/v2\/media\/162049"}],"wp:attachment":[{"href":"https:\/\/kamucalisani.net\/index.php\/wp-json\/wp\/v2\/media?parent=162048"}],"wp:term":[{"taxonomy":"category","embeddable":true,"href":"https:\/\/kamucalisani.net\/index.php\/wp-json\/wp\/v2\/categories?post=162048"},{"taxonomy":"post_tag","embeddable":true,"href":"https:\/\/kamucalisani.net\/index.php\/wp-json\/wp\/v2\/tags?post=162048"}],"curies":[{"name":"wp","href":"https:\/\/api.w.org\/{rel}","templated":true}]}}