{"id":163023,"date":"2026-01-04T07:36:12","date_gmt":"2026-01-04T07:36:12","guid":{"rendered":"https:\/\/kamucalisani.net\/?p=163023"},"modified":"2026-01-04T07:36:12","modified_gmt":"2026-01-04T07:36:12","slug":"yol-ortasinda-maganda-kabusu-senin-agzini-burnunu-kiracagim-sirketin-sahibi-benim","status":"publish","type":"post","link":"https:\/\/kamucalisani.net\/index.php\/2026\/01\/04\/yol-ortasinda-maganda-kabusu-senin-agzini-burnunu-kiracagim-sirketin-sahibi-benim\/","title":{"rendered":"Yol ortas\u0131nda maganda kabusu! &#8216;Senin a\u011fz\u0131n\u0131 burnunu k\u0131raca\u011f\u0131m, \u015firketin sahibi benim&#8217;"},"content":{"rendered":"<p><p>Olay, 31 Aral\u0131k \u00c7ar\u015famba g\u00fcn\u00fc saat 08.15 s\u0131ralar\u0131nda Yunus Emre Mahallesi\u2019nde meydana geldi. Edinilen bilgiye g\u00f6re hafif ticari arac\u0131yla yolda seyir halinde olan Ahmet K\u00f6ro\u011flu ile 45 ACP 108 plakal\u0131 kamyonetin s\u00fcr\u00fcc\u00fcs\u00fc aras\u0131nda yol verme tart\u0131\u015fmas\u0131 \u00e7\u0131kt\u0131. Kamyonet s\u00fcr\u00fcc\u00fcs\u00fc bir s\u00fcre arac\u0131yla direksiyonu K\u00f6ro\u011flu\u2019nun arac\u0131n\u0131n \u00f6n\u00fcne k\u0131rd\u0131. Ard\u0131ndan da otomobilin \u00f6n\u00fcn\u00fc kesen s\u00fcr\u00fcc\u00fc ara\u00e7tan inerek K\u00f6ro\u011flu\u2019nun yan\u0131na geldi.<\/p>\n<p><strong>&#8216;SEN\u0130N A\u011eZINI BURNUNU KIRACA\u011eIM&#8217;<\/strong><\/p>\n<p>K\u00f6ro\u011flu\u2019na el hareketi yaparak k\u00fcf\u00fcr ve hakaret eden s\u00fcr\u00fcc\u00fc, &#8216;Senin a\u011fz\u0131n\u0131 burnunu k\u0131raca\u011f\u0131m&#8217; diyerek s\u00fcr\u00fcc\u00fcy\u00fc tehdit etti. K\u00f6ro\u011flu\u2019nun kendisini firmas\u0131na \u015fikayet edece\u011fini s\u00f6ylemesi \u00fczerine s\u00fcr\u00fcc\u00fc, &#8216;\u015eirketin sahibi benim, sen \u015fikayet et ben seni bak \u015fimdi ne yap\u0131yorum&#8217; s\u00f6zleriyle kar\u015f\u0131l\u0131k verdi. Tart\u0131\u015fman\u0131n ard\u0131ndan arac\u0131na binen s\u00fcr\u00fcc\u00fc olay yerinden uzakla\u015ft\u0131. Ya\u015fananlar ise cep telefonu kameras\u0131na yans\u0131d\u0131.<\/p>\n<p><strong>&#8216;BEN\u0130M \u00d6N\u00dcME KIRDI&#8217;<\/strong><\/p>\n<p>Olayla ilgili konu\u015fan Ahmet K\u00f6ro\u011flu, &#8220;O g\u00fcn daha Alibeyk\u00f6y Deresi&#8217;nde \u0130BB Lojistik&#8217;in oradaki \u0131\u015f\u0131klarda, Yunus Emre Mahallesi taraf\u0131na gelmeden \u0131\u015f\u0131klar\u0131n orada, o kamyonet benim orada \u00f6nce \u00f6n\u00fcme k\u0131rd\u0131; \u0131\u015f\u0131klar\u0131n orada, \u00f6ndeki arac\u0131 sollamak i\u00e7in. Ben son anda durdum, yol verdim. Yerler zaten \u0131slak. Karlar da ya\u011fmaya ba\u015flam\u0131\u015ft\u0131 zaten o g\u00fcn. Ben o g\u00fcn orada kendisine yol verdim. Daha sonra ilerledi\u011fimizde, AVM&#8217;nin oradaki \u0131\u015f\u0131klara yakla\u015ft\u0131\u011f\u0131m\u0131zda bu \u015fah\u0131s bir sefer kendini sola att\u0131. Ben yine sa\u011f \u015feritte devam ediyorum. Bu sefer kendi \u00f6n\u00fcndeki arac\u0131 sollamak i\u00e7in bir daha benim \u00f6n\u00fcme k\u0131rar gibi yapt\u0131. Ben bu sefer duramad\u0131m, \u00e7\u00fcnk\u00fc yan\u0131mdaki arac\u0131n ben neredeyse zaten kasas\u0131n\u0131n yar\u0131s\u0131na gelmi\u015ftim, benim durup o adama yol vermem imkans\u0131z. Ani fren yapmam laz\u0131m, ara\u00e7 da hafif ticari ara\u00e7. Hafif ticari ara\u00e7 da zaten ya\u011fmurlu havalarda kay\u0131yor. Bunu herkes biliyordur yani. Fren yapt\u0131\u011f\u0131n\u0131zda arabay\u0131 tutam\u0131yorsunuz. Bir de \u015firket arabas\u0131 oldu\u011fu i\u00e7in benim alt\u0131mdaki ara\u00e7 da ben de \u00f6yle bir tehlikeye girmedim. Yoluma devam ettim&#8221; dedi.<\/p>\n<div>\n<div><img decoding=\"async\" src=\"https:\/\/kamucalisani.net\/wp-content\/uploads\/2026\/01\/yol-ortasinda-maganda-kabusu-senin-agzini-burnunu-kiracagim-sirketin-sahibi-benim-0-V961Qmzs.jpg\"\/><\/img><\/div>\n<\/div>\n<p><strong>&#8216;ARABADAN \u0130N\u0130P K\u00dcF\u00dcR VE HAKARET ETT\u0130&#8217;<\/strong><\/p>\n<p>K\u00f6ro\u011flu, &#8220;Sonras\u0131nda yan yana geldi\u011fimizde ben arkada\u015fa d\u00f6nd\u00fcm &#8216;Sen ne yap\u0131yorsun&#8217; dedim, kendi kendime, yoluma devam ettim. Sonras\u0131nda benim yan\u0131ma geldi. Ben yan\u0131mdan g\u00f6r\u00fcyorum. Benim \u00fczerime do\u011fru direksiyonu k\u0131rd\u0131, kornaya bast\u0131, el kol hareketi sallad\u0131. Ben de bu sefer tedbir ama\u00e7l\u0131, \u00e7\u00fcnk\u00fc benim de kap\u0131mda \u015firket arabas\u0131n\u0131n oldu\u011fu i\u00e7in yan\u0131mda logo var. Ben de \u015fikayet etmesinler diye kendimi garanti almak i\u00e7in video kayd\u0131na ba\u015flad\u0131m. Bu sefer kendisi benim \u00f6n\u00fcme ge\u00e7ip \u0131\u015f\u0131klarda ani fren yapt\u0131. Ben zor durdum yine. Sonra arabadan inip k\u00fcf\u00fcrler, hakaretler etmeye ba\u015flad\u0131. \u00d6ncesinde adam\u0131n b\u00f6yle bir hareketler sergilece\u011fini bilmedi\u011fim i\u00e7in kaza edebilece\u011fim durumlarda video kayd\u0131n\u0131 almad\u0131m. \u00c7\u00fcnk\u00fc araba kullan\u0131yorum. Ke\u015fke ara\u00e7 kamera kayd\u0131m olsayd\u0131, o anlar\u0131 da g\u00f6sterebilseydim. Adam\u0131n daha sonraki yapt\u0131\u011f\u0131 hareketlerden bir \u015fey yapaca\u011f\u0131n\u0131 anlad\u0131\u011f\u0131m i\u00e7in, beni tahrik edici ve bana k\u00fcf\u00fcr ve hakaret edici hareketlerden anlad\u0131\u011f\u0131m i\u00e7in video kayd\u0131n\u0131 almaya ba\u015flad\u0131m&#8221; diye konu\u015ftu.<\/p>\n\n<p><\/p>\n<p>Kaynak :\u00a0<span style=\"background-color: rgb(255, 249, 236); color: rgb(55, 58, 60); font-size: 14px;\">http:\/\/www.milliyet.com.tr\/gundem\/yol-ortasinda-maganda-kabusu-senin-agzini-burnunu-kiracagim-sirketin-sahibi-benim-7515100<\/span><\/p>\n","protected":false},"excerpt":{"rendered":"<p>Sultangazi\u2019de iki s\u00fcr\u00fcc\u00fc aras\u0131nda trafikte yol verme nedeniyle tart\u0131\u015fma ya\u015fand\u0131. Tart\u0131\u015fma s\u0131ras\u0131nda kamyonet s\u00fcr\u00fcc\u00fcs\u00fc, hafif ticari ara\u00e7 s\u00fcr\u00fcc\u00fcs\u00fc Ahmet K\u00f6ro\u011flu\u2019nun \u00f6n\u00fcn\u00fc kesti. Arac\u0131ndan inen s\u00fcr\u00fcc\u00fc, K\u00f6ro\u011flu\u2019na k\u00fcf\u00fcr ve hakaret ederek el hareketi yapt\u0131. S\u00fcr\u00fcc\u00fc ard\u0131ndan K\u00f6ro\u011flu\u2019nu \u2018a\u011fz\u0131n\u0131 burnunu k\u0131raca\u011f\u0131m\u2019 diyerek tehdit etti.<\/p>\n","protected":false},"author":1,"featured_media":163024,"comment_status":"open","ping_status":"open","sticky":false,"template":"","format":"standard","meta":{"footnotes":""},"categories":[3],"tags":[7055,4242,190,65,1587],"class_list":["post-163023","post","type-post","status-publish","format-standard","has-post-thumbnail","hentry","category-guncel","tag-araba","tag-koroglu","tag-surucu","tag-yan","tag-yol"],"_links":{"self":[{"href":"https:\/\/kamucalisani.net\/index.php\/wp-json\/wp\/v2\/posts\/163023","targetHints":{"allow":["GET"]}}],"collection":[{"href":"https:\/\/kamucalisani.net\/index.php\/wp-json\/wp\/v2\/posts"}],"about":[{"href":"https:\/\/kamucalisani.net\/index.php\/wp-json\/wp\/v2\/types\/post"}],"author":[{"embeddable":true,"href":"https:\/\/kamucalisani.net\/index.php\/wp-json\/wp\/v2\/users\/1"}],"replies":[{"embeddable":true,"href":"https:\/\/kamucalisani.net\/index.php\/wp-json\/wp\/v2\/comments?post=163023"}],"version-history":[{"count":1,"href":"https:\/\/kamucalisani.net\/index.php\/wp-json\/wp\/v2\/posts\/163023\/revisions"}],"predecessor-version":[{"id":163026,"href":"https:\/\/kamucalisani.net\/index.php\/wp-json\/wp\/v2\/posts\/163023\/revisions\/163026"}],"wp:featuredmedia":[{"embeddable":true,"href":"https:\/\/kamucalisani.net\/index.php\/wp-json\/wp\/v2\/media\/163024"}],"wp:attachment":[{"href":"https:\/\/kamucalisani.net\/index.php\/wp-json\/wp\/v2\/media?parent=163023"}],"wp:term":[{"taxonomy":"category","embeddable":true,"href":"https:\/\/kamucalisani.net\/index.php\/wp-json\/wp\/v2\/categories?post=163023"},{"taxonomy":"post_tag","embeddable":true,"href":"https:\/\/kamucalisani.net\/index.php\/wp-json\/wp\/v2\/tags?post=163023"}],"curies":[{"name":"wp","href":"https:\/\/api.w.org\/{rel}","templated":true}]}}