{"id":163050,"date":"2026-01-04T08:12:11","date_gmt":"2026-01-04T08:12:11","guid":{"rendered":"https:\/\/kamucalisani.net\/?p=163050"},"modified":"2026-01-04T08:12:11","modified_gmt":"2026-01-04T08:12:11","slug":"turkiye-sarikamis-sehitlerini-aniyor-dedelerimizin-sehit-oldugu-yerdeyiz","status":"publish","type":"post","link":"https:\/\/kamucalisani.net\/index.php\/2026\/01\/04\/turkiye-sarikamis-sehitlerini-aniyor-dedelerimizin-sehit-oldugu-yerdeyiz\/","title":{"rendered":"T\u00fcrkiye, Sar\u0131kam\u0131\u015f \u015fehitlerini an\u0131yor: &#8216;Dedelerimizin \u015fehit oldu\u011fu yerdeyiz&#8217;"},"content":{"rendered":"<p><p>Bir\u00e7ok ilden ve yurt d\u0131\u015f\u0131ndan gen\u00e7, ya\u015fl\u0131 \u00e7ok say\u0131da ki\u015fi, sabah\u0131n erken saatlerinde &#8220;T\u00fcrkiye \u015eehitleriyle Y\u00fcr\u00fcyor&#8221; ve &#8220;Bu toprakta izin var&#8221; temas\u0131yla ger\u00e7ekle\u015ftirilen anma etkinli\u011fine kat\u0131lmak \u00fczere So\u011fanl\u0131 ile Allahuekber Da\u011flar\u0131 aras\u0131ndaki K\u0131z\u0131l\u00e7ubuk Zirvesi&#8217;nde bulu\u015ftu.<\/p>\n<p>Kent merkeziyle Sar\u0131kam\u0131\u015f il\u00e7esinden otob\u00fcslerle zirveye ula\u015fan kat\u0131l\u0131mc\u0131lar, T\u00fcrk bayraklar\u0131yla y\u00fcr\u00fcyerek toplanma alan\u0131na geldi. Vatanda\u015flar, K\u0131z\u0131l\u00e7ubuk b\u00f6lgesinde \u015fehitler an\u0131s\u0131na yap\u0131lan kardan heykellerin \u00f6n\u00fcnde foto\u011fraf \u00e7ektirdi.<\/p>\n<p>Enver Pa\u015fa komutas\u0131ndaki Osmanl\u0131 ordusunun, Birinci D\u00fcnya Sava\u015f\u0131&#8217;nda Rus i\u015fgali alt\u0131ndaki topraklar\u0131 kurtarmak i\u00e7in ba\u015flatt\u0131\u011f\u0131 Sar\u0131kam\u0131\u015f Harekat\u0131&#8217;n\u0131n 111. y\u0131l\u0131 anma etkinlikleri kapsam\u0131nda d\u00fczenlenen \u015fehitleri anma program\u0131na hava s\u0131cakl\u0131\u011f\u0131n\u0131n s\u0131f\u0131r\u0131n alt\u0131nda 17 dereceye inmesine ra\u011fmen \u00e7ok say\u0131da ki\u015fi kat\u0131ld\u0131.<\/p>\n<div>\n<div><img decoding=\"async\" src=\"https:\/\/kamucalisani.net\/wp-content\/uploads\/2026\/01\/turkiye-sarikamis-sehitlerini-aniyor-dedelerimizin-sehit-oldugu-yerdeyiz-0-S25bu1Nk.jpg\"\/><\/img><\/div>\n<\/div>\n<p>Toplanma alan\u0131nda Aile ve Sosyal Hizmetler Bakan\u0131 Mahinur \u00d6zdemir G\u00f6kta\u015f, Gen\u00e7lik ve Spor Bakan\u0131 Osman A\u015fk\u0131n Bak, Kars Valisi Ziya Polat, AK Parti Kars Milletvekili Adem \u00c7alk\u0131n, Sar\u0131kam\u0131\u015f Kaymakam\u0131 Enis Aslantatar, eski Ula\u015ft\u0131rma, Denizcilik ve Haberle\u015fme Bakan\u0131 Ahmet Arslan ile \u00e7ok say\u0131da siyaset\u00e7i ve b\u00fcrokrat bir araya geldi.<\/p>\n<p>G\u00fczergahlarda jandarma ve polis ekipleri yo\u011fun g\u00fcvenlik \u00f6nlemi ald\u0131.<\/p>\n<p>Bu arada toplanma alan\u0131nda \u00e7ad\u0131r kuran K\u0131z\u0131lay ekipleri, kat\u0131l\u0131mc\u0131lara \u00e7ay ve \u00e7orba ikram\u0131nda bulunuyor.<\/p>\n<p>Her y\u0131l k\u0131sa kol ti\u015f\u00f6rt\u00fc ile dev T\u00fcrk bayra\u011f\u0131 ta\u015f\u0131yarak t\u00f6renlere kat\u0131lan Rizeli Ramazan \u00c7epni, AA muhabirine, 16 y\u0131ld\u0131r Sar\u0131kam\u0131\u015f \u015fehitlerini anma t\u00f6renlerine kat\u0131ld\u0131\u011f\u0131n\u0131 ve sa\u011f olduk\u00e7a bu g\u00f6revi s\u00fcrd\u00fcrece\u011fini s\u00f6yledi.<\/p>\n<div>\n<div><img decoding=\"async\" src=\"https:\/\/kamucalisani.net\/wp-content\/uploads\/2026\/01\/turkiye-sarikamis-sehitlerini-aniyor-dedelerimizin-sehit-oldugu-yerdeyiz-1-LMaKpFL2.jpg\"\/><\/img><\/div>\n<\/div>\n<p><strong>&#8220;DEDELER\u0130M\u0130Z\u0130N \u015eEH\u0130T OLDU\u011eU YERDEY\u0130Z&#8221;<\/strong><\/p>\n<p>\u00c7epni, &#8220;Dedelerimizin \u015fehit oldu\u011fu yerdeyiz. \u00c7ok farkl\u0131 duygularday\u0131z. \u015eu an g\u00fcne\u015f var onlar tipi alt\u0131nda \u015fehit oldular. Her zaman o duygularla geliyorum.&#8221; diye konu\u015ftu.<\/p>\n<p>Vatanda\u015flardan Osman K\u00f6seo\u011flu da harekata 100 ki\u015filik \u00fcniversite ekibiyle kat\u0131ld\u0131klar\u0131n\u0131 belirterek, &#8220;\u0130ki dedesini burada \u015fehit vermi\u015f ve eski bir komando olarak yakla\u015f\u0131k 15 y\u0131ld\u0131r bu etkinliklere gelmekteyim. Burada \u015fehit olanlar geri d\u00f6nmeyi d\u00fc\u015f\u00fcnmediler. Vatan\u0131m\u0131z i\u00e7in birlik berbaberli\u011fimizi muhafaza ederek B\u00fcy\u00fck T\u00fcrkiye i\u00e7in \u00e7al\u0131\u015fmal\u0131y\u0131z.&#8221; ifadelerini kulland\u0131.<\/p>\n<p><strong>B\u0130NLERCE VATANDA\u015e DUALARIN ARDINDAN Y\u00dcR\u00dcY\u00dc\u015eE GE\u00c7T\u0130<\/strong><\/p>\n<p>Ellerinde T\u00fcrk bayraklar\u0131 bulunan binlerce ki\u015fi, burada Kur&#8217;an-\u0131 Kerim okuyup tekbir ve salavatlar getirerek \u015fehitler i\u00e7in dua ettikten sonra so\u011fuk havada Ay-Y\u0131ld\u0131zl\u0131 T\u00f6ren Alan\u0131&#8217;na do\u011fru y\u00fcr\u00fcy\u00fc\u015fe ge\u00e7ti.<\/p>\n<p>Kat\u0131l\u0131mc\u0131lar, jandarman\u0131n geni\u015f g\u00fcvenlik \u00f6nlemi ald\u0131\u011f\u0131 4,5 kilometrelik g\u00fczergahtaki y\u00fcr\u00fcy\u00fc\u015f\u00fcn ard\u0131ndan ula\u015facaklar\u0131 \u015fehitlikte, Kur&#8217;an-\u0131 Kerim tilaveti sonras\u0131 \u015fehitler i\u00e7in dua edecek.<\/p>\n\n<p><\/p>\n<p>Kaynak :\u00a0<span style=\"background-color: rgb(255, 249, 236); color: rgb(55, 58, 60); font-size: 14px;\">http:\/\/www.milliyet.com.tr\/gundem\/turkiye-sarikamis-sehitlerini-aniyor-dedelerimizin-sehit-oldugu-yerdeyiz-7515112<\/span><\/p>\n","protected":false},"excerpt":{"rendered":"<p>Kars&#8217;\u0131n Sar\u0131kam\u0131\u015f il\u00e7esinde Sar\u0131kam\u0131\u015f Harekat\u0131&#8217;n\u0131n 111. y\u0131l\u0131 anma etkinlikleri kapsam\u0131nda toplanan vatanda\u015flar, y\u00fcr\u00fcy\u00fc\u015fe ba\u015flad\u0131. S\u00f6z konusu etkinli\u011fe Aile ve Sosyal Hizmetler Bakan\u0131 Mahinur \u00d6zdemir G\u00f6kta\u015f ile Gen\u00e7lik ve Spor Bakan\u0131 Osman A\u015fk\u0131n Bak da kat\u0131ld\u0131.<\/p>\n","protected":false},"author":1,"featured_media":163051,"comment_status":"open","ping_status":"open","sticky":false,"template":"","format":"standard","meta":{"footnotes":""},"categories":[3],"tags":[2130,6790,221],"class_list":["post-163050","post","type-post","status-publish","format-standard","has-post-thumbnail","hentry","category-guncel","tag-sehit","tag-sehitler","tag-turk"],"_links":{"self":[{"href":"https:\/\/kamucalisani.net\/index.php\/wp-json\/wp\/v2\/posts\/163050","targetHints":{"allow":["GET"]}}],"collection":[{"href":"https:\/\/kamucalisani.net\/index.php\/wp-json\/wp\/v2\/posts"}],"about":[{"href":"https:\/\/kamucalisani.net\/index.php\/wp-json\/wp\/v2\/types\/post"}],"author":[{"embeddable":true,"href":"https:\/\/kamucalisani.net\/index.php\/wp-json\/wp\/v2\/users\/1"}],"replies":[{"embeddable":true,"href":"https:\/\/kamucalisani.net\/index.php\/wp-json\/wp\/v2\/comments?post=163050"}],"version-history":[{"count":1,"href":"https:\/\/kamucalisani.net\/index.php\/wp-json\/wp\/v2\/posts\/163050\/revisions"}],"predecessor-version":[{"id":163054,"href":"https:\/\/kamucalisani.net\/index.php\/wp-json\/wp\/v2\/posts\/163050\/revisions\/163054"}],"wp:featuredmedia":[{"embeddable":true,"href":"https:\/\/kamucalisani.net\/index.php\/wp-json\/wp\/v2\/media\/163051"}],"wp:attachment":[{"href":"https:\/\/kamucalisani.net\/index.php\/wp-json\/wp\/v2\/media?parent=163050"}],"wp:term":[{"taxonomy":"category","embeddable":true,"href":"https:\/\/kamucalisani.net\/index.php\/wp-json\/wp\/v2\/categories?post=163050"},{"taxonomy":"post_tag","embeddable":true,"href":"https:\/\/kamucalisani.net\/index.php\/wp-json\/wp\/v2\/tags?post=163050"}],"curies":[{"name":"wp","href":"https:\/\/api.w.org\/{rel}","templated":true}]}}