{"id":163159,"date":"2026-01-04T11:24:10","date_gmt":"2026-01-04T11:24:10","guid":{"rendered":"https:\/\/kamucalisani.net\/?p=163159"},"modified":"2026-01-04T11:24:10","modified_gmt":"2026-01-04T11:24:10","slug":"tuyler-urperten-cinayet-kapi-acik-kalinca-ortaya-cikti-anne-ve-7-yasindaki-kizi-bogazi-kesilmis-halde-evde-bulundu","status":"publish","type":"post","link":"https:\/\/kamucalisani.net\/index.php\/2026\/01\/04\/tuyler-urperten-cinayet-kapi-acik-kalinca-ortaya-cikti-anne-ve-7-yasindaki-kizi-bogazi-kesilmis-halde-evde-bulundu\/","title":{"rendered":"T\u00fcyler \u00fcrperten cinayet kap\u0131 a\u00e7\u0131k kal\u0131nca ortaya \u00e7\u0131kt\u0131! Anne ve 7 ya\u015f\u0131ndaki k\u0131z\u0131 bo\u011faz\u0131 kesilmi\u015f halde evde bulundu"},"content":{"rendered":"<p><p>Olay, Serik il\u00e7esi Orta Mahalle&#8217;de bulunan 2 katl\u0131 evin 1. kat\u0131nda meydana geldi. \u0130ddiaya g\u00f6re, bir otelde g\u00fcvenlik g\u00f6revlisi olarak \u00e7al\u0131\u015fan Z\u00fcbeyir Canatan ile e\u015fi Song\u00fcl Canatan (41) aras\u0131nda ak\u015fam saatlerinde bilinmeyen nedenle tart\u0131\u015fma \u00e7\u0131kt\u0131. Ya\u015fanan tart\u0131\u015fma k\u0131sa s\u00fcrede kavgaya d\u00f6n\u00fc\u015f\u00fcrken, cinnet ge\u00e7iren \u00f6fkeli koca, \u00f6nce e\u015fini daha sonra da 7 ya\u015f\u0131ndaki k\u0131z\u0131 Sena Canatan&#8217;\u0131n b\u0131\u00e7akla bo\u011faz\u0131n\u0131 kesti.\u00a0<\/p>\n<p>Olay sonras\u0131 sabah saatlerinde kom\u015fular\u0131, evin kap\u0131s\u0131n\u0131n a\u00e7\u0131k oldu\u011funu fark edince durumu 112 sa\u011fl\u0131k ve polis ekiplerine haber verdi.<\/p>\n<p><strong>OLAY SONRASI ANKARA&#8217;YA G\u0130TM\u0130\u015e<\/strong><\/p>\n<p>Olay yerine gelen ekipler anne ve k\u0131z\u0131n hayat\u0131n\u0131 kaybetti\u011fini belirledi. Savc\u0131l\u0131k incelemesinin ard\u0131ndan anne Songul Canatan ve ilkokul 1. s\u0131n\u0131fa gitti\u011fi \u00f6\u011frenilen k\u0131z\u0131 Sena Canatan&#8217;\u0131n cans\u0131z bedeni otopsi i\u015flemleri i\u00e7in Antalya Adli T\u0131p Kurumu morguna g\u00f6nderildi. Cinayet zanl\u0131s\u0131 baba Z\u00fcbeyir Canatan&#8217;\u0131n ise olay sonras\u0131 \u015fehirleraras\u0131 otob\u00fcsle memleketi Ankara&#8217;ya gitti\u011fi ve karakola giderek teslim oldu\u011fu \u00f6\u011frenildi. Olayla ilgili inceleme devam ediyor.<\/p>\n<div>\n<div><img decoding=\"async\" src=\"https:\/\/kamucalisani.net\/wp-content\/uploads\/2026\/01\/tuyler-urperten-cinayet-kapi-acik-kalinca-ortaya-cikti-anne-ve-7-yasindaki-kizi-bogazi-Nq7MYFh8.jpg\"\/><\/img><\/div>\n<\/div>\n<p><strong>&#8220;NE G\u00dcR\u00dcLT\u00dc NE DE \u00c7I\u011eLIK DULDUK&#8221;<\/strong><\/p>\n<p>Ev sahibi \u015eaban B\u00fcl\u00fc\u00e7 2 y\u0131ld\u0131r ailenin kendi evinde ikamet etti\u011fini ve kavga ettiklerini dahi duymad\u0131klar\u0131n\u0131 belirterek, &#8220;2 y\u0131ld\u0131r buradalar, kavgalar\u0131 g\u00fcr\u00fclt\u00fcleri olmazd\u0131. Birbirlerine en ufak bir k\u00f6t\u00fc s\u00f6z dahi s\u00f6ylediklerini duymad\u0131m. Sesi solu\u011fu \u00e7\u0131kmazd\u0131. Hatta ge\u00e7en g\u00fcn kendisi gelip \u2018\u015eu kiray\u0131 belirleyelim, y\u0131l\u0131 doldu&#8217; dedi. D\u00fcn kavga g\u00fcr\u00fclt\u00fclerini de duymad\u0131k. Ben bal\u0131ktayd\u0131m, b\u0131rak \u00e7abuk gel dediler. Geldi\u011fimde polis ve ambulans buradayd\u0131. Ne zaman oldu bilemiyoruz. Biz ne g\u00fcr\u00fclt\u00fc duyduk ne \u00e7\u0131\u011fl\u0131k duyduk, hi\u00e7bir \u015fey duymad\u0131k. Ne yapt\u0131 uykuda m\u0131 yapt\u0131, nas\u0131l yapt\u0131\u011f\u0131 da belli de\u011fil&#8221;<\/p>\n\n<p><\/p>\n<p>Kaynak :\u00a0<span style=\"background-color: rgb(255, 249, 236); color: rgb(55, 58, 60); font-size: 14px;\">http:\/\/www.milliyet.com.tr\/gundem\/tuyler-urperten-cinayet-kapi-acik-kalinca-ortaya-cikti-anne-ve-7-yasindaki-kizi-bogazi-kesilmis-halde-evde-bulundu-7515204<\/span><\/p>\n","protected":false},"excerpt":{"rendered":"<p>Antalya&#8217;n\u0131n Serik il\u00e7esinde kom\u015fular\u0131n ihbar\u0131 \u00fczerine harekete ge\u00e7en polis ve sa\u011fl\u0131k ekipleri evde anne ve 7 ya\u015f\u0131ndaki k\u0131z\u0131n\u0131 b\u0131\u00e7akla \u00f6ld\u00fcr\u00fclm\u00fc\u015f halde buldu. Olay sonras\u0131 g\u00fcvenlik g\u00f6revlisi olan \u015f\u00fcpheli baba Ankara&#8217;da polise teslim oldu.<\/p>\n","protected":false},"author":1,"featured_media":163160,"comment_status":"open","ping_status":"open","sticky":false,"template":"","format":"standard","meta":{"footnotes":""},"categories":[3],"tags":[1707,377],"class_list":["post-163159","post","type-post","status-publish","format-standard","has-post-thumbnail","hentry","category-guncel","tag-gel","tag-olay"],"_links":{"self":[{"href":"https:\/\/kamucalisani.net\/index.php\/wp-json\/wp\/v2\/posts\/163159","targetHints":{"allow":["GET"]}}],"collection":[{"href":"https:\/\/kamucalisani.net\/index.php\/wp-json\/wp\/v2\/posts"}],"about":[{"href":"https:\/\/kamucalisani.net\/index.php\/wp-json\/wp\/v2\/types\/post"}],"author":[{"embeddable":true,"href":"https:\/\/kamucalisani.net\/index.php\/wp-json\/wp\/v2\/users\/1"}],"replies":[{"embeddable":true,"href":"https:\/\/kamucalisani.net\/index.php\/wp-json\/wp\/v2\/comments?post=163159"}],"version-history":[{"count":1,"href":"https:\/\/kamucalisani.net\/index.php\/wp-json\/wp\/v2\/posts\/163159\/revisions"}],"predecessor-version":[{"id":163162,"href":"https:\/\/kamucalisani.net\/index.php\/wp-json\/wp\/v2\/posts\/163159\/revisions\/163162"}],"wp:featuredmedia":[{"embeddable":true,"href":"https:\/\/kamucalisani.net\/index.php\/wp-json\/wp\/v2\/media\/163160"}],"wp:attachment":[{"href":"https:\/\/kamucalisani.net\/index.php\/wp-json\/wp\/v2\/media?parent=163159"}],"wp:term":[{"taxonomy":"category","embeddable":true,"href":"https:\/\/kamucalisani.net\/index.php\/wp-json\/wp\/v2\/categories?post=163159"},{"taxonomy":"post_tag","embeddable":true,"href":"https:\/\/kamucalisani.net\/index.php\/wp-json\/wp\/v2\/tags?post=163159"}],"curies":[{"name":"wp","href":"https:\/\/api.w.org\/{rel}","templated":true}]}}