{"id":163176,"date":"2026-01-04T12:06:11","date_gmt":"2026-01-04T12:06:11","guid":{"rendered":"https:\/\/kamucalisani.net\/?p=163176"},"modified":"2026-01-04T12:06:11","modified_gmt":"2026-01-04T12:06:11","slug":"balikesirde-esrarengiz-kaybolus-elif-kumaldan-8-gundur-iz-yok","status":"publish","type":"post","link":"https:\/\/kamucalisani.net\/index.php\/2026\/01\/04\/balikesirde-esrarengiz-kaybolus-elif-kumaldan-8-gundur-iz-yok\/","title":{"rendered":"Bal\u0131kesir&#8217;de esrarengiz kaybolu\u015f! Elif Kumal&#8217;dan 8 g\u00fcnd\u00fcr iz yok"},"content":{"rendered":"<p><p>Elif Kumal, erkek arkada\u015f\u0131 Enis G. ve yanlar\u0131ndaki bir arkada\u015flar\u0131yla 27 Aral\u0131k\u2019ta, Kap\u0131da\u011f Yar\u0131madas\u0131\u2019ndaki Yukar\u0131yap\u0131c\u0131 G\u00f6leti k\u0131y\u0131s\u0131na kamp yapmaya gitti. 28 Aral\u0131k saat 12.09\u2019da 112 Acil \u00c7a\u011fr\u0131 Merkezi\u2019ni arayan Enis G., k\u0131z arkada\u015f\u0131 Elif Kumal ile aralar\u0131nda tart\u0131\u015fma \u00e7\u0131kt\u0131\u011f\u0131n\u0131, tart\u0131\u015fman\u0131n ard\u0131ndan Kumal\u2019\u0131n 16 ATB 289 plakal\u0131 arac\u0131yla gece saatlerinde kamp alan\u0131ndan ayr\u0131ld\u0131\u011f\u0131n\u0131 ve haber alamad\u0131\u011f\u0131n\u0131 s\u00f6yledi. \u0130hbar \u00fczerine b\u00f6lgeye ekipler sevk edildi.<\/p>\n<p>G\u00fcvenlik kameralar\u0131n\u0131 inceleyen ekipler, Kumal\u2019\u0131n arac\u0131n\u0131n Erdek veya Band\u0131rma y\u00f6n\u00fcne gitti\u011fini g\u00f6steren herhangi bir g\u00f6r\u00fcnt\u00fcye ula\u015famad\u0131. Jandarma ekipleri, geni\u015f \u00e7apl\u0131 arama \u00e7al\u0131\u015fmas\u0131 ba\u015flatt\u0131. \u00c7anakkale, \u0130zmir, Manisa, Afyonkarahisar ve Bursa\u2019dan AFAD ekipleri ile jandarma komando timleri, Bursa ve \u00e7evre illerden de sivil toplum kurulu\u015flar\u0131na ba\u011fl\u0131 arama-kurtarma ekipleri de b\u00f6lgeye takviye olarak sevk edildi. Jandarman\u0131n iz takip k\u00f6pekleri de \u00e7al\u0131\u015fmalara destek veriyor. Elif Kumal\u2019\u0131n erkek arkada\u015f\u0131 Enis G. ve yanlar\u0131nda bulunan Yavuz isimli arkada\u015flar\u0131 ise g\u00f6zalt\u0131 s\u00fcresinin dolmas\u0131n\u0131n ard\u0131ndan, gen\u00e7 kad\u0131n\u0131n kaybolmas\u0131yla ilgili bir delil olmad\u0131\u011f\u0131 i\u00e7in adli kontrolle serbest b\u0131rak\u0131ld\u0131.<\/p>\n<p><strong>\u2018A\u00c7IKLANAB\u0130L\u0130R B\u0130R \u015eEY DE\u011e\u0130L\u2019<\/strong><\/p>\n<p>D\u00fcn Bal\u0131kesir Vali Yard\u0131mc\u0131s\u0131 Mustafa \u0130lhan, Erdek Kaymakam\u0131 Hasan G\u00f6\u00e7 ve Jandarma Alay Komutan\u0131 Albay Murat \u00d6zer ile birlikte Kap\u0131da\u011f Yar\u0131madas\u0131\u2019na gelip incelemelerde bulundu. \u00c7al\u0131\u015fmalara 450 ki\u015filik ekibin kat\u0131ld\u0131\u011f\u0131n\u0131 ve 16 dron ile sahan\u0131n s\u00fcrekli tarand\u0131\u011f\u0131n\u0131 s\u00f6yleyen Kaymakam Hasan G\u00f6\u00e7, daha \u00f6nce aranan yerlerde tekrar arama \u00e7al\u0131\u015fmalar\u0131n\u0131n ba\u015flat\u0131ld\u0131\u011f\u0131n\u0131 s\u00f6yleyerek, \u201cHadi k\u0131z\u0131m\u0131za ula\u015famad\u0131k, araca nas\u0131l ula\u015fam\u0131yoruz bu \u00e7ok a\u00e7\u0131klanabilir bir \u015fey de\u011fil. \u0130l\u00e7emizden \u00e7\u0131k\u0131\u015f\u0131 yok\u201d ifadelerini kulland\u0131.<\/p>\n<div>\n<div><img decoding=\"async\" src=\"https:\/\/kamucalisani.net\/wp-content\/uploads\/2026\/01\/balikesirde-esrarengiz-kaybolus-elif-kumaldan-8-gundur-iz-yok-0-QQpDcy1W.jpg\"\/><\/img><\/div>\n<\/div>\n<p><strong>ARAMA \u00c7ALI\u015eMALARI S\u00dcR\u00dcYOR<\/strong><\/p>\n<p>Bal\u0131kesir Valili\u011fi\u2019nden konuya ili\u015fkin yap\u0131lan a\u00e7\u0131klamada, 438 personel, 100 ara\u00e7 ve 9 dron ile karada, havada ve g\u00f6lde Kumal\u2019\u0131 arama \u00e7al\u0131\u015fmalar\u0131n\u0131n 8\u2019inci g\u00fcnde de s\u00fcrd\u00fc\u011f\u00fc belirtildi. Bayraktar TB-2 \u0130nsans\u0131z Hava Arac\u0131 ve bir helikopter de \u015f\u00fcphelenilen yerleri incelmek i\u00e7in haz\u0131r olarak bekletiliyor. \u00c7al\u0131\u015fmalara ATV ve motokros\u00e7ular da kat\u0131l\u0131yor. Elif Kumal ve arac\u0131na ait hen\u00fcz herhangi bir ize rastlanmazken, ekiplerin b\u00f6lgeye yak\u0131n konumdaki evlerin g\u00fcvenlik kameralar\u0131n\u0131 da incelemeye ald\u0131\u011f\u0131 \u00f6\u011frenildi.<\/p>\n\n<p><\/p>\n<p>Kaynak :\u00a0<span style=\"background-color: rgb(255, 249, 236); color: rgb(55, 58, 60); font-size: 14px;\">http:\/\/www.milliyet.com.tr\/gundem\/balikesirde-esrarengiz-kaybolus-elif-kumaldan-8-gundur-iz-yok-7515209<\/span><\/p>\n","protected":false},"excerpt":{"rendered":"<p>Bal\u0131kesir\u2019in Erdek il\u00e7esindeki Kap\u0131da\u011f Yar\u0131madas\u0131\u2019nda, kamp yaparken erkek arkada\u015f\u0131 Enis G. (37) ile ya\u015fad\u0131\u011f\u0131 tart\u0131\u015fman\u0131n ard\u0131ndan arac\u0131yla b\u00f6lgeden ayr\u0131ld\u0131\u011f\u0131 \u00f6ne s\u00fcr\u00fclen Elif Kumal\u2019dan (34), 8 g\u00fcnd\u00fcr haber al\u0131nam\u0131yor. Ekipler b\u00f6lgeye yak\u0131n konumdaki t\u00fcm evlerin g\u00fcvenlik kameralar\u0131n\u0131 incelmeye ald\u0131.<\/p>\n","protected":false},"author":1,"featured_media":163177,"comment_status":"open","ping_status":"open","sticky":false,"template":"","format":"standard","meta":{"footnotes":""},"categories":[3],"tags":[402,322],"class_list":["post-163176","post","type-post","status-publish","format-standard","has-post-thumbnail","hentry","category-guncel","tag-arama","tag-ekipler"],"_links":{"self":[{"href":"https:\/\/kamucalisani.net\/index.php\/wp-json\/wp\/v2\/posts\/163176","targetHints":{"allow":["GET"]}}],"collection":[{"href":"https:\/\/kamucalisani.net\/index.php\/wp-json\/wp\/v2\/posts"}],"about":[{"href":"https:\/\/kamucalisani.net\/index.php\/wp-json\/wp\/v2\/types\/post"}],"author":[{"embeddable":true,"href":"https:\/\/kamucalisani.net\/index.php\/wp-json\/wp\/v2\/users\/1"}],"replies":[{"embeddable":true,"href":"https:\/\/kamucalisani.net\/index.php\/wp-json\/wp\/v2\/comments?post=163176"}],"version-history":[{"count":1,"href":"https:\/\/kamucalisani.net\/index.php\/wp-json\/wp\/v2\/posts\/163176\/revisions"}],"predecessor-version":[{"id":163179,"href":"https:\/\/kamucalisani.net\/index.php\/wp-json\/wp\/v2\/posts\/163176\/revisions\/163179"}],"wp:featuredmedia":[{"embeddable":true,"href":"https:\/\/kamucalisani.net\/index.php\/wp-json\/wp\/v2\/media\/163177"}],"wp:attachment":[{"href":"https:\/\/kamucalisani.net\/index.php\/wp-json\/wp\/v2\/media?parent=163176"}],"wp:term":[{"taxonomy":"category","embeddable":true,"href":"https:\/\/kamucalisani.net\/index.php\/wp-json\/wp\/v2\/categories?post=163176"},{"taxonomy":"post_tag","embeddable":true,"href":"https:\/\/kamucalisani.net\/index.php\/wp-json\/wp\/v2\/tags?post=163176"}],"curies":[{"name":"wp","href":"https:\/\/api.w.org\/{rel}","templated":true}]}}