{"id":163292,"date":"2026-01-04T14:54:09","date_gmt":"2026-01-04T14:54:09","guid":{"rendered":"https:\/\/kamucalisani.net\/?p=163292"},"modified":"2026-01-04T14:54:09","modified_gmt":"2026-01-04T14:54:09","slug":"galatasarayin-trabzonspor-maci-kamp-kadrosu-belli-oldu","status":"publish","type":"post","link":"https:\/\/kamucalisani.net\/index.php\/2026\/01\/04\/galatasarayin-trabzonspor-maci-kamp-kadrosu-belli-oldu\/","title":{"rendered":"Galatasaray&#8217;\u0131n Trabzonspor ma\u00e7\u0131 kamp kadrosu belli oldu"},"content":{"rendered":"<p><p>S\u00fcper Kupa yar\u0131 finalinde yar\u0131n Gaziantep&#8217;te Trabzonspor ile kar\u015f\u0131la\u015facak olan Galatasaray&#8217;da kamp kadrosu belli oldu. Cezas\u0131n\u0131 tamamlayan Eren Elmal\u0131 ve Afrika Uluslar Kupas\u0131&#8217;ndan d\u00f6nen Mario Lemina kadroda yer ald\u0131.<\/p>\n<p>Sakatl\u0131\u011f\u0131 devam eden Singo ile Afrika Uluslar Kupas\u0131&#8217;nda bulunan Osimhen ile Jakobs ile kadroda bulunmuyor. \u00d6te yandan tak\u0131mdan ayr\u0131lmas\u0131 g\u00fcndemde olan Berkan Kutlu ve Yusuf Demir de Gaziantep&#8217;e g\u00f6t\u00fcr\u00fclmedi.<\/p>\n<p>Galatasaray&#8217;\u0131n, Trabzonspor ma\u00e7\u0131 kamp kadrosunda yer alan futbolcular \u015f\u00f6yle:<\/p>\n<p>U\u011furcan \u00c7ak\u0131r, Davinson Sanchez, Roland Sallai, Gabriel Sara, Mauro Icardi, Leroy Sane, Yunus Akg\u00fcn, Batuhan \u015een, Eren Elmal\u0131, G\u00fcnay G\u00fcven\u00e7, \u0130lkay G\u00fcndo\u011fan, Ahmed Kutucu, Kaan Ayhan, G\u00f6kdeniz G\u00fcrp\u00fcz, Lucas Torreira, Abd\u00fclkerim Bardakc\u0131, Bar\u0131\u015f Alper Y\u0131lmaz, Ada Y\u00fczge\u00e7, Da\u011fhan Kahraman, Kaz\u0131mcan Karata\u015f, Arda \u00dcnyay, Mario Lemina.<\/p>\n\n<p><\/p>\n<p>Kaynak :\u00a0<span style=\"background-color: rgb(255, 249, 236); color: rgb(55, 58, 60); font-size: 14px;\">http:\/\/www.milliyet.com.tr\/skorer\/galatasarayin-trabzonspor-maci-kamp-kadrosu-belli-oldu-7515282<\/span><\/p>\n","protected":false},"excerpt":{"rendered":"<p>S\u00fcper Kupa yar\u0131 finalinde Trabzonspor ile kar\u015f\u0131la\u015facak olan Galatasaray&#8217;\u0131n kamp kadrosu belli oldu.<\/p>\n","protected":false},"author":1,"featured_media":163293,"comment_status":"open","ping_status":"open","sticky":false,"template":"","format":"standard","meta":{"footnotes":""},"categories":[7],"tags":[],"class_list":["post-163292","post","type-post","status-publish","format-standard","has-post-thumbnail","hentry","category-spor"],"_links":{"self":[{"href":"https:\/\/kamucalisani.net\/index.php\/wp-json\/wp\/v2\/posts\/163292","targetHints":{"allow":["GET"]}}],"collection":[{"href":"https:\/\/kamucalisani.net\/index.php\/wp-json\/wp\/v2\/posts"}],"about":[{"href":"https:\/\/kamucalisani.net\/index.php\/wp-json\/wp\/v2\/types\/post"}],"author":[{"embeddable":true,"href":"https:\/\/kamucalisani.net\/index.php\/wp-json\/wp\/v2\/users\/1"}],"replies":[{"embeddable":true,"href":"https:\/\/kamucalisani.net\/index.php\/wp-json\/wp\/v2\/comments?post=163292"}],"version-history":[{"count":1,"href":"https:\/\/kamucalisani.net\/index.php\/wp-json\/wp\/v2\/posts\/163292\/revisions"}],"predecessor-version":[{"id":163294,"href":"https:\/\/kamucalisani.net\/index.php\/wp-json\/wp\/v2\/posts\/163292\/revisions\/163294"}],"wp:featuredmedia":[{"embeddable":true,"href":"https:\/\/kamucalisani.net\/index.php\/wp-json\/wp\/v2\/media\/163293"}],"wp:attachment":[{"href":"https:\/\/kamucalisani.net\/index.php\/wp-json\/wp\/v2\/media?parent=163292"}],"wp:term":[{"taxonomy":"category","embeddable":true,"href":"https:\/\/kamucalisani.net\/index.php\/wp-json\/wp\/v2\/categories?post=163292"},{"taxonomy":"post_tag","embeddable":true,"href":"https:\/\/kamucalisani.net\/index.php\/wp-json\/wp\/v2\/tags?post=163292"}],"curies":[{"name":"wp","href":"https:\/\/api.w.org\/{rel}","templated":true}]}}