{"id":163330,"date":"2026-01-04T15:54:12","date_gmt":"2026-01-04T15:54:12","guid":{"rendered":"https:\/\/kamucalisani.net\/?p=163330"},"modified":"2026-01-04T15:54:12","modified_gmt":"2026-01-04T15:54:12","slug":"besiktasta-ilk-ayrilik-aciklandi-geri-donuyor","status":"publish","type":"post","link":"https:\/\/kamucalisani.net\/index.php\/2026\/01\/04\/besiktasta-ilk-ayrilik-aciklandi-geri-donuyor\/","title":{"rendered":"Be\u015fikta\u015f&#8217;ta ilk ayr\u0131l\u0131k a\u00e7\u0131kland\u0131! Geri d\u00f6n\u00fcyor"},"content":{"rendered":"<p><p>Be\u015fikta\u015f Asba\u015fkan\u0131 Murat K\u0131l\u0131\u00e7, siyah beyazl\u0131lar\u0131n transfer g\u00fcndemi hakk\u0131nda a\u00e7\u0131klamalarda bulundu.<\/p>\n<p>K\u0131\u015f kamp\u0131n\u0131n yaln\u0131zca fiziksel bir haz\u0131rl\u0131k d\u00f6nemi olmad\u0131\u011f\u0131n\u0131 vurgulayan K\u0131l\u0131\u00e7, bu s\u00fcrecin tak\u0131m i\u00e7i birlik ve motivasyon a\u00e7\u0131s\u0131ndan b\u00fcy\u00fck \u00f6nem ta\u015f\u0131d\u0131\u011f\u0131n\u0131 belirterek, &#8220;K\u0131\u015f kamp\u0131m\u0131z sadece fiziksel e\u011fitimin oldu\u011fu bir yer de\u011fil. Tak\u0131m\u0131m\u0131z\u0131n motivasyonu, birlik ve beraberli\u011fi, tak\u0131m oyununun nas\u0131l olmas\u0131 gerekti\u011fi a\u00e7\u0131s\u0131ndan \u00e7ok de\u011ferli bir ortam. Oyuncular\u0131n motivasyonu \u00e7ok y\u00fcksek, \u00e7ok g\u00fczel zaman ge\u00e7iriyoruz. Bu \u00e7al\u0131\u015fmalar\u0131n gelecekte bize ciddi katk\u0131lar\u0131 olacak&#8221; ifadelerini kulland\u0131.<\/p>\n<p><strong>&#8220;TRANSFERDE ACELE ETM\u0130YORUZ&#8221;<\/strong><\/p>\n<p>Ara transfer d\u00f6neminin zorluklar\u0131na dikkat \u00e7eken Murat K\u0131l\u0131\u00e7, transfer \u00e7al\u0131\u015fmalar\u0131n\u0131n titizlikle y\u00fcr\u00fct\u00fcld\u00fc\u011f\u00fcn\u00fc dile getirdi. Scout ekibi ve teknik heyetin detayl\u0131 bir analiz s\u00fcreci y\u00fcr\u00fctt\u00fc\u011f\u00fcn\u00fc vurgulayan K\u0131l\u0131\u00e7, &#8220;Hata yapma l\u00fcks\u00fcm\u00fcz yok. \u0130lk 11&#8217;de oynayabilecek ve rekabete girebilecek oyunculara bak\u0131yoruz. Bu y\u00fczden acele etmiyoruz&#8221; dedi.<\/p>\n<p><strong>&#8220;D\u00d6RT TRANSFER YAPACA\u011eIZ&#8221;<\/strong><\/p>\n<p>Mevcut kadro planlamas\u0131na da de\u011finen K\u0131l\u0131\u00e7, Be\u015fikta\u015f&#8217;\u0131n d\u00f6rt transfer yapma hakk\u0131 bulundu\u011funu hat\u0131rlatarak, &#8220;\u0130ki yabanc\u0131 oyuncu kampa kat\u0131lmad\u0131, ayr\u0131ca iki gen\u00e7 oyuncu alma hakk\u0131m\u0131z var. Bu d\u00f6rt transferi yapaca\u011f\u0131z. Oyuncularla g\u00f6r\u00fc\u015fmeler s\u00fcr\u00fcyor. Arad\u0131\u011f\u0131m\u0131z isimler, kendi tak\u0131mlar\u0131nda oynayan ve kul\u00fcpleri i\u00e7in \u00f6nemli oyuncular. Kul\u00fcpleriyle anla\u015fmaya \u00e7al\u0131\u015f\u0131yoruz, b\u00fcy\u00fck ihtimalle kampa yeti\u015ftirece\u011fiz&#8221; \u015feklinde konu\u015ftu.<\/p>\n<p>\u0130sim vermekten ka\u00e7\u0131nan K\u0131l\u0131\u00e7, bunun nedenini ise \u015fu s\u00f6zlerle a\u00e7\u0131klad\u0131: &#8220;Oyuncularla anla\u015ft\u0131k ama kul\u00fcpleriyle anla\u015fmad\u0131\u011f\u0131m\u0131z i\u00e7in isim vermek do\u011fru olmaz.&#8221;<\/p>\n<div>\n<div><img decoding=\"async\" src=\"https:\/\/kamucalisani.net\/wp-content\/uploads\/2026\/01\/besiktasta-ilk-ayrilik-aciklandi-geri-donuyor-0-XSfZAk5j.jpg\"\/><\/img><\/div>\n<\/div>\n<p><strong>&#8220;JURASEK AYRILDI&#8221;<\/strong><\/p>\n<p>Ekonomik dengeye de dikkat \u00e7eken Be\u015fikta\u015f Asba\u015fkan\u0131, kul\u00fcb\u00fcn gelece\u011fini riske atmak istemediklerini belirtti. Gelir getirecek projelerin de yolda oldu\u011funu s\u00f6yleyen K\u0131l\u0131\u00e7, \u00f6ncelikli transfer b\u00f6lgelerini ise net \u015fekilde ifade etti: &#8220;Stoper, sol bek ve 6-8 oynayabilecek bir oyuncu \u00f6nceli\u011fimiz. Sol bekte Jurasek ayr\u0131ld\u0131, bu b\u00f6lgeler \u015fu an bo\u015f. F\u0131rsat transferi olursa santrfor ya da kanat da g\u00fcndeme gelebilir.&#8221;<\/p>\n<p><strong>RAFA SILVA A\u00c7IKLAMASI<\/strong><\/p>\n<p>Tak\u0131mda gelece\u011fi tart\u0131\u015f\u0131lan Rafa Silva hakk\u0131nda da konu\u015fan Murat K\u0131l\u0131\u00e7, kul\u00fcp i\u00e7inde herhangi bir sorun olmad\u0131\u011f\u0131n\u0131 vurgulad\u0131. K\u0131l\u0131\u00e7, &#8220;Rafa Silva kampa kat\u0131ld\u0131 ve antrenmanlara \u00e7\u0131k\u0131yor. Ne Sergen Hoca&#8217;n\u0131n, ne teknik ekibin ne de y\u00f6netimin Rafa Silva ile bir problemi yok. Kendisi isterse oynar, bizlik bir durum yok. Normal s\u00fcre\u00e7 devam ediyor&#8221; ifadelerini kulland\u0131.<\/p>\n<p>\u00a0<\/p>\n\n<p><\/p>\n<p>Kaynak :\u00a0<span style=\"background-color: rgb(255, 249, 236); color: rgb(55, 58, 60); font-size: 14px;\">http:\/\/www.milliyet.com.tr\/skorer\/besiktasta-ilk-ayrilik-aciklandi-geri-donuyor-7515291<\/span><\/p>\n","protected":false},"excerpt":{"rendered":"<p>Be\u015fikta\u015f Asba\u015fkan\u0131 Murat K\u0131l\u0131\u00e7, ara transferde aceleci davranmayacaklar\u0131n\u0131 vurgularken siyah-beyazl\u0131lar\u0131n d\u00f6rt transfer yapaca\u011f\u0131n\u0131, \u00f6nceli\u011fin stoper, sol bek ve 6-8 numara oldu\u011funu a\u00e7\u0131klad\u0131. K\u0131l\u0131\u00e7, Jurasek\u2019in tak\u0131mdan ayr\u0131ld\u0131\u011f\u0131n\u0131 belirtirken Rafa Silva ile ilgili kul\u00fcp i\u00e7inde herhangi bir sorun olmad\u0131\u011f\u0131n\u0131 da net ifadelerle dile getir<\/p>\n","protected":false},"author":1,"featured_media":163331,"comment_status":"open","ping_status":"open","sticky":false,"template":"","format":"standard","meta":{"footnotes":""},"categories":[7],"tags":[654,967,263,589],"class_list":["post-163330","post","type-post","status-publish","format-standard","has-post-thumbnail","hentry","category-spor","tag-kilic","tag-oyuncu","tag-takim","tag-transfer"],"_links":{"self":[{"href":"https:\/\/kamucalisani.net\/index.php\/wp-json\/wp\/v2\/posts\/163330","targetHints":{"allow":["GET"]}}],"collection":[{"href":"https:\/\/kamucalisani.net\/index.php\/wp-json\/wp\/v2\/posts"}],"about":[{"href":"https:\/\/kamucalisani.net\/index.php\/wp-json\/wp\/v2\/types\/post"}],"author":[{"embeddable":true,"href":"https:\/\/kamucalisani.net\/index.php\/wp-json\/wp\/v2\/users\/1"}],"replies":[{"embeddable":true,"href":"https:\/\/kamucalisani.net\/index.php\/wp-json\/wp\/v2\/comments?post=163330"}],"version-history":[{"count":1,"href":"https:\/\/kamucalisani.net\/index.php\/wp-json\/wp\/v2\/posts\/163330\/revisions"}],"predecessor-version":[{"id":163333,"href":"https:\/\/kamucalisani.net\/index.php\/wp-json\/wp\/v2\/posts\/163330\/revisions\/163333"}],"wp:featuredmedia":[{"embeddable":true,"href":"https:\/\/kamucalisani.net\/index.php\/wp-json\/wp\/v2\/media\/163331"}],"wp:attachment":[{"href":"https:\/\/kamucalisani.net\/index.php\/wp-json\/wp\/v2\/media?parent=163330"}],"wp:term":[{"taxonomy":"category","embeddable":true,"href":"https:\/\/kamucalisani.net\/index.php\/wp-json\/wp\/v2\/categories?post=163330"},{"taxonomy":"post_tag","embeddable":true,"href":"https:\/\/kamucalisani.net\/index.php\/wp-json\/wp\/v2\/tags?post=163330"}],"curies":[{"name":"wp","href":"https:\/\/api.w.org\/{rel}","templated":true}]}}