{"id":163370,"date":"2026-01-04T17:12:10","date_gmt":"2026-01-04T17:12:10","guid":{"rendered":"https:\/\/kamucalisani.net\/?p=163370"},"modified":"2026-01-04T17:12:10","modified_gmt":"2026-01-04T17:12:10","slug":"super-kupa-oncesi-galatasaray-ile-trabzonspordan-ortak-basin-toplantisi","status":"publish","type":"post","link":"https:\/\/kamucalisani.net\/index.php\/2026\/01\/04\/super-kupa-oncesi-galatasaray-ile-trabzonspordan-ortak-basin-toplantisi\/","title":{"rendered":"S\u00fcper Kupa \u00f6ncesi Galatasaray ile Trabzonspor&#8217;dan ortak bas\u0131n toplant\u0131s\u0131"},"content":{"rendered":"<p><p>S\u00fcper Kupa&#8217;da Galatasaray ile Trabzonspor aras\u0131nda oynanacak ma\u00e7 \u00f6ncesi ortak bas\u0131n toplant\u0131s\u0131 d\u00fczenleniyor.<\/p>\n<p><strong>&#8220;FARKLI B\u0130R TAR\u0130H OLAB\u0130L\u0130RD\u0130&#8221;<\/strong><\/p>\n<p>Fatih Tekke: &#8220;Gaziantep&#8217;i bilen biriyim. Gaziantep&#8217;te olmas\u0131 g\u00fczel. Zamanlama olarak farkl\u0131 bir tarihte olabilirdi. Oynayan 4 tak\u0131m i\u00e7in tarih daha makul olabilirdi. Bizim a\u00e7\u0131m\u0131zdan zamanlama \u00e7ok \u00f6nemli. 9 tane oyuncumuz yok maalesef. D\u00fcn aya\u011f\u0131ndan darbe alan Dani sekerek geldi. Serdar hastaland\u0131. Tim i\u011fneyle antrenmana \u00e7\u0131kt\u0131. Bir s\u00fcr\u00fc dezavantajla geldik. Neticesinde final \u00f6ncesi bir ma\u00e7. Trabzonspor olarak bir oyun anlay\u0131\u015f\u0131m\u0131z, formasyonumuz, plan\u0131m\u0131z olacak. Hi\u00e7bir mazerete s\u0131\u011f\u0131nmadan Trabzonspor taraftarlar\u0131na bordo mavinin nas\u0131l m\u00fccadele etti\u011fini g\u00f6stermek istiyoruz. Skordan ba\u011f\u0131ms\u0131z sadece sakatl\u0131k olmamas\u0131 \u00e7ok \u00e7ok \u00f6nemli.&#8221;<\/p>\n<p><strong>&#8220;SIKINTI YA\u015eAYACA\u011eIMIZI S\u00d6YLEM\u0130\u015eT\u0130M&#8221;<\/strong><\/p>\n<p>Fatih Tekke: &#8220;Kar\u015f\u0131m\u0131zda \u00e7ok iyi bir kadro var. T\u00fcrkiye&#8217;nin de\u011fil Avrupa&#8217;n\u0131n en iyi oyuncular\u0131n\u0131n bir arada oldu\u011fu bir kadro var. Anlarda her an her \u015feyi yapabilecek oyuncular\u0131 var. Biz de Trabzonspor olarak \u00e7\u0131kt\u0131\u011f\u0131m\u0131z her ma\u00e7\u0131 bir plan ve duyguyla oynamaya \u00e7al\u0131\u015f\u0131yoruz. Son Gen\u00e7lerbirli\u011fi ma\u00e7\u0131 hari\u00e7 oyunun baz\u0131 b\u00f6l\u00fcmlerinde veya tamam\u0131nda yans\u0131tt\u0131\u011f\u0131m\u0131z bir duygu var. Gen\u00e7, bir yola \u00e7\u0131km\u0131\u015f, eksikleri olan bir tak\u0131m\u0131z. Biz ba\u015f\u0131 dik bu stadyumdan ayr\u0131lmak istiyoruz. Bu \u00f6nemli. \u015eu an yar\u0131\u015f\u0131n i\u00e7indeyiz. Sakatl\u0131k ve olabilecek k\u00f6t\u00fc \u015feyler, Be\u015fikta\u015f ma\u00e7\u0131ndan bu yana s\u00f6yl\u00fcyorum kimse dinlemiyor, s\u0131k\u0131nt\u0131 ya\u015fayaca\u011f\u0131m\u0131z\u0131 s\u00f6ylemi\u015ftim. Zor ma\u00e7 olacak. Tur atlayan biz olmak istiyoruz ama kar\u015f\u0131m\u0131zda da \u00e7ok iyi bir grup var.&#8221;<\/p>\n<p><strong>TRANSFER<\/strong><\/p>\n<p>Fatih Tekke: &#8220;Nwakaeme m\u00fcjdesi bekliyorum. Birka\u00e7 tane m\u00fcjde bekliyorum. 2-3 ayd\u0131r bunun \u00fczerine \u00e7al\u0131\u015f\u0131yoruz, y\u00f6netim kurulumuz ve ba\u015fkan\u0131m\u0131z elinden gelenin son haddinde \u00e7al\u0131\u015f\u0131yor ama ko\u015fullar, istenen rakamlar, devre aras\u0131 transfer gibi parametreler var, zor. Performans\u0131 alt\u0131nda kalan ve g\u00f6ndermek istedi\u011fimiz oyuncular var. Zamanlama olarak t\u00fcm bunlar\u0131n bir anda hallolmas\u0131 kolay de\u011fil. Be\u015fikta\u015f ma\u00e7\u0131ndan sonraki s\u00fcre\u00e7 kolay de\u011fil. Ligin ikinci yar\u0131s\u0131 ba\u015flad\u0131\u011f\u0131nda bir nebze rahat hissettirmek istiyorum. Kolay de\u011fil, zor. Teknik adam olarak bu durumda olmay\u0131 kimse istemez. De\u011fi\u015ftiremeyece\u011fim \u015feyleri konu\u015fmak istemiyorum ama insanlar ya dinlemiyor ya dinlemek istemiyor. Kimle oynarsak oynayal\u0131m, camiam\u0131z\u0131n bizden istedi\u011fi duyguyu vermemiz gerekiyor. Tak\u0131m\u0131n durumunu ve potansiyelini hepimiz biliyoruz, en \u00e7ok ben biliyorum. \u015eu an yakaland\u0131k ama \u00f6yle s\u00f6yleyebilirim.&#8221;<\/p>\n<p><strong>&#8220;ELBETTE MUTLUYUM&#8221;<\/strong><\/p>\n<p>Anthony Nwakaeme: &#8220;Elbette mutluyum. 6 ay aradan sonra tak\u0131mla olaca\u011f\u0131m. Ben hep tak\u0131m\u0131n yan\u0131nda ve beraberdim, destek veriyordum. B\u00f6ylesine ma\u00e7lar\u0131, b\u00f6ylesi rakibe kar\u015f\u0131 oynamak \u00f6nemli. \u00c7ok mutluyuz. Umar\u0131m g\u00fczel bir ma\u00e7 olacak.&#8221;<\/p>\n<p><strong>&#8220;\u0130Y\u0130Y\u0130M VE HAZIR H\u0130SSED\u0130YORUM&#8221;<\/strong><\/p>\n<p>Anthony Nwakaeme: &#8220;Antrenmanlar\u0131m\u0131 uzun s\u00fcredir s\u00fcrd\u00fcr\u00fcyordum. \u0130yiyim ve haz\u0131r hissediyorum. Kimin oynayaca\u011f\u0131na karar verecek olan hocam\u0131z ama Galatasaray ma\u00e7\u0131n\u0131 d\u00f6rt g\u00f6zle bekliyorum.&#8221;<\/p>\n<p>\u00a0<\/p>\n\n<p><\/p>\n<p>Kaynak :\u00a0<span style=\"background-color: rgb(255, 249, 236); color: rgb(55, 58, 60); font-size: 14px;\">http:\/\/www.milliyet.com.tr\/skorer\/super-kupa-oncesi-galatasaray-ile-trabzonspordan-ortak-basin-toplantisi-7515321<\/span><\/p>\n","protected":false},"excerpt":{"rendered":"<p>S\u00fcper Kupa&#8217;da Galatasaray ile Trabzonspor aras\u0131nda oynanacak ma\u00e7 \u00f6ncesi ortak bas\u0131n toplant\u0131s\u0131 d\u00fczenleniyor.<\/p>\n","protected":false},"author":1,"featured_media":163371,"comment_status":"open","ping_status":"open","sticky":false,"template":"","format":"standard","meta":{"footnotes":""},"categories":[7],"tags":[288,131,263,185],"class_list":["post-163370","post","type-post","status-publish","format-standard","has-post-thumbnail","hentry","category-spor","tag-mac","tag-oyun","tag-takim","tag-var"],"_links":{"self":[{"href":"https:\/\/kamucalisani.net\/index.php\/wp-json\/wp\/v2\/posts\/163370","targetHints":{"allow":["GET"]}}],"collection":[{"href":"https:\/\/kamucalisani.net\/index.php\/wp-json\/wp\/v2\/posts"}],"about":[{"href":"https:\/\/kamucalisani.net\/index.php\/wp-json\/wp\/v2\/types\/post"}],"author":[{"embeddable":true,"href":"https:\/\/kamucalisani.net\/index.php\/wp-json\/wp\/v2\/users\/1"}],"replies":[{"embeddable":true,"href":"https:\/\/kamucalisani.net\/index.php\/wp-json\/wp\/v2\/comments?post=163370"}],"version-history":[{"count":1,"href":"https:\/\/kamucalisani.net\/index.php\/wp-json\/wp\/v2\/posts\/163370\/revisions"}],"predecessor-version":[{"id":163372,"href":"https:\/\/kamucalisani.net\/index.php\/wp-json\/wp\/v2\/posts\/163370\/revisions\/163372"}],"wp:featuredmedia":[{"embeddable":true,"href":"https:\/\/kamucalisani.net\/index.php\/wp-json\/wp\/v2\/media\/163371"}],"wp:attachment":[{"href":"https:\/\/kamucalisani.net\/index.php\/wp-json\/wp\/v2\/media?parent=163370"}],"wp:term":[{"taxonomy":"category","embeddable":true,"href":"https:\/\/kamucalisani.net\/index.php\/wp-json\/wp\/v2\/categories?post=163370"},{"taxonomy":"post_tag","embeddable":true,"href":"https:\/\/kamucalisani.net\/index.php\/wp-json\/wp\/v2\/tags?post=163370"}],"curies":[{"name":"wp","href":"https:\/\/api.w.org\/{rel}","templated":true}]}}