{"id":163525,"date":"2026-01-05T03:24:10","date_gmt":"2026-01-05T03:24:10","guid":{"rendered":"https:\/\/kamucalisani.net\/?p=163525"},"modified":"2026-01-05T03:24:10","modified_gmt":"2026-01-05T03:24:10","slug":"bazi-ilcelerde-okullar-bugun-tatil-edildi","status":"publish","type":"post","link":"https:\/\/kamucalisani.net\/index.php\/2026\/01\/05\/bazi-ilcelerde-okullar-bugun-tatil-edildi\/","title":{"rendered":"Baz\u0131 il\u00e7elerde okullar bug\u00fcn tatil edildi"},"content":{"rendered":"<section>\n<div>\n<div><span>05 Ocak 2026<\/span><\/p>\n<div>VAN<\/div>\n<div>\n<p>\u00c7atak \u0130l\u00e7e Milli E\u011fitim M\u00fcd\u00fcrl\u00fc\u011f\u00fc taraf\u0131ndan yap\u0131lan a\u00e7\u0131klamada, kar ya\u011f\u0131\u015f\u0131 ve olumsuz hava ko\u015fullar\u0131 nedeniyle il\u00e7e genelinde 5 Ocak 2026 g\u00fcn\u00fc e\u011fitime ara verildi\u011fi belirtildi.<\/p>\n<p>Bu arada \u00c7atak-Van kara yolu da 5 g\u00fcn \u00f6nce inen \u00e7\u0131\u011f nedeniyle kapand\u0131.<\/p>\n<p>Karayollar\u0131 11. B\u00f6lge M\u00fcd\u00fcrl\u00fc\u011f\u00fc ekiplerinin \u00e7al\u0131\u015fmas\u0131 sonucu yol, tek y\u00f6nl\u00fc ula\u015f\u0131ma a\u00e7\u0131ld\u0131. Ancak acil \u00f6ncelikli ara\u00e7lar\u0131n d\u0131\u015f\u0131ndaki di\u011fer ara\u00e7lar\u0131n ge\u00e7i\u015flerine izin verilmiyor. <em>(Sedat G\u00dcM\u00dc\u015e\/ \u00c7ATAK(Van), (DHA)<\/em><\/p>\n<\/div>\n<\/div>\n<div><span>05 Ocak 2026<\/span><\/p>\n<div>KAHRAMANMARA\u015e<\/div>\n<div>\n<p>Kahramanmara\u015f&#8217;\u0131n Oniki\u015fubat, T\u00fcrko\u011flu ve Pazarc\u0131k il\u00e7elerinde olumsuz hava ko\u015fullar\u0131 nedeniyle ta\u015f\u0131mal\u0131 e\u011fitime ara verildi.<\/p>\n<p>\u0130l Milli E\u011fitim M\u00fcd\u00fcrl\u00fc\u011f\u00fcnden yap\u0131lan a\u00e7\u0131klamada, olumsuz hava \u015fartlar\u0131 ve ula\u015f\u0131mda ya\u015fanabilecek aksakl\u0131klar nedeniyle Oniki\u015fubat, T\u00fcrko\u011flu ve Pazarc\u0131k il\u00e7elerinde 5 Ocak Pazartesi g\u00fcn\u00fc ta\u015f\u0131mal\u0131 e\u011fitime bir g\u00fcn ara verildi\u011fi belirtildi.<\/p>\n<\/div>\n<\/div>\n<div><span>05 Ocak 2026<\/span><\/p>\n<div>\u015eIRNAK<\/div>\n<div>\n<p>\u015e\u0131rnak\u2019\u0131n Beyt\u00fc\u015f\u015febap il\u00e7esinde buzlanma ve \u00e7\u0131\u011f tehlikesi nedeniyle e\u011fitime ara verildi.<\/p>\n<p>Kaymakaml\u0131ktan yap\u0131lan a\u00e7\u0131klamada, il\u00e7ede yo\u011fun kar ya\u011f\u0131\u015f\u0131n\u0131n ard\u0131ndan olu\u015fan buzlanma ve \u00e7\u0131\u011f riski nedeniyle meydana gelebilecek olumsuzluklara kar\u015f\u0131 tedbir al\u0131nd\u0131\u011f\u0131 belirtildi.<\/p>\n<p>A\u00e7\u0131klamada, \u00f6\u011fretmenler, \u00f6\u011frenciler ve e\u011fitim \u00e7al\u0131\u015fanlar\u0131n\u0131n can ve mal g\u00fcvenli\u011finin sa\u011flanmas\u0131 amac\u0131yla il\u00e7edeki t\u00fcm resmi ve \u00f6zel e\u011fitim kurumlar\u0131nda 5 Ocak pazartesi g\u00fcn\u00fc e\u011fitime ara verildi\u011fi bildirildi.<\/p>\n<p>Ayr\u0131ca malul, engelli, a\u011f\u0131r kronik rahats\u0131zl\u0131\u011f\u0131 bulunan ve hamile kamu \u00e7al\u0131\u015fanlar\u0131n\u0131n da idari izinli say\u0131laca\u011f\u0131 ifade edilen a\u00e7\u0131klamada, vatanda\u015flar\u0131n zorunlu olmad\u0131k\u00e7a \u00f6zel ara\u00e7lar\u0131yla trafi\u011fe \u00e7\u0131kmamalar\u0131 ve resmi duyurular\u0131 takip etmeleri istendi.<\/p>\n<\/div>\n<\/div>\n<div><span>05 Ocak 2026<\/span><\/p>\n<div>BATMAN<\/div>\n<div>\n<p>Batman\u2019\u0131n Kozluk il\u00e7esinin k\u0131rsal kesimlerinde etkili olan yo\u011fun kar ya\u011f\u0131\u015f\u0131 ve buzlanma nedeniyle belde, k\u00f6y ve mezra okullar\u0131 ile ta\u015f\u0131mal\u0131 e\u011fitime 5 Ocak pazartesi g\u00fcn\u00fc ara verildi.<\/p>\n<p>Kaymakaml\u0131ktan yap\u0131lan a\u00e7\u0131klamada, il\u00e7ede etkili olan yo\u011fun kar ya\u011f\u0131\u015f\u0131 ve beklenen buzlanma nedeniyle il\u00e7e merkezi okullar\u0131 hari\u00e7 olmak \u00fczere belde, k\u00f6y ve mezra okullar\u0131 ile ta\u015f\u0131mal\u0131 e\u011fitim kapsam\u0131ndaki \u00f6\u011frenciler i\u00e7in e\u011fitime 1 g\u00fcn ara verildi\u011fi bildirildi.<\/p>\n<\/div>\n<\/div>\n<div><span>05 Ocak 2026<\/span><\/p>\n<div>MALATYA<\/div>\n<div>\n<p>Malatya&#8217;n\u0131n Kale, P\u00fct\u00fcrge, Darende, Yaz\u0131han ve Kuluncak il\u00e7elerinde olumsuz hava ko\u015fullar\u0131 nedeniyle ta\u015f\u0131mal\u0131 e\u011fitime ara verildi.<\/p>\n<p>Kaymakaml\u0131klar\u0131n, X&#8217;ten yap\u0131lan payla\u015f\u0131mlar\u0131nda, 5 Ocak pazartesi g\u00fcn\u00fc ta\u015f\u0131mal\u0131 e\u011fitime 1 g\u00fcn ara verildi\u011fi bildirildi.<\/p>\n<p>Malatya Valili\u011finin yapt\u0131\u011f\u0131 payla\u015f\u0131mda ise kent merkezindeki okullarda e\u011fitime devam edilece\u011fi belirtildi.<\/p>\n<\/div>\n<\/div>\n<div><span>05 Ocak 2026<\/span><\/p>\n<div>D\u0130YARBAKIR<\/div>\n<div>\n<p>Diyarbak\u0131r&#8217;\u0131n 5 il\u00e7esinde olumsuz hava ko\u015fullar\u0131 nedeniyle ta\u015f\u0131mal\u0131 e\u011fitime ara verildi.<\/p>\n<p>\u0130l Milli E\u011fitim M\u00fcd\u00fcrl\u00fc\u011f\u00fcnden yap\u0131lan a\u00e7\u0131klamaya g\u00f6re, kentte etkili olan kar ya\u011f\u0131\u015f\u0131n\u0131n ard\u0131ndan buzlanma ve don gibi olumsuz hava ko\u015fullar\u0131 devam ediyor.<\/p>\n<p>Bu kapsamda, Kulp, Sur, Ergani, Hani ve Lice il\u00e7elerinde ta\u015f\u0131mal\u0131 e\u011fitim yap\u0131lan okullar ile Hani&#8217;de bir ve Lice&#8217;nin k\u0131rsal mahallelerinde bulunan iki okulda 5 Ocak pazartesi g\u00fcn\u00fc e\u011fitime ara verildi.<\/p>\n<p>\u00a0<\/p>\n<\/div>\n<\/div>\n<div><span>05 Ocak 2026<\/span><\/p>\n<div>\u015eANLIURFA<\/div>\n<div>\n<p>\u015eanl\u0131urfa Valili\u011fi taraf\u0131ndan yap\u0131lan a\u00e7\u0131klamada, &#8220;Hava ve yol \u015fartlar\u0131 \u00e7er\u00e7evesinde buzlanma nedeniyle ula\u015f\u0131mda olu\u015fabilecek sorunlar g\u00f6z \u00f6n\u00fcne al\u0131narak ilgili kurulu\u015flar\u0131m\u0131zla birlikte yap\u0131lan de\u011ferlendirme sonucunda Eyy\u00fcbiye, Haliliye, Karak\u00f6pr\u00fc, Siverek, Viran\u015fehir, Hilvan ve Bozova il\u00e7elerimizin k\u0131rsal mahallelerinde bulunan b\u00fct\u00fcn e\u011fitim kurumlar\u0131 ile s\u00f6z konusu k\u0131rsal mahallelerden ta\u015f\u0131mal\u0131 sistem kapsam\u0131nda il\u00e7e merkezlerindeki okullara ta\u015f\u0131nan \u00f6\u011frencilere y\u00f6nelik olarak 5 Ocak 2026 pazartesi g\u00fcn\u00fc e\u011fitim ve \u00f6\u011fretime 1 g\u00fcn s\u00fcreyle ara verilmi\u015ftir&#8221; denildi.<\/p>\n<\/div>\n<\/div>\n<\/div>\n<\/section>\n<p><\/p>\n<p>Kaynak :\u00a0<span style=\"background-color: rgb(255, 249, 236); color: rgb(55, 58, 60); font-size: 14px;\">http:\/\/www.milliyet.com.tr\/gundem\/live-sanliurfada-7-ilcede-okullar-tatil-edildi-7515346<\/span><\/p>\n","protected":false},"excerpt":{"rendered":"<p>Baz\u0131 il ve il\u00e7elerde olumsuz hava ko\u015fullar\u0131 nedeniyle 5 Ocak pazartesi g\u00fcn\u00fc e\u011fitime ara verildi.<\/p>\n","protected":false},"author":1,"featured_media":163526,"comment_status":"open","ping_status":"open","sticky":false,"template":"","format":"standard","meta":{"footnotes":""},"categories":[3],"tags":[10807,530,178,3317,10808],"class_list":["post-163525","post","type-post","status-publish","format-standard","has-post-thumbnail","hentry","category-guncel","tag-buzlanma","tag-egitim","tag-gun","tag-okullar","tag-tasimali-egitim"],"_links":{"self":[{"href":"https:\/\/kamucalisani.net\/index.php\/wp-json\/wp\/v2\/posts\/163525","targetHints":{"allow":["GET"]}}],"collection":[{"href":"https:\/\/kamucalisani.net\/index.php\/wp-json\/wp\/v2\/posts"}],"about":[{"href":"https:\/\/kamucalisani.net\/index.php\/wp-json\/wp\/v2\/types\/post"}],"author":[{"embeddable":true,"href":"https:\/\/kamucalisani.net\/index.php\/wp-json\/wp\/v2\/users\/1"}],"replies":[{"embeddable":true,"href":"https:\/\/kamucalisani.net\/index.php\/wp-json\/wp\/v2\/comments?post=163525"}],"version-history":[{"count":1,"href":"https:\/\/kamucalisani.net\/index.php\/wp-json\/wp\/v2\/posts\/163525\/revisions"}],"predecessor-version":[{"id":163527,"href":"https:\/\/kamucalisani.net\/index.php\/wp-json\/wp\/v2\/posts\/163525\/revisions\/163527"}],"wp:featuredmedia":[{"embeddable":true,"href":"https:\/\/kamucalisani.net\/index.php\/wp-json\/wp\/v2\/media\/163526"}],"wp:attachment":[{"href":"https:\/\/kamucalisani.net\/index.php\/wp-json\/wp\/v2\/media?parent=163525"}],"wp:term":[{"taxonomy":"category","embeddable":true,"href":"https:\/\/kamucalisani.net\/index.php\/wp-json\/wp\/v2\/categories?post=163525"},{"taxonomy":"post_tag","embeddable":true,"href":"https:\/\/kamucalisani.net\/index.php\/wp-json\/wp\/v2\/tags?post=163525"}],"curies":[{"name":"wp","href":"https:\/\/api.w.org\/{rel}","templated":true}]}}