{"id":163821,"date":"2026-01-05T13:18:18","date_gmt":"2026-01-05T13:18:18","guid":{"rendered":"https:\/\/kamucalisani.net\/?p=163821"},"modified":"2026-01-05T13:18:18","modified_gmt":"2026-01-05T13:18:18","slug":"donercide-korku-dolu-anlar-lavas-getiren-arac-dukkana-daldi","status":"publish","type":"post","link":"https:\/\/kamucalisani.net\/index.php\/2026\/01\/05\/donercide-korku-dolu-anlar-lavas-getiren-arac-dukkana-daldi\/","title":{"rendered":"D\u00f6nercide korku dolu anlar! Lava\u015f getiren ara\u00e7 d\u00fckkana dald\u0131"},"content":{"rendered":"<p><p>Konya&#8217;da bir d\u00f6nerciye lava\u015f getiren hafif ticari ara\u00e7, s\u00fcr\u00fcc\u00fcs\u00fcn\u00fcn direksiyon hakimiyetini kaybetmesi sonucu i\u015f yerine girdi. Olay an\u0131 g\u00fcvenlik kameras\u0131na yans\u0131d\u0131.<\/p>\n<p><strong>LAVA\u015e GET\u0130RD\u0130\u011e\u0130 D\u00d6NERC\u0130YE ARACIYLA G\u0130RD\u0130 <\/strong><\/p>\n<p>Olay, saat 08.00 s\u0131ralar\u0131nda merkez Karatay il\u00e7esi Fevzi\u00e7akmak Mahallesi G\u00fclistan Caddesi&#8217;nde bir i\u015f yerinde meydana geldi.<\/p>\n<div>\n<div><img decoding=\"async\" src=\"https:\/\/kamucalisani.net\/wp-content\/uploads\/2026\/01\/donercide-korku-dolu-anlar-lavas-getiren-arac-dukkana-daldi-0-QSLFe3QC.jpg\"\/><\/img><\/div>\n<\/div>\n<p>Edinilen bilgiye g\u00f6re, cadde \u00fczerindeki d\u00f6nerciye lava\u015f getiren hafif ticari ara\u00e7, kontrolden \u00e7\u0131karak d\u00fckkana girdi. Olay an\u0131 ise anbean i\u015f yerinin g\u00fcvenlik kameras\u0131na yans\u0131d\u0131. G\u00f6r\u00fcnt\u00fclere arac\u0131n h\u0131zla d\u00fckkana girmesi, i\u015f yeri \u00e7al\u0131\u015fan\u0131n ko\u015fmas\u0131 ve s\u00fcr\u00fcc\u00fcn\u00fcn panik hali yans\u0131d\u0131.<\/p>\n<div>\n<div><img decoding=\"async\" src=\"https:\/\/kamucalisani.net\/wp-content\/uploads\/2026\/01\/donercide-korku-dolu-anlar-lavas-getiren-arac-dukkana-daldi-1-CCEav1GF.jpg\"\/><\/img><\/div>\n<\/div>\n<p>\u0130\u015f yeri sahibi Fatih Mutlu, &#8220;Ayn\u0131 yapay zeka gibi oldu. Biz de inanamad\u0131k. Her sabah bizim rutin i\u015fimiz saat 07.00&#8217;de d\u00fckkan a\u00e7\u0131l\u0131r, haz\u0131rl\u0131klar\u0131m\u0131z\u0131 yapar\u0131z. Normalde o saatlerde d\u00f6ner takard\u0131k. Bir ses geldi, bakt\u0131k araba i\u00e7eriye girmi\u015f. Allah&#8217;tan arkadayd\u0131k, verilmi\u015f sadakam\u0131z varm\u0131\u015f. \u015eof\u00f6r uyuyakalm\u0131\u015f galiba hava sisli, \u2018fren yerine gaza bast\u0131m&#8217; olay\u0131 oldu galiba. Onun i\u00e7in de bizim i\u00e7in de ge\u00e7mi\u015f olsun. Allah&#8217;tan cana gelmedi, maddi hasar\u0131m\u0131z oldu&#8221; dedi.<\/p>\n<p>\u00a0<\/p>\n\n<p><\/p>\n<p>Kaynak :\u00a0<span style=\"background-color: rgb(255, 249, 236); color: rgb(55, 58, 60); font-size: 14px;\">http:\/\/www.milliyet.com.tr\/gundem\/donercide-korku-dolu-anlar-lavas-getiren-arac-dukkana-daldi-7515767<\/span><\/p>\n","protected":false},"excerpt":{"rendered":"<p>Konya\u2019da bir d\u00f6nercide sabah haz\u0131rl\u0131\u011f\u0131 faciayla sonu\u00e7lan\u0131yordu. Lava\u015f getiren hafif ticari ara\u00e7, s\u00fcr\u00fcc\u00fcs\u00fcn\u00fcn direksiyon hakimiyetini kaybetmesi sonucu kontrolden \u00e7\u0131karak i\u015f yerinin i\u00e7ine girdi. O anlar saniye saniye g\u00fcvenlik kameras\u0131na yans\u0131d\u0131.<\/p>\n","protected":false},"author":1,"featured_media":163822,"comment_status":"open","ping_status":"open","sticky":false,"template":"","format":"standard","meta":{"footnotes":""},"categories":[3],"tags":[2146],"class_list":["post-163821","post","type-post","status-publish","format-standard","has-post-thumbnail","hentry","category-guncel","tag-is-yeri"],"_links":{"self":[{"href":"https:\/\/kamucalisani.net\/index.php\/wp-json\/wp\/v2\/posts\/163821","targetHints":{"allow":["GET"]}}],"collection":[{"href":"https:\/\/kamucalisani.net\/index.php\/wp-json\/wp\/v2\/posts"}],"about":[{"href":"https:\/\/kamucalisani.net\/index.php\/wp-json\/wp\/v2\/types\/post"}],"author":[{"embeddable":true,"href":"https:\/\/kamucalisani.net\/index.php\/wp-json\/wp\/v2\/users\/1"}],"replies":[{"embeddable":true,"href":"https:\/\/kamucalisani.net\/index.php\/wp-json\/wp\/v2\/comments?post=163821"}],"version-history":[{"count":1,"href":"https:\/\/kamucalisani.net\/index.php\/wp-json\/wp\/v2\/posts\/163821\/revisions"}],"predecessor-version":[{"id":163825,"href":"https:\/\/kamucalisani.net\/index.php\/wp-json\/wp\/v2\/posts\/163821\/revisions\/163825"}],"wp:featuredmedia":[{"embeddable":true,"href":"https:\/\/kamucalisani.net\/index.php\/wp-json\/wp\/v2\/media\/163822"}],"wp:attachment":[{"href":"https:\/\/kamucalisani.net\/index.php\/wp-json\/wp\/v2\/media?parent=163821"}],"wp:term":[{"taxonomy":"category","embeddable":true,"href":"https:\/\/kamucalisani.net\/index.php\/wp-json\/wp\/v2\/categories?post=163821"},{"taxonomy":"post_tag","embeddable":true,"href":"https:\/\/kamucalisani.net\/index.php\/wp-json\/wp\/v2\/tags?post=163821"}],"curies":[{"name":"wp","href":"https:\/\/api.w.org\/{rel}","templated":true}]}}