{"id":164068,"date":"2026-01-05T21:00:16","date_gmt":"2026-01-05T21:00:16","guid":{"rendered":"https:\/\/kamucalisani.net\/?p=164068"},"modified":"2026-01-05T21:00:16","modified_gmt":"2026-01-05T21:00:16","slug":"dursun-ozbekten-icardi-aciklamasi-kararimizi-verecegiz","status":"publish","type":"post","link":"https:\/\/kamucalisani.net\/index.php\/2026\/01\/05\/dursun-ozbekten-icardi-aciklamasi-kararimizi-verecegiz\/","title":{"rendered":"Dursun \u00d6zbek&#8217;ten Icardi a\u00e7\u0131klamas\u0131! &#8216;Karar\u0131m\u0131z\u0131 verece\u011fiz&#8217;"},"content":{"rendered":"<p><p>S\u00fcper Kupa&#8217;da tek ma\u00e7 \u00fczerinden oynanan yar\u0131 final kar\u015f\u0131la\u015fmalar\u0131n\u0131n ilkinde Galatasaray, Trabzonspor&#8217;u ma\u011flup etti.<\/p>\n<p>Gaziantep&#8217;te oynanan ma\u00e7, 4-1 sonu\u00e7land\u0131. Galatasaray&#8217;\u0131n gollerini Bar\u0131\u015f Alper Y\u0131lmaz, Eren Elmal\u0131, Mauro Icardi ve Yunus Akg\u00fcn kaydetti.<\/p>\n<p>Ma\u00e7\u0131n ard\u0131ndan konu\u015fan Galatasaray ba\u015fkan\u0131 Dursun \u00d6zbek, hem tak\u0131mdaki genel durumdan, hem de Mauro Icardi&#8217;nin s\u00f6zle\u015fme durumundan s\u00f6z etti.<\/p>\n<p><strong>Dursun \u00d6zbek&#8217;in a\u00e7\u0131klamalar\u0131 \u015fu \u015fekilde:<\/strong><\/p>\n<p><strong>&#8216;TARAFTAR RAHAT OLSUN&#8217;<\/strong><\/p>\n<p>Galatasaray&#8217;\u0131n yaz transferlerine bakarsan\u0131z, 5 transfer yapt\u0131k ve 5&#8217;i de sahada. Bu transferdeki ba\u015far\u0131y\u0131 g\u00f6steriyor. Haz\u0131rl\u0131klar\u0131m\u0131z\u0131 yapt\u0131k. Hocam\u0131z\u0131n talepleri do\u011frultusunda, scout ekibinin \u00f6nerileriyle \u00e7al\u0131\u015f\u0131yoruz. \u0130n\u015fallah bu ara transfer d\u00f6neminde eksiklerimiz belli, onlar i\u00e7in \u00e7al\u0131\u015f\u0131yoruz. Taraftarlar\u0131m\u0131z rahat olsun.<\/p>\n<div>\n<div><img decoding=\"async\" src=\"https:\/\/kamucalisani.net\/wp-content\/uploads\/2026\/01\/dursun-ozbekten-icardi-aciklamasi-kararimizi-verecegiz-0-GbrGdCIH.jpg\"\/><\/img><\/div>\n<\/div>\n<p><strong>ERDEN T\u0130MUR&#8217;U Z\u0130YARET\u0130<\/strong><\/p>\n<p>Erden karde\u015fim iyi bir Galatasarayl\u0131. Birlikte de \u00e7al\u0131\u015ft\u0131k. Daha \u00f6nce ben ba\u015fkanken sponsor oldu ve Galatasaray&#8217;a destek verdi. Maalesef bu d\u00f6nemde baz\u0131 ufak tefek problemleri var. Bu surette kendisini Galatasaray olarak ve Galatasaray Spor Kul\u00fcb\u00fc Ba\u015fkan\u0131 Dursun \u00d6zbek olarak her zaman yan\u0131nda olaca\u011f\u0131z. Ziyaret ettim. Dertle\u015ftik. Kendisini moralli g\u00f6rd\u00fcm. \u0130n\u015fallah tekrar aram\u0131za d\u00f6necek ve Galatasaray&#8217;a hizmet etmeye devam edecek.<\/p>\n<p><strong>ICARDI&#8217;N\u0130N S\u00d6ZLE\u015eMES\u0130<\/strong><\/p>\n<p>Mauro Icardi \u00f6n\u00fcm\u00fczdeki 5 ay daha Galatasaray&#8217;\u0131n futbolcusudur. Bizim i\u00e7in \u00e7ok \u00f6nemli futbolcudur. Zaman\u0131 gelince karar\u0131m\u0131z\u0131 verece\u011fiz.<\/p>\n\n<p><\/p>\n<p>Kaynak :\u00a0<span style=\"background-color: rgb(255, 249, 236); color: rgb(55, 58, 60); font-size: 14px;\">http:\/\/www.milliyet.com.tr\/skorer\/dursun-ozbekten-icardi-aciklamasi-kararimizi-verecegiz-7515921<\/span><\/p>\n","protected":false},"excerpt":{"rendered":"<p>Galatasaray&#8217;\u0131n Trabzonspor&#8217;u 4-1 ma\u011flup etti\u011fi S\u00fcper Kupa yar\u0131 finalinin ard\u0131ndan konu\u015fan Galatasaray ba\u015fkan\u0131 Dursun \u00d6zbek, Mauro Icardi&#8217;nin s\u00f6zle\u015fmesi hakk\u0131nda a\u00e7\u0131klamada bulundu.<\/p>\n","protected":false},"author":1,"featured_media":164069,"comment_status":"open","ping_status":"open","sticky":false,"template":"","format":"standard","meta":{"footnotes":""},"categories":[7],"tags":[257],"class_list":["post-164068","post","type-post","status-publish","format-standard","has-post-thumbnail","hentry","category-spor","tag-galatasaray"],"_links":{"self":[{"href":"https:\/\/kamucalisani.net\/index.php\/wp-json\/wp\/v2\/posts\/164068","targetHints":{"allow":["GET"]}}],"collection":[{"href":"https:\/\/kamucalisani.net\/index.php\/wp-json\/wp\/v2\/posts"}],"about":[{"href":"https:\/\/kamucalisani.net\/index.php\/wp-json\/wp\/v2\/types\/post"}],"author":[{"embeddable":true,"href":"https:\/\/kamucalisani.net\/index.php\/wp-json\/wp\/v2\/users\/1"}],"replies":[{"embeddable":true,"href":"https:\/\/kamucalisani.net\/index.php\/wp-json\/wp\/v2\/comments?post=164068"}],"version-history":[{"count":1,"href":"https:\/\/kamucalisani.net\/index.php\/wp-json\/wp\/v2\/posts\/164068\/revisions"}],"predecessor-version":[{"id":164071,"href":"https:\/\/kamucalisani.net\/index.php\/wp-json\/wp\/v2\/posts\/164068\/revisions\/164071"}],"wp:featuredmedia":[{"embeddable":true,"href":"https:\/\/kamucalisani.net\/index.php\/wp-json\/wp\/v2\/media\/164069"}],"wp:attachment":[{"href":"https:\/\/kamucalisani.net\/index.php\/wp-json\/wp\/v2\/media?parent=164068"}],"wp:term":[{"taxonomy":"category","embeddable":true,"href":"https:\/\/kamucalisani.net\/index.php\/wp-json\/wp\/v2\/categories?post=164068"},{"taxonomy":"post_tag","embeddable":true,"href":"https:\/\/kamucalisani.net\/index.php\/wp-json\/wp\/v2\/tags?post=164068"}],"curies":[{"name":"wp","href":"https:\/\/api.w.org\/{rel}","templated":true}]}}