{"id":164143,"date":"2026-01-06T05:06:10","date_gmt":"2026-01-06T05:06:10","guid":{"rendered":"https:\/\/kamucalisani.net\/?p=164143"},"modified":"2026-01-06T05:06:10","modified_gmt":"2026-01-06T05:06:10","slug":"canli-transfer-fenerbahcenin-guendouzi-icin-yeni-teklifi-ortaya-cikti-bu-hafta-istanbula-geliyor","status":"publish","type":"post","link":"https:\/\/kamucalisani.net\/index.php\/2026\/01\/06\/canli-transfer-fenerbahcenin-guendouzi-icin-yeni-teklifi-ortaya-cikti-bu-hafta-istanbula-geliyor\/","title":{"rendered":"CANLI TRANSFER | Fenerbah\u00e7e&#8217;nin Guendouzi i\u00e7in yeni teklifi ortaya \u00e7\u0131kt\u0131! Bu hafta \u0130stanbul&#8217;a geliyor"},"content":{"rendered":"<p><p>S\u00fcper Lig&#8217;de k\u0131\u015f transfer d\u00f6nemi ba\u015flarken tak\u0131mlar kadrolar\u0131n\u0131 g\u00fc\u00e7lendirmek i\u00e7in harekete ge\u00e7ti. \u0130\u015fte Galatasaray, Fenerbah\u00e7e, Be\u015fikta\u015f ve Trabzonspor&#8217;un ilgilendi\u011fi isimler ba\u015fta olmak \u00fczere transfer g\u00fcndeminde yer alan futbolcular&#8230;<\/p>\n<section>\n<div>\n<div><span>07:00<\/span><span>06 Ocak 2026<\/span><\/p>\n<div>F.BAH\u00c7E&#8217;DEN YEN\u0130 TEKL\u0130F<\/div>\n<div>\n<p>Orta saha transferinde Lazio&#8217;dan Matteo Guendouzi&#8217;yi kadrosuna katmak isteyen Fenerbah\u00e7e&#8217;den \u00f6nemli bir atak geldi.<\/p>\n<p>Sar\u0131-lacivertli y\u00f6netim, teknik direkt\u00f6r Domenico Tedesco&#8217;nun \u0131srarla istedi\u011fi 26 ya\u015f\u0131ndaki Frans\u0131z orta saha oyuncusu i\u00e7in Lazio&#8217;ya 25 milyon euroluk yeni bir teklif yapt\u0131.<\/p>\n<p>Fenerbah\u00e7e Ba\u015fkan\u0131 Sadettin Saran&#8217;\u0131n da dahil oldu\u011fu transfer s\u00fcrecinde sar\u0131-lacivertliler, \u0130talyan ekibi ile transfer masas\u0131nda b\u00fcy\u00fck oranda anla\u015fma sa\u011flad\u0131. Lazio&#8217;nun bonservis d\u0131\u015f\u0131nda anla\u015fmaya bonus eklemek istedi\u011fi \u00f6\u011frenildi.<\/p>\n<p>\u00d6te yandan Fenerbah\u00e7e, Lazio&#8217;da 2,5 milyon euro kazanan Matteo Guendouzi ile 4 milyon euro y\u0131ll\u0131k maa\u015f ve bonuslar kar\u015f\u0131l\u0131\u011f\u0131nda anla\u015fma sa\u011flad\u0131.<\/p>\n<p><strong>BU HAFTA GELMES\u0130 BEKLEN\u0130YOR<\/strong><\/p>\n<p>Transferde sona gelen Fenerbah\u00e7e&#8217;nin k\u0131sa bir s\u00fcre i\u00e7erisinde Matteo Guendouzi transferini resmiyete d\u00f6kmesi ve Frans\u0131z oyuncuyu bu hafta \u0130stanbul&#8217;a getirmesi bekleniyor.<\/p>\n<p><img decoding=\"async\" src=\"https:\/\/kamucalisani.net\/wp-content\/uploads\/2026\/01\/canli-transfer-fenerbahcenin-guendouzi-icin-yeni-teklifi-ortaya-cikti-bu-hafta-istanbula-geliyor-rFx8dHe2.jpg\"\/><\/img><\/p>\n<\/div>\n<\/div>\n<\/div>\n<\/section>\n<p><\/p>\n<p>Kaynak :\u00a0<span style=\"background-color: rgb(255, 249, 236); color: rgb(55, 58, 60); font-size: 14px;\">http:\/\/www.milliyet.com.tr\/skorer\/live-fenerbahcenin-guendouzi-icin-yeni-teklifi-ortaya-cikti-bu-hafta-istanbula-geliyor-7516015<\/span><\/p>\n","protected":false},"excerpt":{"rendered":"<p>S\u00fcper Lig&#8217;de k\u0131\u015f transfer d\u00f6nemi resmen ba\u015flarken kul\u00fcpler kadrolar\u0131na takviye yapmak i\u00e7in hummal\u0131 bir bi\u00e7imde transfer \u00e7al\u0131\u015fmalar\u0131n\u0131 s\u00fcrd\u00fcr\u00fcyor. G\u00fcn\u00fcn \u00f6ne \u00e7\u0131kan transfer haberlerini sizler i\u00e7in derledik.<\/p>\n","protected":false},"author":1,"featured_media":164144,"comment_status":"open","ping_status":"open","sticky":false,"template":"","format":"standard","meta":{"footnotes":""},"categories":[7],"tags":[184,589],"class_list":["post-164143","post","type-post","status-publish","format-standard","has-post-thumbnail","hentry","category-spor","tag-fenerbahce","tag-transfer"],"_links":{"self":[{"href":"https:\/\/kamucalisani.net\/index.php\/wp-json\/wp\/v2\/posts\/164143","targetHints":{"allow":["GET"]}}],"collection":[{"href":"https:\/\/kamucalisani.net\/index.php\/wp-json\/wp\/v2\/posts"}],"about":[{"href":"https:\/\/kamucalisani.net\/index.php\/wp-json\/wp\/v2\/types\/post"}],"author":[{"embeddable":true,"href":"https:\/\/kamucalisani.net\/index.php\/wp-json\/wp\/v2\/users\/1"}],"replies":[{"embeddable":true,"href":"https:\/\/kamucalisani.net\/index.php\/wp-json\/wp\/v2\/comments?post=164143"}],"version-history":[{"count":1,"href":"https:\/\/kamucalisani.net\/index.php\/wp-json\/wp\/v2\/posts\/164143\/revisions"}],"predecessor-version":[{"id":164146,"href":"https:\/\/kamucalisani.net\/index.php\/wp-json\/wp\/v2\/posts\/164143\/revisions\/164146"}],"wp:featuredmedia":[{"embeddable":true,"href":"https:\/\/kamucalisani.net\/index.php\/wp-json\/wp\/v2\/media\/164144"}],"wp:attachment":[{"href":"https:\/\/kamucalisani.net\/index.php\/wp-json\/wp\/v2\/media?parent=164143"}],"wp:term":[{"taxonomy":"category","embeddable":true,"href":"https:\/\/kamucalisani.net\/index.php\/wp-json\/wp\/v2\/categories?post=164143"},{"taxonomy":"post_tag","embeddable":true,"href":"https:\/\/kamucalisani.net\/index.php\/wp-json\/wp\/v2\/tags?post=164143"}],"curies":[{"name":"wp","href":"https:\/\/api.w.org\/{rel}","templated":true}]}}