{"id":164174,"date":"2026-01-06T07:00:12","date_gmt":"2026-01-06T07:00:12","guid":{"rendered":"https:\/\/kamucalisani.net\/?p=164174"},"modified":"2026-01-06T07:00:12","modified_gmt":"2026-01-06T07:00:12","slug":"sahile-gelen-vatandaslar-soke-oldu-sasirdik-neden-oldugunu-bilmiyoruz","status":"publish","type":"post","link":"https:\/\/kamucalisani.net\/index.php\/2026\/01\/06\/sahile-gelen-vatandaslar-soke-oldu-sasirdik-neden-oldugunu-bilmiyoruz\/","title":{"rendered":"Sahile gelen vatanda\u015flar \u015foke oldu! \u2018\u015fa\u015f\u0131rd\u0131k, neden oldu\u011funu bilmiyoruz\u2019"},"content":{"rendered":"<p><p>Akdeniz&#8217;e k\u0131y\u0131s\u0131 bulunan Arsuz il\u00e7esi Karaa\u011fa\u00e7 Mahallesi sahilinde deniz \u00e7ekilmesi ya\u015fand\u0131. Vatanda\u015flar\u0131n dikkatini \u00e7eken \u00e7ekilme g\u00f6zle g\u00f6r\u00fcl\u00fcr seviyede kendini hissettirdi. Sabah saatlerinde sahile gelen vatanda\u015flar, deniz suyunun normalden belirgin \u015fekilde \u00e7ekildi\u011fini fark edince \u015fa\u015fk\u0131nl\u0131k ya\u015fad\u0131.<\/p>\n<p>\u00d6zellikle b\u00f6lgede ya\u015fayan ve her g\u00fcn deniz kenar\u0131na gelen vatanda\u015flar, durumun nedenine ili\u015fkin herhangi bir a\u00e7\u0131klama yap\u0131lmamas\u0131n\u0131n endi\u015feyi art\u0131rd\u0131\u011f\u0131n\u0131 ifade ettiler.<\/p>\n<p><strong>\u201cB\u00dcY\u00dcK B\u0130R FELAKET ATLATMI\u015e B\u0130R B\u00d6LGEY\u0130Z, \u0130STER \u0130STEMEZ \u0130NSANIN AKLINDA SORU \u0130\u015eARETLER\u0130 OLUYOR\u201d<\/strong><\/p>\n<p>Denizin \u00e7ekildi\u011fini g\u00f6r\u00fcnce tedirgin oldu\u011funu s\u00f6yleyen 65 ya\u015f\u0131ndaki Bekir Gassal, &#8220;Deniz \u00e7ekilmesi kar\u015f\u0131s\u0131nda \u015fa\u015f\u0131rd\u0131k, yani neden oldu\u011funu bilmiyoruz. S\u0131k\u0131nt\u0131 denizden mi, ba\u015fka bir yerden mi kaynaklan\u0131yor bilmiyoruz. Zaten b\u00fcy\u00fck bir felaket atlatm\u0131\u015f bir b\u00f6lgeyiz, ister istemez insan\u0131n akl\u0131nda soru i\u015faretleri oluyor.<\/p>\n<div>\n<div><img decoding=\"async\" src=\"https:\/\/kamucalisani.net\/wp-content\/uploads\/2026\/01\/sahile-gelen-vatandaslar-soke-oldu-sasirdik-neden-oldugunu-bilmiyoruz-0-7aVVa7wY.jpg\"\/><\/img><\/div>\n<\/div>\n<p>Halk aras\u0131nda da b\u00f6yle \u015feyler konu\u015fuluyor. Her g\u00fcn geldi\u011fimiz yer buras\u0131, sabah erken saatte bu kadar a\u015f\u0131r\u0131 \u00e7ekilme g\u00f6r\u00fcnce insan \u015fa\u015f\u0131r\u0131yor&#8221; dedi.<\/p>\n<div>\n<div><img decoding=\"async\" src=\"https:\/\/kamucalisani.net\/wp-content\/uploads\/2026\/01\/sahile-gelen-vatandaslar-soke-oldu-sasirdik-neden-oldugunu-bilmiyoruz-1-YrfhYL3W.jpg\"\/><\/img><\/div>\n<\/div>\n<p><\/p>\n<p>Kaynak :\u00a0<span style=\"background-color: rgb(255, 249, 236); color: rgb(55, 58, 60); font-size: 14px;\">http:\/\/www.milliyet.com.tr\/gundem\/sahile-gelen-vatandaslar-soke-oldu-sasirdik-neden-oldugunu-bilmiyoruz-7516050<\/span><\/p>\n","protected":false},"excerpt":{"rendered":"<p>Hatay&#8217;\u0131n Arsuz il\u00e7esinde denizi g\u00f6renler \u015foke oldu b\u00fcy\u00fck tedirginlik ya\u015fayan vatanda\u015flar herhangi bir a\u00e7\u0131klama yap\u0131lmamas\u0131n\u0131n endi\u015feyi art\u0131rd\u0131\u011f\u0131n\u0131 ifade ettiler.<\/p>\n","protected":false},"author":1,"featured_media":164175,"comment_status":"open","ping_status":"open","sticky":false,"template":"","format":"standard","meta":{"footnotes":""},"categories":[3],"tags":[240],"class_list":["post-164174","post","type-post","status-publish","format-standard","has-post-thumbnail","hentry","category-guncel","tag-deniz"],"_links":{"self":[{"href":"https:\/\/kamucalisani.net\/index.php\/wp-json\/wp\/v2\/posts\/164174","targetHints":{"allow":["GET"]}}],"collection":[{"href":"https:\/\/kamucalisani.net\/index.php\/wp-json\/wp\/v2\/posts"}],"about":[{"href":"https:\/\/kamucalisani.net\/index.php\/wp-json\/wp\/v2\/types\/post"}],"author":[{"embeddable":true,"href":"https:\/\/kamucalisani.net\/index.php\/wp-json\/wp\/v2\/users\/1"}],"replies":[{"embeddable":true,"href":"https:\/\/kamucalisani.net\/index.php\/wp-json\/wp\/v2\/comments?post=164174"}],"version-history":[{"count":1,"href":"https:\/\/kamucalisani.net\/index.php\/wp-json\/wp\/v2\/posts\/164174\/revisions"}],"predecessor-version":[{"id":164178,"href":"https:\/\/kamucalisani.net\/index.php\/wp-json\/wp\/v2\/posts\/164174\/revisions\/164178"}],"wp:featuredmedia":[{"embeddable":true,"href":"https:\/\/kamucalisani.net\/index.php\/wp-json\/wp\/v2\/media\/164175"}],"wp:attachment":[{"href":"https:\/\/kamucalisani.net\/index.php\/wp-json\/wp\/v2\/media?parent=164174"}],"wp:term":[{"taxonomy":"category","embeddable":true,"href":"https:\/\/kamucalisani.net\/index.php\/wp-json\/wp\/v2\/categories?post=164174"},{"taxonomy":"post_tag","embeddable":true,"href":"https:\/\/kamucalisani.net\/index.php\/wp-json\/wp\/v2\/tags?post=164174"}],"curies":[{"name":"wp","href":"https:\/\/api.w.org\/{rel}","templated":true}]}}