{"id":164444,"date":"2026-01-06T13:24:12","date_gmt":"2026-01-06T13:24:12","guid":{"rendered":"https:\/\/kamucalisani.net\/?p=164444"},"modified":"2026-01-06T13:24:12","modified_gmt":"2026-01-06T13:24:12","slug":"chpnin-istanbul-il-baskanligi-secimlerinde-usulsuzluk-davasinda-ilk-durusma","status":"publish","type":"post","link":"https:\/\/kamucalisani.net\/index.php\/2026\/01\/06\/chpnin-istanbul-il-baskanligi-secimlerinde-usulsuzluk-davasinda-ilk-durusma\/","title":{"rendered":"CHP&#8217;nin &#8216;\u0130stanbul \u0130l Ba\u015fkanl\u0131\u011f\u0131 se\u00e7imlerinde usuls\u00fczl\u00fck&#8217; davas\u0131nda ilk duru\u015fma"},"content":{"rendered":"<p><p>Duru\u015fma \u0130stanbul Adliyesi 72. Asliye Ceza Mahkemesi\u2019nde g\u00f6r\u00fclmesi gerekirken salon kapasitesinin yetersiz olmas\u0131 sebebiyle Marmara Kapal\u0131 Ceza \u0130nfaz Kurumlar\u0131 yerle\u015fkesinde bulunan 2 no&#8217;lu duru\u015fma salonunda yap\u0131ld\u0131.<\/p>\n<p>Duru\u015fmaya \u00d6zg\u00fcr \u00c7elik, \u0130nan G\u00fcney, R\u0131za Akpolat, ba\u015fka bir dosyadan tutuklu olup bu dosyada itiraf\u00e7\u0131 olan Beykoz Belediyesi \u00d6zel Kalem M\u00fcd\u00fcr\u00fc Veli G\u00fcm\u00fc\u015f ile tutuksuz san\u0131klar Beykoz Belediyesi ba\u011f\u0131ms\u0131z meclis \u00fcyesi U\u011fur G\u00f6kdemir ve Pendik \u0130l\u00e7e Ba\u015fkan\u0131 Niyazi G\u00fcneri ve \u00e7ok say\u0131da partili kat\u0131ld\u0131.<\/p>\n<p><strong>&#8216;SU\u00c7LAMALARI REDDED\u0130YORUM&#8217;<\/strong><\/p>\n<p>Mahkemede savunma yapan \u0130nan G\u00fcney, &#8220;Kongreler ve kurultaylar partimizde ya\u015fan\u0131r ve kongreyle kurultaylar kongre salonlar\u0131nda kal\u0131r. Ben de \u0130stanbul \u0130l Kongresi s\u00fcrecinde B\u00fcy\u00fck\u015fehir Belediyesi meclis \u00fcyesiydim. Parti t\u00fcz\u00fc\u011f\u00fcm\u00fcz gere\u011fi meclis \u00fcyeleri kurultay delegesi ya da il delegesi olamamaktad\u0131r. Dolay\u0131s\u0131yla o s\u00fcre\u00e7te benim de il kongresinde ve kurultayda oy hakk\u0131m yoktu. \u0130stanbul \u0130l Kongresi\u2019nde \u00d6zg\u00fcr \u00c7elik\u2019i destekledim, kurultayda \u00d6zg\u00fcr \u00d6zel\u2019i destekledim. Parti i\u00e7inde de\u011fi\u015fim dedi\u011fimiz i\u00e7in yarg\u0131lanmak kabul edilebilir de\u011fildir diye d\u00fc\u015f\u00fcn\u00fcyorum. \u0130stanbul \u0130l Kongremizde yarg\u0131lama gerektirecek bir durum oldu\u011funa inanm\u0131yorum. Hilenin varl\u0131\u011f\u0131 ispatlanmam\u0131\u015ft\u0131r. O ses kayd\u0131nda benim oldu\u011fum ispat edilememi\u015ftir. Ger\u00e7ek bir su\u00e7 unsurunun varl\u0131\u011f\u0131 ispat edilememi\u015ftir. Varl\u0131\u011f\u0131 belli olmayan bir \u015feyin yoklu\u011funu ispat etmemizi istiyorsunuz. \u0130nan G\u00fcney ismi yok. T\u00fcm bu yokluklara ra\u011fmen ben bu dosyada nas\u0131l var\u0131m, anlam\u0131\u015f de\u011filim. \u015eahs\u0131mla ilgili t\u00fcm su\u00e7lamalar\u0131 reddediyorum. A\u00e7\u0131lan davaya konu bir su\u00e7un olmad\u0131\u011f\u0131n\u0131 ifade etmek istiyorum&#8221; dedi.<\/p>\n<p><strong>&#8216;\u0130DD\u0130ANAME \u00c7EL\u0130\u015eK\u0130L\u0130 &#8216;<\/strong><\/p>\n<p>\u00d6zg\u00fcr \u00c7elik savunmas\u0131nda &#8220;CHP \u0130stanbul \u0130l Kongresi 8 Ekim 2023 tarihinde yap\u0131lm\u0131\u015ft\u0131r. \u0130ki aday yar\u0131\u015ft\u0131k, ben 342 oy ald\u0131m, rakibim 310 oy ald\u0131 ve il ba\u015fkan\u0131 se\u00e7ildim. Ertesi g\u00fcn rakibim Say\u0131n Cemal Canpolat beni arayarak tebrik etmi\u015f. Kongreden sonra yasal s\u00fcre i\u00e7inde hi\u00e7bir itiraz yap\u0131lmam\u0131\u015f, se\u00e7im kurulu mazbatam\u0131z\u0131 vermi\u015ftir. Y\u00fcksek Se\u00e7im Kurulu\u2019na da herhangi bir ba\u015fvuru yap\u0131lmam\u0131\u015ft\u0131r. Buna ra\u011fmen 19 Mart 2025\u2019ten itibaren farkl\u0131 mahkemelerde pe\u015f pe\u015fe davalar a\u00e7\u0131lm\u0131\u015f, tamam\u0131 reddedilmi\u015ftir. Son olarak \u0130stanbul 45. Asliye Hukuk Mahkemesi\u2019nden tedbir ve kayyum karar\u0131 \u00e7\u0131kar\u0131lm\u0131\u015f, il binam\u0131za polisle gelinmi\u015f, ciddi toplumsal ve ekonomik sonu\u00e7lar do\u011fmu\u015ftur. Bug\u00fcn de bu ceza davas\u0131yla kar\u015f\u0131n\u0131zday\u0131z. \u0130ddianame tutuklu ki\u015filerin cezaevi ortam\u0131nda verdikleri, \u00e7eli\u015fkili ve belgelerle \u00e7\u00fcr\u00fct\u00fclebilen ifadelerle haz\u0131rlanm\u0131\u015ft\u0131r. Sunmu\u015f oldu\u011fum belgeler, makbuzlar, \u00fcyelik ve tapu kay\u0131tlar\u0131 iddialar\u0131n ger\u00e7ek d\u0131\u015f\u0131 oldu\u011funu a\u00e7\u0131k\u00e7a ortaya koymaktad\u0131r. Buna ra\u011fmen yarg\u0131 bir kez daha siyasete alet edilmi\u015ftir&#8221; dedi.<\/p>\n<div>\n<div><img decoding=\"async\" src=\"https:\/\/kamucalisani.net\/wp-content\/uploads\/2026\/01\/chpnin-istanbul-il-baskanligi-secimlerinde-usulsuzluk-davasinda-ilk-durusma-0-KNMKMV1Y.jpg\"\/><\/img><\/div>\n<\/div>\n<p><strong>&#8216;SES KAYDIYLA \u0130LG\u0130L\u0130 H\u0130\u00c7B\u0130R B\u0130LG\u0130M YOK&#8217;<\/strong><\/p>\n<p>\u00c7elik, \u2018Dinletti\u011finiz ses kayd\u0131yla ilgili hi\u00e7bir bilgim yoktur. Ses kayd\u0131yla ilgili ne bir bilgim var ne de ilgim var. \u00dc\u00e7 ki\u015finin iftiralar\u0131 \u00fczerine iddianame haz\u0131rlanm\u0131\u015f. O isimlerden Veli G\u00fcm\u00fc\u015f ve M\u00fcsl\u00fcm Ayta\u00e7, rakibim Cemal Canpolat\u2019\u0131n listesinde y\u00f6netici aday\u0131. Se\u00e7imlere girmi\u015f, aday olmu\u015f, kaybetmi\u015f; kaybettikten sonra bir tak\u0131m ifadeler vermi\u015f. Kaybedenlerin ifadeleriyle b\u00f6yle davalar a\u00e7\u0131l\u0131rsa, kayyum atan\u0131rsa, il binas\u0131na 5 bin polisle girilirse \u00fclkemizde yap\u0131lan t\u00fcm se\u00e7imler tart\u0131\u015fmal\u0131 hale getirilmez mi? iddianamedeki ifadeler kaybeden listedeki aday\u0131n ifadeleridir. 38\u2019inci Ola\u011fan Kongre\u2019ye kayyum atan\u0131n\u0131nca oy kullanm\u0131\u015f delegeler gidip ola\u011fan\u00fcst\u00fc kongre karar\u0131 ald\u0131. Ben 342 oyla se\u00e7ilmi\u015ftim; ola\u011fan\u00fcst\u00fc kongrede delegelerin tamam\u0131 bana oy verdi. B\u00f6yle bir \u015fey olsa gidip tamam\u0131 bana oy verirler miydi? Ben bu kongreyi 32 oy fark\u0131yla kazand\u0131m ve gururla s\u00f6yl\u00fcyorum; kongrelerdeki en y\u00fcksek oy fark\u0131yd\u0131. 3-5 tane delegenin iradesini \u201cfesada u\u011fratt\u0131\u011f\u0131m\u00f6 iddia edildi. Elimizde YSK karar\u0131yla verilmi\u015f 3 tane mazbata var; ortada bir kayyum garabeti var. Diyor ki kaybeden listenin aday\u0131 Veli G\u00fcm\u00fc\u015f: 2023 y\u0131l\u0131n\u0131n A\u011fustos ay\u0131 ba\u015f\u0131nda \u00d6zg\u00fcr \u00c7elik beni arad\u0131, benden oy istedi, sonra FaceTime\u2019dan arad\u0131; \u2018Fahrettin Abinle konu\u015f\u2019 dedi. Ben o tarihte Bah\u00e7elievler il\u00e7e ba\u015fkan\u0131yd\u0131m. 20 A\u011fustos\u2019ta yap\u0131lacak Bah\u00e7elievler\u2019deki se\u00e7imde yeniden ba\u015fkan aday\u0131yd\u0131m. \u0130stanbul \u0130l Ba\u015fkanl\u0131\u011f\u0131 i\u00e7in Eyl\u00fcl ay\u0131nda aday oldum. Veli G\u00fcm\u00fc\u015f ile Ekim\u2019de 342 saniye konu\u015fmu\u015fum. Kendisiyle Ekim\u2019de yapt\u0131\u011f\u0131m g\u00f6r\u00fc\u015fmeyi A\u011fustos\u2019ta yap\u0131lm\u0131\u015f gibi g\u00f6steriyor\u2019 ifadelerini kulland\u0131.<\/p>\n<p><strong>&#8216;SU\u00c7UMUN NE OLDU\u011eUNU B\u0130LSEM ONA G\u00d6RE SAVUNMA YAPACA\u011eIM&#8217;<\/strong><\/p>\n<p>R\u0131za Akpolat savunmas\u0131nda, &#8220;Ben CHP\u2019de gen\u00e7lik kollar\u0131 il\u00e7e y\u00f6neticili\u011fi yapt\u0131m, 6 y\u0131l boyunca Be\u015fikta\u015f Belediye Ba\u015fkanl\u0131\u011f\u0131 g\u00f6revimi s\u00fcrd\u00fcrd\u00fcm. Tutukland\u0131\u011f\u0131m g\u00fcn itibar\u0131yla ne sosyal medya payla\u015f\u0131m\u0131 yapt\u0131m ne de herhangi bir deme\u00e7 verdim. Buna ra\u011fmen hakk\u0131mda olur olmaz iftiralar at\u0131ld\u0131. \u0130tiraf\u00e7\u0131 oldu\u011fum da s\u00f6ylendi. Bunu iddia eden organize k\u00f6t\u00fcl\u00fckle nas\u0131l m\u00fccadele edebilirim diye d\u00fc\u015f\u00fcnd\u00fcm; ancak sabredece\u011fim, iddianame yaz\u0131lacak, yarg\u0131lama yap\u0131lacak dedim kendi kendime. Nas\u0131l ki itiraf\u00e7\u0131 oldu\u011fumuz yalan\u0131 iddianame ortaya \u00e7\u0131k\u0131nca \u00e7\u00fcr\u00fcd\u00fcyse, t\u00fcm iddialar da yarg\u0131lama s\u00fcrecinde tek tek \u00e7\u00fcr\u00fcyecektir. Ses kayd\u0131nda ad\u0131m\u0131z yok. \u0130ddianameyi okudum, bir su\u00e7lama bulamad\u0131m. Acaba hukuk\u00e7u olmad\u0131\u011f\u0131m i\u00e7in mi anlamad\u0131m diye d\u00fc\u015f\u00fcnerek avukatlar\u0131ma sordum. &#8216;Bana isnat edilen su\u00e7 ne&#8217; Avukatlar\u0131m da bir su\u00e7 bulamad\u0131. Su\u00e7um herhalde \u00d6zg\u00fcr \u00c7elik\u2019le yak\u0131n arkada\u015f olmak. Ben su\u00e7umun ne oldu\u011funu bilirsem ona g\u00f6re savunma yapaca\u011f\u0131m, bir delil sunulursa ona g\u00f6re konu\u015faca\u011f\u0131m; ama o da yok&#8221; \u015feklinde konu\u015ftu.<\/p>\n\n<p><\/p>\n<p>Kaynak :\u00a0<span style=\"background-color: rgb(255, 249, 236); color: rgb(55, 58, 60); font-size: 14px;\">http:\/\/www.milliyet.com.tr\/gundem\/chpnin-istanbul-il-baskanligi-secimlerinde-usulsuzluk-davasinda-ilk-durusma-7516347<\/span><\/p>\n","protected":false},"excerpt":{"rendered":"<p>CHP\u2019nin 2023 \u0130stanbul \u0130l Ba\u015fkanl\u0131\u011f\u0131 se\u00e7imlerinde usuls\u00fczl\u00fck yap\u0131ld\u0131\u011f\u0131 iddias\u0131yla aralar\u0131nda CHP \u0130stanbul \u0130l Ba\u015fkan\u0131 \u00d6zg\u00fcr \u00c7elik, g\u00f6revinden al\u0131nan Beyo\u011flu Belediye Ba\u015fkan\u0131 \u0130nan G\u00fcney ve yine g\u00f6revinden al\u0131nan Be\u015fikta\u015f Belediye Ba\u015fkan\u0131 R\u0131za Akpolat\u2019\u0131n da aralar\u0131nda bulundu\u011fu 10 san\u0131k ilk kez hakim kar\u015f\u0131s\u0131na \u00e7\u0131kt\u0131.<\/p>\n","protected":false},"author":1,"featured_media":164445,"comment_status":"open","ping_status":"open","sticky":false,"template":"","format":"standard","meta":{"footnotes":""},"categories":[3],"tags":[262,1599,895,2602,811],"class_list":["post-164444","post","type-post","status-publish","format-standard","has-post-thumbnail","hentry","category-guncel","tag-aday","tag-iddianame","tag-ifade","tag-kongre","tag-suc"],"_links":{"self":[{"href":"https:\/\/kamucalisani.net\/index.php\/wp-json\/wp\/v2\/posts\/164444","targetHints":{"allow":["GET"]}}],"collection":[{"href":"https:\/\/kamucalisani.net\/index.php\/wp-json\/wp\/v2\/posts"}],"about":[{"href":"https:\/\/kamucalisani.net\/index.php\/wp-json\/wp\/v2\/types\/post"}],"author":[{"embeddable":true,"href":"https:\/\/kamucalisani.net\/index.php\/wp-json\/wp\/v2\/users\/1"}],"replies":[{"embeddable":true,"href":"https:\/\/kamucalisani.net\/index.php\/wp-json\/wp\/v2\/comments?post=164444"}],"version-history":[{"count":1,"href":"https:\/\/kamucalisani.net\/index.php\/wp-json\/wp\/v2\/posts\/164444\/revisions"}],"predecessor-version":[{"id":164447,"href":"https:\/\/kamucalisani.net\/index.php\/wp-json\/wp\/v2\/posts\/164444\/revisions\/164447"}],"wp:featuredmedia":[{"embeddable":true,"href":"https:\/\/kamucalisani.net\/index.php\/wp-json\/wp\/v2\/media\/164445"}],"wp:attachment":[{"href":"https:\/\/kamucalisani.net\/index.php\/wp-json\/wp\/v2\/media?parent=164444"}],"wp:term":[{"taxonomy":"category","embeddable":true,"href":"https:\/\/kamucalisani.net\/index.php\/wp-json\/wp\/v2\/categories?post=164444"},{"taxonomy":"post_tag","embeddable":true,"href":"https:\/\/kamucalisani.net\/index.php\/wp-json\/wp\/v2\/tags?post=164444"}],"curies":[{"name":"wp","href":"https:\/\/api.w.org\/{rel}","templated":true}]}}