{"id":164491,"date":"2026-01-06T14:24:11","date_gmt":"2026-01-06T14:24:11","guid":{"rendered":"https:\/\/kamucalisani.net\/?p=164491"},"modified":"2026-01-06T14:24:11","modified_gmt":"2026-01-06T14:24:11","slug":"son-dakika-bursa-buyuksehir-belediye-baskani-bozbeye-saldiri-girisimi","status":"publish","type":"post","link":"https:\/\/kamucalisani.net\/index.php\/2026\/01\/06\/son-dakika-bursa-buyuksehir-belediye-baskani-bozbeye-saldiri-girisimi\/","title":{"rendered":"Son dakika&#8230; Bursa B\u00fcy\u00fck\u015fehir Belediye Ba\u015fkan\u0131 Bozbey&#8217;e sald\u0131r\u0131 giri\u015fimi"},"content":{"rendered":"<p><p>Olay, merkez Y\u0131ld\u0131r\u0131m il\u00e7esi De\u011firmen\u00f6n\u00fc Mahallesi\u2019nde meydana geldi. Bursa B\u00fcy\u00fck\u015fehir Belediye Ba\u015fkan\u0131 Mustafa Bozbey, \u2018Ba\u015fkan Bozbey Burada\u2019 projesi kapsam\u0131nda De\u011firmen\u00f6n\u00fc Semt Pazar\u0131 alan\u0131nda vatanda\u015flarla bulu\u015ftu\u011fu s\u0131rada, eski Y\u0131ld\u0131r\u0131m Belediyesi CHP Meclis \u00dcyesi Recep B. ile beraberindeki ki\u015filer s\u00f6zl\u00fc sata\u015fmada bulundu. Recep B. ile beraberindekiler, ard\u0131ndan Bozbey\u2019e hakaret edip, \u00fczerine y\u00fcr\u00fcd\u00fc. Bu s\u0131rada polisler, korumalar ve partililer araya girdi. Arbede \u00e7\u0131karken, o anlar kameralara yans\u0131d\u0131.<\/p>\n<p>Ba\u015fkan Bozbey, g\u00fcvenli bir alana al\u0131n\u0131rken, Recep B. ile yan\u0131ndaki bir ki\u015fi polis ekiplerince g\u00f6zalt\u0131na al\u0131nd\u0131. Bu s\u0131rada \u015f\u00fcpheliler, partililerin sald\u0131r\u0131s\u0131na u\u011frad\u0131. Polisler, 2 \u015f\u00fcpheliyi alandan uzakla\u015ft\u0131rd\u0131.<\/p>\n<div>\n<div><img decoding=\"async\" src=\"https:\/\/kamucalisani.net\/wp-content\/uploads\/2026\/01\/son-dakika-bursa-buyuksehir-belediye-baskani-bozbeye-saldiri-girisimi-0-nMdIxuPv.jpg\"\/><\/img><\/div>\n<\/div>\n<p>\u00a0<strong>\u2018BU K\u0130\u015e\u0130SEL B\u0130R KONU\u2019<\/strong><\/p>\n<p><em><strong>Bozbey, sald\u0131r\u0131 giri\u015fimi sonras\u0131 yapt\u0131\u011f\u0131 a\u00e7\u0131klamada, konunun ki\u015fisel oldu\u011funu ifade ederek, \u015funlar\u0131 s\u00f6yledi:<\/strong><\/em><\/p>\n<p>\u201cBunlar maalesef istemedi\u011fimiz olaylar. Toplumumuzda bunlardan var. Bu ne mahallemizin sorunu ne ba\u015fka. Bu ki\u015fisel bir konu. Hi\u00e7 muhtar\u0131m\u0131z da \u00fcz\u00fclmesin, mahalle halk\u0131m\u0131z da \u00fcz\u00fclmesin. Bunlarla biz her zaman i\u00e7in kar\u015f\u0131la\u015fabiliriz. Bunlar\u0131n olabilece\u011fini d\u00fc\u015f\u00fcn\u00fcyorduk, onun i\u00e7in zaten hizmetlerimizi sizlere e\u015fit bi\u00e7imde s\u00fcrd\u00fcrmenin gayretini bu anlamda yap\u0131yoruz. Bunlar vard\u0131r. Toplumumuzda in\u015fallah bunlar yava\u015f yava\u015f ay\u0131klanacak. Sizlerin destekleriyle, sizlerin sahiplenmeleriyle birlikte bu t\u00fcr insanlar toplumda yer bulamayacaklar. Bunlar\u0131 tan\u0131yoruz, bunlar\u0131 biliyoruz. Onun i\u00e7in bunlar\u0131n ne maksatla oldu\u011funu da ne maksatla davran\u0131\u015f g\u00f6sterdi\u011fini de \u00e7ok iyi biliyoruz. Ama bunlar bizim yan\u0131m\u0131zda asla yer alamazlar, yer bulamazlar. B\u00f6yle insanlardan uzak durduk, uzak durmaya da \u00e7al\u0131\u015f\u0131yoruz. \u00c7al\u0131\u015faca\u011f\u0131z da hi\u00e7 merak etmeyin. Sak\u0131n \u00fcz\u00fclmeyin. Mahallemizin her bireyini seviyoruz biz. Ve Bursa\u2019m\u0131z\u0131n her bireyini seviyoruz biz. Her bireyine e\u015fit d\u00fc\u015f\u00fcn\u00fcyoruz. Her bireyin e\u015fit hizmete hakk\u0131 oldu\u011funu \u00e7ok iyi biliyoruz. Her bireyimizin huzurla, g\u00fcvenle, mutlulukla yar\u0131nlara bakmas\u0131n\u0131 istiyoruz. Bursal\u0131 hem\u015fehrilerimizi b\u00f6yle seviyoruz biz. Sadece birinin b\u00f6yle davranmas\u0131yla ba\u015fka t\u00fcrl\u00fc d\u00fc\u015f\u00fcnecek de\u011filiz. Asla da bunu kimse bizden beklemesin. Biz hizmetimize devam edece\u011fiz.\u201d (DHA)\u00a0<\/p>\n<div>\n<div><img decoding=\"async\" src=\"https:\/\/kamucalisani.net\/wp-content\/uploads\/2026\/01\/son-dakika-bursa-buyuksehir-belediye-baskani-bozbeye-saldiri-girisimi-1-WAFBkyMJ.jpg\"\/><\/img><\/div>\n<\/div>\n<p><strong>MUSTAFA BOZBEY K\u0130MD\u0130R?<\/strong><\/p>\n<p>Mustafa Bozbey, Bursa\u2019n\u0131n Nil\u00fcfer il\u00e7esinde 1962 y\u0131l\u0131nda do\u011fdu. \u0130lkokul ve ortaokulun ard\u0131ndan Bursa Cumhuriyet Lisesinden mezun olan Bozbey, Anadolu \u00dcniversitesi M\u00fchendislik Mimarl\u0131k Fak\u00fcltesi \u0130n\u015faat M\u00fchendisli\u011fi B\u00f6l\u00fcm\u00fcn\u00fc bitirdi. Ayn\u0131 okulda y\u00fcksek lisans yaparak in\u015faat y\u00fcksek m\u00fchendisi unvan\u0131n\u0131 alan CHP\u2019nin aday\u0131 Bozbey, Nil\u00fcfer Belediye Ba\u015fkanl\u0131\u011f\u0131n\u0131 1999 y\u0131l\u0131ndan itibaren 20 y\u0131l s\u00fcrd\u00fcrd\u00fc.Mustafa Bozbey, evli ve 1 \u00e7ocuk babas\u0131d\u0131r.<\/p>\n\n<p><\/p>\n<p>Kaynak :\u00a0<span style=\"background-color: rgb(255, 249, 236); color: rgb(55, 58, 60); font-size: 14px;\">http:\/\/www.milliyet.com.tr\/gundem\/son-dakika-bursa-buyuksehir-belediye-baskani-bozbeye-saldiri-girisimi-7516390<\/span><\/p>\n","protected":false},"excerpt":{"rendered":"<p>Bursa&#8217;da eski CHP\u2019li belediye meclis \u00fcyesi, B\u00fcy\u00fck\u015fehir Belediye Ba\u015fkan\u0131 Mustafa Bozbey\u2019e sald\u0131r\u0131 giri\u015fiminde bulundu. Korumalar\u0131n ve partililerin araya girmesiyle arbede ya\u015fan\u0131rken, 2 ki\u015finin g\u00f6zalt\u0131na al\u0131nd\u0131\u011f\u0131 olay cep telefonu kameras\u0131na yans\u0131d\u0131.<\/p>\n","protected":false},"author":1,"featured_media":164492,"comment_status":"open","ping_status":"open","sticky":false,"template":"","format":"standard","meta":{"footnotes":""},"categories":[3],"tags":[5843,1594,1161],"class_list":["post-164491","post","type-post","status-publish","format-standard","has-post-thumbnail","hentry","category-guncel","tag-bozbey","tag-bunlar","tag-bursa"],"_links":{"self":[{"href":"https:\/\/kamucalisani.net\/index.php\/wp-json\/wp\/v2\/posts\/164491","targetHints":{"allow":["GET"]}}],"collection":[{"href":"https:\/\/kamucalisani.net\/index.php\/wp-json\/wp\/v2\/posts"}],"about":[{"href":"https:\/\/kamucalisani.net\/index.php\/wp-json\/wp\/v2\/types\/post"}],"author":[{"embeddable":true,"href":"https:\/\/kamucalisani.net\/index.php\/wp-json\/wp\/v2\/users\/1"}],"replies":[{"embeddable":true,"href":"https:\/\/kamucalisani.net\/index.php\/wp-json\/wp\/v2\/comments?post=164491"}],"version-history":[{"count":1,"href":"https:\/\/kamucalisani.net\/index.php\/wp-json\/wp\/v2\/posts\/164491\/revisions"}],"predecessor-version":[{"id":164495,"href":"https:\/\/kamucalisani.net\/index.php\/wp-json\/wp\/v2\/posts\/164491\/revisions\/164495"}],"wp:featuredmedia":[{"embeddable":true,"href":"https:\/\/kamucalisani.net\/index.php\/wp-json\/wp\/v2\/media\/164492"}],"wp:attachment":[{"href":"https:\/\/kamucalisani.net\/index.php\/wp-json\/wp\/v2\/media?parent=164491"}],"wp:term":[{"taxonomy":"category","embeddable":true,"href":"https:\/\/kamucalisani.net\/index.php\/wp-json\/wp\/v2\/categories?post=164491"},{"taxonomy":"post_tag","embeddable":true,"href":"https:\/\/kamucalisani.net\/index.php\/wp-json\/wp\/v2\/tags?post=164491"}],"curies":[{"name":"wp","href":"https:\/\/api.w.org\/{rel}","templated":true}]}}